{"id":9970,"date":"2023-11-21T10:15:10","date_gmt":"2023-11-21T09:15:10","guid":{"rendered":"https:\/\/agora.xtec.cat\/escolapauvila\/?p=9970"},"modified":"2023-11-21T10:15:10","modified_gmt":"2023-11-21T09:15:10","slug":"racons-a-segon","status":"publish","type":"post","link":"https:\/\/agora.xtec.cat\/escolapauvila\/general\/racons-a-segon\/","title":{"rendered":"RACONS A SEGON"},"content":{"rendered":"<p>Fa uns dies que hem comen\u00e7at la ronda de <strong>racons<\/strong>. Estem fent-ne 6:<\/p>\n<p>&#8211; RAC\u00d3 <strong>MATEM\u00c0TIC<\/strong>: Amb unes targetes, hem de decidir si restem o sumem segons la consigna. Estem practicant la suma i la resta sense transformaci\u00f3 i tamb\u00e9 la suma amb transformaci\u00f3, que fa uns dies vam aprendre a fer.<br \/>\n<a href=\"https:\/\/agora.xtec.cat\/escolapauvila\/wp-content\/uploads\/usu1565\/2023\/11\/IMG_6318-rotated.jpg\"><img loading=\"lazy\" decoding=\"async\" class=\"alignnone size-full wp-image-9971\" src=\"https:\/\/agora.xtec.cat\/escolapauvila\/wp-content\/uploads\/usu1565\/2023\/11\/IMG_6318-rotated.jpg\" alt=\"\" width=\"480\" height=\"640\" srcset=\"https:\/\/agora.xtec.cat\/escolapauvila\/wp-content\/uploads\/usu1565\/2023\/11\/IMG_6318-rotated.jpg 480w, https:\/\/agora.xtec.cat\/escolapauvila\/wp-content\/uploads\/usu1565\/2023\/11\/IMG_6318-225x300.jpg 225w\" sizes=\"auto, (max-width: 480px) 100vw, 480px\" \/><\/a><\/p>\n<p>&#8211; RAC\u00d3 <strong>ART\u00cdSTIC DE TARDOR<\/strong>: Fem un dibuix al natural d&#8217;elements de la tardor. Primer ens posem d&#8217;acord en com volem organitzar els elements naturals, fem el dibuix en llapis, el repassem amb retolador i el pintem amb aquarel\u00b7les. Intentem fer tots els detalls possibles i aconseguir el color de cada element.<\/p>\n<p><a href=\"https:\/\/agora.xtec.cat\/escolapauvila\/wp-content\/uploads\/usu1565\/2023\/11\/IMG_6690-rotated.jpg\"><img loading=\"lazy\" decoding=\"async\" class=\"alignnone size-full wp-image-9976\" src=\"https:\/\/agora.xtec.cat\/escolapauvila\/wp-content\/uploads\/usu1565\/2023\/11\/IMG_6690-rotated.jpg\" alt=\"\" width=\"480\" height=\"640\" srcset=\"https:\/\/agora.xtec.cat\/escolapauvila\/wp-content\/uploads\/usu1565\/2023\/11\/IMG_6690-rotated.jpg 480w, https:\/\/agora.xtec.cat\/escolapauvila\/wp-content\/uploads\/usu1565\/2023\/11\/IMG_6690-225x300.jpg 225w\" sizes=\"auto, (max-width: 480px) 100vw, 480px\" \/><\/a><br \/>\n&#8211; RAC\u00d3 <strong>ART\u00cdSTIC<\/strong> I D&#8217;<strong>ORIENTACI\u00d3 A L&#8217;ESPAI<\/strong>: Amb els policubs reprodu\u00efm i creem models propis de mosaics de 5&#215;5. En el pas al paper, triem si el volem reproduir de forma sim\u00e8trica o ho fem amb efecte mirall.<br \/>\n<a href=\"https:\/\/agora.xtec.cat\/escolapauvila\/wp-content\/uploads\/usu1565\/2023\/11\/IMG_6317-rotated.jpg\"><img loading=\"lazy\" decoding=\"async\" class=\"alignnone size-full wp-image-9972\" src=\"https:\/\/agora.xtec.cat\/escolapauvila\/wp-content\/uploads\/usu1565\/2023\/11\/IMG_6317-rotated.jpg\" alt=\"\" width=\"480\" height=\"640\" srcset=\"https:\/\/agora.xtec.cat\/escolapauvila\/wp-content\/uploads\/usu1565\/2023\/11\/IMG_6317-rotated.jpg 480w, https:\/\/agora.xtec.cat\/escolapauvila\/wp-content\/uploads\/usu1565\/2023\/11\/IMG_6317-225x300.jpg 225w\" sizes=\"auto, (max-width: 480px) 100vw, 480px\" \/><\/a><\/p>\n<p>&#8211; RAC\u00d3 <strong>LING\u00dc\u00cdSTIC<\/strong>:\u00a0 Amb els segells de lletra d&#8217;impremta, estampem paraules. Despr\u00e9s, escrivim frases amb aquestes paraules. Tenim molta cura d&#8217;escriure la maj\u00fascula al principi i el punt al final. En aquests dos aspectes podeu insistir a casa quan escriuen espont\u00e0niament o fan l&#8217;activitat setmanal.<br \/>\n<a href=\"https:\/\/agora.xtec.cat\/escolapauvila\/wp-content\/uploads\/usu1565\/2023\/11\/IMG_6316-rotated.jpg\"><img loading=\"lazy\" decoding=\"async\" class=\"alignnone size-full wp-image-9973\" src=\"https:\/\/agora.xtec.cat\/escolapauvila\/wp-content\/uploads\/usu1565\/2023\/11\/IMG_6316-rotated.jpg\" alt=\"\" width=\"480\" height=\"640\" srcset=\"https:\/\/agora.xtec.cat\/escolapauvila\/wp-content\/uploads\/usu1565\/2023\/11\/IMG_6316-rotated.jpg 480w, https:\/\/agora.xtec.cat\/escolapauvila\/wp-content\/uploads\/usu1565\/2023\/11\/IMG_6316-225x300.jpg 225w\" sizes=\"auto, (max-width: 480px) 100vw, 480px\" \/><\/a><\/p>\n<p>&#8211;\u00a0 RAC\u00d3 DE <strong>JOC<\/strong> <strong>MATEM\u00c0TIC<\/strong>: Juguem a l&#8217;uno! Treballem la suma, l&#8217;associaci\u00f3 de colors, la mem\u00f2ria, l&#8217;atenci\u00f3, la concentraci\u00f3&#8230; Aprenem la import\u00e0ncia de respectar les normes dels jocs, posar-nos d&#8217;acord, respectar els altres&#8230;<br \/>\n<a href=\"https:\/\/agora.xtec.cat\/escolapauvila\/wp-content\/uploads\/usu1565\/2023\/11\/IMG_6319-rotated.jpg\"><img loading=\"lazy\" decoding=\"async\" class=\"alignnone size-full wp-image-9975\" src=\"https:\/\/agora.xtec.cat\/escolapauvila\/wp-content\/uploads\/usu1565\/2023\/11\/IMG_6319-rotated.jpg\" alt=\"\" width=\"480\" height=\"640\" srcset=\"https:\/\/agora.xtec.cat\/escolapauvila\/wp-content\/uploads\/usu1565\/2023\/11\/IMG_6319-rotated.jpg 480w, https:\/\/agora.xtec.cat\/escolapauvila\/wp-content\/uploads\/usu1565\/2023\/11\/IMG_6319-225x300.jpg 225w\" sizes=\"auto, (max-width: 480px) 100vw, 480px\" \/><\/a><\/p>\n<p>&#8211; RAC\u00d3 <b>DE COMPET\u00c8NCIA DIGITAL<\/b>: A partir d&#8217;unes instruccions, encenem l&#8217;ordinador, obrim el programa i&#8230;escrivim! Aprenem a posar un t\u00edtol, subratllar-lo, centrar-lo&#8230; A la vegada, treballem l&#8217;escriptura dels noms propis i les relacions dins de la nostra fam\u00edlia (tiets, \u00e0vies, germans&#8230;).<\/p>\n<p><a href=\"https:\/\/agora.xtec.cat\/escolapauvila\/wp-content\/uploads\/usu1565\/2023\/11\/IMG_6314-rotated.jpg\"><img loading=\"lazy\" decoding=\"async\" class=\"alignnone size-full wp-image-9974\" src=\"https:\/\/agora.xtec.cat\/escolapauvila\/wp-content\/uploads\/usu1565\/2023\/11\/IMG_6314-rotated.jpg\" alt=\"\" width=\"480\" height=\"640\" srcset=\"https:\/\/agora.xtec.cat\/escolapauvila\/wp-content\/uploads\/usu1565\/2023\/11\/IMG_6314-rotated.jpg 480w, https:\/\/agora.xtec.cat\/escolapauvila\/wp-content\/uploads\/usu1565\/2023\/11\/IMG_6314-225x300.jpg 225w\" sizes=\"auto, (max-width: 480px) 100vw, 480px\" \/><\/a><\/p>\n<p>&nbsp;<\/p>\n","protected":false},"excerpt":{"rendered":"<p>Fa uns dies que hem comen\u00e7at la ronda de racons. Estem fent-ne 6:<br \/>\n&#8211; RAC\u00d3 MATEM\u00c0TIC: Amb unes targetes, hem de decidir si restem o sumem segons la consigna. Estem practicant la suma i la resta sense transformaci\u00f3 i tamb\u00e9 la suma amb transformaci\u00f3, que fa&hellip;  <a href=\"https:\/\/agora.xtec.cat\/escolapauvila\/general\/racons-a-segon\/\" title=\"Read RACONS A SEGON\">Llegeix m\u00e9s\u00bb<\/a><\/p>\n","protected":false},"author":19,"featured_media":0,"comment_status":"open","ping_status":"closed","sticky":false,"template":"","format":"standard","meta":{"_bbp_topic_count":0,"_bbp_reply_count":0,"_bbp_total_topic_count":0,"_bbp_total_reply_count":0,"_bbp_voice_count":0,"_bbp_anonymous_reply_count":0,"_bbp_topic_count_hidden":0,"_bbp_reply_count_hidden":0,"_bbp_forum_subforum_count":0,"footnotes":""},"categories":[1],"tags":[],"class_list":["post-9970","post","type-post","status-publish","format-standard","hentry","category-general"],"post_mailing_queue_ids":[],"_links":{"self":[{"href":"https:\/\/agora.xtec.cat\/escolapauvila\/wp-json\/wp\/v2\/posts\/9970","targetHints":{"allow":["GET"]}}],"collection":[{"href":"https:\/\/agora.xtec.cat\/escolapauvila\/wp-json\/wp\/v2\/posts"}],"about":[{"href":"https:\/\/agora.xtec.cat\/escolapauvila\/wp-json\/wp\/v2\/types\/post"}],"author":[{"embeddable":true,"href":"https:\/\/agora.xtec.cat\/escolapauvila\/wp-json\/wp\/v2\/users\/19"}],"replies":[{"embeddable":true,"href":"https:\/\/agora.xtec.cat\/escolapauvila\/wp-json\/wp\/v2\/comments?post=9970"}],"version-history":[{"count":1,"href":"https:\/\/agora.xtec.cat\/escolapauvila\/wp-json\/wp\/v2\/posts\/9970\/revisions"}],"predecessor-version":[{"id":9977,"href":"https:\/\/agora.xtec.cat\/escolapauvila\/wp-json\/wp\/v2\/posts\/9970\/revisions\/9977"}],"wp:attachment":[{"href":"https:\/\/agora.xtec.cat\/escolapauvila\/wp-json\/wp\/v2\/media?parent=9970"}],"wp:term":[{"taxonomy":"category","embeddable":true,"href":"https:\/\/agora.xtec.cat\/escolapauvila\/wp-json\/wp\/v2\/categories?post=9970"},{"taxonomy":"post_tag","embeddable":true,"href":"https:\/\/agora.xtec.cat\/escolapauvila\/wp-json\/wp\/v2\/tags?post=9970"}],"curies":[{"name":"wp","href":"https:\/\/api.w.org\/{rel}","templated":true}]}}