{"id":9945,"date":"2023-11-12T21:00:46","date_gmt":"2023-11-12T20:00:46","guid":{"rendered":"https:\/\/agora.xtec.cat\/escolapauvila\/?p=9945"},"modified":"2023-11-12T21:05:38","modified_gmt":"2023-11-12T20:05:38","slug":"reporters-5e-a-1","status":"publish","type":"post","link":"https:\/\/agora.xtec.cat\/escolapauvila\/grans\/5e\/reporters-5e-a-1\/","title":{"rendered":"Reporters 5\u00e8 A (1)"},"content":{"rendered":"<p><span style=\"font-weight: 400;\">Hola, soc el reporter <\/span><b>Aleix L\u00f3pez<\/b><span style=\"font-weight: 400;\"> i avui us explicar\u00e9 la not\u00edcia que va passar al mes d&#8217;octubre. Els nens i nenes del curs de 5\u00e8 van fer 2 sessions del <\/span><b>taller de l&#8217;assetjament<\/b><span style=\"font-weight: 400;\">.<\/span><\/p>\n<p><span style=\"font-weight: 400;\">Van fer una cosa que \u00e9s refor\u00e7 negatiu, refor\u00e7 positiu i refor\u00e7 ignorant. El refor\u00e7 negatiu era que hem de dir-li JUGUES MAALAAAAAAAAAAAAAAMENT, RENDEIX-TE!!!!!!!!!!!! El refor\u00e7 ignorant era que tots ens posem en silenci i el refor\u00e7 positiu \u00e9s que t\u2019animen molt.<\/span><\/p>\n<p><span style=\"font-weight: 400;\">Tamb\u00e9 vam posar 4 papers que posaven m&#8217;ha fet sentir b\u00e9, he fet sentir b\u00e9, m&#8217;ha fet sentir malament i he fet sentir malament i per \u00faltim vam fer una sopa per tots dient coses que volem millorar.<\/span><\/p>\n<p><img loading=\"lazy\" decoding=\"async\" class=\"wp-image-9946 size-medium alignnone\" src=\"https:\/\/agora.xtec.cat\/escolapauvila\/wp-content\/uploads\/usu1565\/2023\/11\/1-300x225.jpg\" alt=\"\" width=\"300\" height=\"225\" srcset=\"https:\/\/agora.xtec.cat\/escolapauvila\/wp-content\/uploads\/usu1565\/2023\/11\/1-300x225.jpg 300w, https:\/\/agora.xtec.cat\/escolapauvila\/wp-content\/uploads\/usu1565\/2023\/11\/1-1024x768.jpg 1024w, https:\/\/agora.xtec.cat\/escolapauvila\/wp-content\/uploads\/usu1565\/2023\/11\/1-768x576.jpg 768w, https:\/\/agora.xtec.cat\/escolapauvila\/wp-content\/uploads\/usu1565\/2023\/11\/1-200x150.jpg 200w, https:\/\/agora.xtec.cat\/escolapauvila\/wp-content\/uploads\/usu1565\/2023\/11\/1.jpg 1142w\" sizes=\"auto, (max-width: 300px) 100vw, 300px\" \/><\/p>\n<p><span style=\"font-weight: 400;\">\u2014&#8212;&#8212;&#8212;&#8212;&#8212;&#8212;<\/span><\/p>\n<p><span style=\"font-weight: 400;\">Hola, soc el reporter <\/span><b>Enzo <\/b><span style=\"font-weight: 400;\">i us dir\u00e9 la not\u00edcia de la cuina.<\/span><\/p>\n<p><span style=\"font-weight: 400;\">El dia 25 d\u2019octubre vam cuinar D\u00f2nuts i Croissants per al seg\u00fcent dia anar a l\u2019ermita del Puig. Nosaltres vam fer D\u00f2nuts i els vam decorar amb glacejat i fideus de colors, i quan vam acabar de dinar ens ho vam menjar. I fins aqu\u00ed la meva not\u00edcia. Aqu\u00ed us deixo unes fotos.<\/span><\/p>\n<p><img loading=\"lazy\" decoding=\"async\" class=\"alignnone wp-image-9947 size-thumbnail\" src=\"https:\/\/agora.xtec.cat\/escolapauvila\/wp-content\/uploads\/usu1565\/2023\/11\/2-150x150.jpg\" alt=\"\" width=\"150\" height=\"150\" \/> <img loading=\"lazy\" decoding=\"async\" class=\"alignnone wp-image-9948 size-thumbnail\" src=\"https:\/\/agora.xtec.cat\/escolapauvila\/wp-content\/uploads\/usu1565\/2023\/11\/3-150x150.jpg\" alt=\"\" width=\"150\" height=\"150\" \/><\/p>\n<p><span style=\"font-weight: 400;\">\u2014&#8212;&#8212;&#8212;&#8212;&#8212;&#8212;<\/span><\/p>\n<p><span style=\"font-weight: 400;\">Ahir, sis de novembre, vam decidir fer la porta. Encara esperem les votacions.<\/span><\/p>\n<p><span style=\"font-weight: 400;\">La porta s\u2019ha de decorar amb el nom de la classe, <\/span><b>5\u00e8 i la sang<\/b><span style=\"font-weight: 400;\">.<\/span><\/p>\n<p><span style=\"font-weight: 400;\">La classe de 5\u00e8 i la sang planeja fer una campanya de donaci\u00f3 de sang, aix\u00ed que veniu si voleu ajudar a persones.<\/span><\/p>\n<p><span style=\"font-weight: 400;\">Us informa en <\/span><b>Jero<\/b><span style=\"font-weight: 400;\">.<\/span><\/p>\n<p><img loading=\"lazy\" decoding=\"async\" class=\"alignnone wp-image-9949 size-thumbnail\" src=\"https:\/\/agora.xtec.cat\/escolapauvila\/wp-content\/uploads\/usu1565\/2023\/11\/4-150x150.jpg\" alt=\"\" width=\"150\" height=\"150\" \/><\/p>\n","protected":false},"excerpt":{"rendered":"<p>Hola, soc el reporter Aleix L\u00f3pez i avui us explicar\u00e9 la not\u00edcia que va passar al mes d&#8217;octubre. Els nens i nenes del curs de 5\u00e8 van fer 2 sessions del taller de l&#8217;assetjament.<br \/>\nVan fer una cosa que \u00e9s refor\u00e7 negatiu, refor\u00e7 positiu i refor\u00e7&hellip;  <a href=\"https:\/\/agora.xtec.cat\/escolapauvila\/grans\/5e\/reporters-5e-a-1\/\" title=\"Read Reporters 5\u00e8 A (1)\">Llegeix m\u00e9s\u00bb<\/a><\/p>\n","protected":false},"author":1,"featured_media":9947,"comment_status":"open","ping_status":"closed","sticky":false,"template":"","format":"standard","meta":{"_bbp_topic_count":0,"_bbp_reply_count":0,"_bbp_total_topic_count":0,"_bbp_total_reply_count":0,"_bbp_voice_count":0,"_bbp_anonymous_reply_count":0,"_bbp_topic_count_hidden":0,"_bbp_reply_count_hidden":0,"_bbp_forum_subforum_count":0,"footnotes":""},"categories":[14],"tags":[339,273],"class_list":["post-9945","post","type-post","status-publish","format-standard","has-post-thumbnail","hentry","category-5e","tag-5e23-24","tag-nascuts-2013"],"post_mailing_queue_ids":[],"_links":{"self":[{"href":"https:\/\/agora.xtec.cat\/escolapauvila\/wp-json\/wp\/v2\/posts\/9945","targetHints":{"allow":["GET"]}}],"collection":[{"href":"https:\/\/agora.xtec.cat\/escolapauvila\/wp-json\/wp\/v2\/posts"}],"about":[{"href":"https:\/\/agora.xtec.cat\/escolapauvila\/wp-json\/wp\/v2\/types\/post"}],"author":[{"embeddable":true,"href":"https:\/\/agora.xtec.cat\/escolapauvila\/wp-json\/wp\/v2\/users\/1"}],"replies":[{"embeddable":true,"href":"https:\/\/agora.xtec.cat\/escolapauvila\/wp-json\/wp\/v2\/comments?post=9945"}],"version-history":[{"count":2,"href":"https:\/\/agora.xtec.cat\/escolapauvila\/wp-json\/wp\/v2\/posts\/9945\/revisions"}],"predecessor-version":[{"id":9951,"href":"https:\/\/agora.xtec.cat\/escolapauvila\/wp-json\/wp\/v2\/posts\/9945\/revisions\/9951"}],"wp:featuredmedia":[{"embeddable":true,"href":"https:\/\/agora.xtec.cat\/escolapauvila\/wp-json\/wp\/v2\/media\/9947"}],"wp:attachment":[{"href":"https:\/\/agora.xtec.cat\/escolapauvila\/wp-json\/wp\/v2\/media?parent=9945"}],"wp:term":[{"taxonomy":"category","embeddable":true,"href":"https:\/\/agora.xtec.cat\/escolapauvila\/wp-json\/wp\/v2\/categories?post=9945"},{"taxonomy":"post_tag","embeddable":true,"href":"https:\/\/agora.xtec.cat\/escolapauvila\/wp-json\/wp\/v2\/tags?post=9945"}],"curies":[{"name":"wp","href":"https:\/\/api.w.org\/{rel}","templated":true}]}}