{"id":9938,"date":"2023-11-12T17:44:18","date_gmt":"2023-11-12T16:44:18","guid":{"rendered":"https:\/\/agora.xtec.cat\/escolapauvila\/?p=9938"},"modified":"2023-11-12T20:50:53","modified_gmt":"2023-11-12T19:50:53","slug":"benvinguts-i-benvingudes-a-la-comunitat-dels-grans","status":"publish","type":"post","link":"https:\/\/agora.xtec.cat\/escolapauvila\/general\/benvinguts-i-benvingudes-a-la-comunitat-dels-grans\/","title":{"rendered":"BENVINGUTS I BENVINGUDES A LA COMUNITAT DELS GRANS"},"content":{"rendered":"<p>El passat divendres dia 10 de novembre ens vam trobar tot l&#8217;alumnat de la Comunitat dels Grans al gimn\u00e0s de l&#8217;escola amb motiu de donar la Benvinguda als companys i companyes de 4t.<\/p>\n<p>En aquest acte, es van dur a terme diferents accions:<\/p>\n<p>Per comen\u00e7ar, vam fer pujar l&#8217;alumnat de 4t a l&#8217;escenari mentre 5\u00e8 i 6\u00e8 els aplaudien. Seguidament es va fer la lectura d&#8217;uns textos de Benvinguda per part dels infants de 6\u00e8 i per acabar es van reunir en petits grups i es va fer entrega d&#8217;uns clauers que havien estat preparant els companys i companyes de 5\u00e8 aix\u00ed com un p\u00f2ster en que es podia llegir:<\/p>\n<p><strong>BENVINGUTS I BENVINGUDES A LA COMUNITAT DELS GRANS<\/strong><\/p>\n<p>Tot seguit vam anar cap al pati on vam poder gaudir d&#8217;una estona de joc lliure tots i totes plegats i plegades.<\/p>\n<p>Podeu anar als vostres <em>classrooms<\/em> per veure m\u00e9s imatges d&#8217;aquell dia.<\/p>\n<p><a href=\"https:\/\/agora.xtec.cat\/escolapauvila\/wp-content\/uploads\/usu1565\/2023\/11\/Sense-titol-2.jpg\"><img loading=\"lazy\" decoding=\"async\" class=\"aligncenter size-full wp-image-9940\" src=\"https:\/\/agora.xtec.cat\/escolapauvila\/wp-content\/uploads\/usu1565\/2023\/11\/Sense-titol-2.jpg\" alt=\"\" width=\"933\" height=\"697\" srcset=\"https:\/\/agora.xtec.cat\/escolapauvila\/wp-content\/uploads\/usu1565\/2023\/11\/Sense-titol-2.jpg 933w, https:\/\/agora.xtec.cat\/escolapauvila\/wp-content\/uploads\/usu1565\/2023\/11\/Sense-titol-2-300x224.jpg 300w, https:\/\/agora.xtec.cat\/escolapauvila\/wp-content\/uploads\/usu1565\/2023\/11\/Sense-titol-2-768x574.jpg 768w, https:\/\/agora.xtec.cat\/escolapauvila\/wp-content\/uploads\/usu1565\/2023\/11\/Sense-titol-2-200x150.jpg 200w\" sizes=\"auto, (max-width: 933px) 100vw, 933px\" \/><\/a><\/p>\n","protected":false},"excerpt":{"rendered":"<p>El passat divendres dia 10 de novembre ens vam trobar tot l&#8217;alumnat de la Comunitat dels Grans al gimn\u00e0s de l&#8217;escola amb motiu de donar la Benvinguda als companys i companyes de 4t.<br \/>\nEn aquest acte, es van dur a terme diferents accions:<br \/>\nPer comen\u00e7ar, vam fer&hellip;  <a href=\"https:\/\/agora.xtec.cat\/escolapauvila\/general\/benvinguts-i-benvingudes-a-la-comunitat-dels-grans\/\" title=\"Read BENVINGUTS I BENVINGUDES A LA COMUNITAT DELS GRANS\">Llegeix m\u00e9s\u00bb<\/a><\/p>\n","protected":false},"author":32,"featured_media":9940,"comment_status":"open","ping_status":"closed","sticky":false,"template":"","format":"standard","meta":{"_bbp_topic_count":0,"_bbp_reply_count":0,"_bbp_total_topic_count":0,"_bbp_total_reply_count":0,"_bbp_voice_count":0,"_bbp_anonymous_reply_count":0,"_bbp_topic_count_hidden":0,"_bbp_reply_count_hidden":0,"_bbp_forum_subforum_count":0,"footnotes":""},"categories":[13,14,15,61,1,4],"tags":[335,339,340,216],"class_list":["post-9938","post","type-post","status-publish","format-standard","has-post-thumbnail","hentry","category-4t","category-5e","category-6e","category-grans","category-general","category-portada","tag-4t2023-2024","tag-5e23-24","tag-6e23-24","tag-comunitat-grans"],"post_mailing_queue_ids":[],"_links":{"self":[{"href":"https:\/\/agora.xtec.cat\/escolapauvila\/wp-json\/wp\/v2\/posts\/9938","targetHints":{"allow":["GET"]}}],"collection":[{"href":"https:\/\/agora.xtec.cat\/escolapauvila\/wp-json\/wp\/v2\/posts"}],"about":[{"href":"https:\/\/agora.xtec.cat\/escolapauvila\/wp-json\/wp\/v2\/types\/post"}],"author":[{"embeddable":true,"href":"https:\/\/agora.xtec.cat\/escolapauvila\/wp-json\/wp\/v2\/users\/32"}],"replies":[{"embeddable":true,"href":"https:\/\/agora.xtec.cat\/escolapauvila\/wp-json\/wp\/v2\/comments?post=9938"}],"version-history":[{"count":1,"href":"https:\/\/agora.xtec.cat\/escolapauvila\/wp-json\/wp\/v2\/posts\/9938\/revisions"}],"predecessor-version":[{"id":9941,"href":"https:\/\/agora.xtec.cat\/escolapauvila\/wp-json\/wp\/v2\/posts\/9938\/revisions\/9941"}],"wp:featuredmedia":[{"embeddable":true,"href":"https:\/\/agora.xtec.cat\/escolapauvila\/wp-json\/wp\/v2\/media\/9940"}],"wp:attachment":[{"href":"https:\/\/agora.xtec.cat\/escolapauvila\/wp-json\/wp\/v2\/media?parent=9938"}],"wp:term":[{"taxonomy":"category","embeddable":true,"href":"https:\/\/agora.xtec.cat\/escolapauvila\/wp-json\/wp\/v2\/categories?post=9938"},{"taxonomy":"post_tag","embeddable":true,"href":"https:\/\/agora.xtec.cat\/escolapauvila\/wp-json\/wp\/v2\/tags?post=9938"}],"curies":[{"name":"wp","href":"https:\/\/api.w.org\/{rel}","templated":true}]}}