{"id":9930,"date":"2023-11-20T13:13:27","date_gmt":"2023-11-20T12:13:27","guid":{"rendered":"https:\/\/agora.xtec.cat\/escolapauvila\/?p=9930"},"modified":"2023-11-20T13:13:27","modified_gmt":"2023-11-20T12:13:27","slug":"temps-de-tardor-2","status":"publish","type":"post","link":"https:\/\/agora.xtec.cat\/escolapauvila\/general\/temps-de-tardor-2\/","title":{"rendered":"TEMPS DE TARDOR"},"content":{"rendered":"<p>QUANTS APRENENTATGES I DESCOBRIMENTS ESTEM FENT AMB L&#8217;ARRIBADA DE LA <strong><span style=\"font-size: 20px;\"><span style=\"color: #ff0000;\">T<\/span>ARDOR<\/span>! <\/strong><\/p>\n<p>LA CLASSE DELS <strong><span style=\"font-size: 20px;\"><span style=\"color: #ff0000;\">P<\/span>ETONS<\/span><\/strong> I LA DE LES <strong><span style=\"font-size: 20px;\"><span style=\"color: #ff0000;\">A<\/span>BRA\u00c7ADES<\/span><\/strong> HEM EXPERIMENTAT AMB ELS COLORS DE LA TARDOR, PINTANT AMB LES NOSTRES MANS I CONFEGINT UNES BANDEROLES DE TARDOR PER DECORAR EL NOSTRE PASSAD\u00cdS.<\/p>\n<p>ESTEM TREBALLANT CONCEPTES MATEM\u00c0TICS AMB ELEMENTS, FRUITS I FRUITES DE LA TARDOR. PER LA CASTANYADA VAM FER SERIACIONS AMB BROQUETES DE FRUITA I ENS VAM INICIAR EN LES GRAFIES DE N\u00daMEROS I PETITES QUANTITATS COMPTANT CASTANYES. AL RAC\u00d3 D&#8217;EXPERIMENTACI\u00d3 ESTEM JUGANT AMB FARINA DE MANDARINA QUE HEM POGUT FER GR\u00c0CIES A LES PELES QUE HAN ANAT PORTANT ELLS MATEIXOS\/ES.<\/p>\n<p>TAMB\u00c9 HEM POGUT OBSERVAR ELS ELEMENTS I CLASSIFICAR-LOS SEGONS LES SEVES CARACTER\u00cdSTIQUES.<\/p>\n<p><a href=\"https:\/\/agora.xtec.cat\/escolapauvila\/wp-content\/uploads\/usu1565\/2023\/11\/IMG_20231030_0947481-scaled.jpg\"><img loading=\"lazy\" decoding=\"async\" class=\"alignnone size-large wp-image-9933\" src=\"https:\/\/agora.xtec.cat\/escolapauvila\/wp-content\/uploads\/usu1565\/2023\/11\/IMG_20231030_0947481-1024x768.jpg\" alt=\"\" width=\"1024\" height=\"768\" srcset=\"https:\/\/agora.xtec.cat\/escolapauvila\/wp-content\/uploads\/usu1565\/2023\/11\/IMG_20231030_0947481-1024x768.jpg 1024w, https:\/\/agora.xtec.cat\/escolapauvila\/wp-content\/uploads\/usu1565\/2023\/11\/IMG_20231030_0947481-300x225.jpg 300w, https:\/\/agora.xtec.cat\/escolapauvila\/wp-content\/uploads\/usu1565\/2023\/11\/IMG_20231030_0947481-768x576.jpg 768w, https:\/\/agora.xtec.cat\/escolapauvila\/wp-content\/uploads\/usu1565\/2023\/11\/IMG_20231030_0947481-1536x1152.jpg 1536w, https:\/\/agora.xtec.cat\/escolapauvila\/wp-content\/uploads\/usu1565\/2023\/11\/IMG_20231030_0947481-2048x1536.jpg 2048w, https:\/\/agora.xtec.cat\/escolapauvila\/wp-content\/uploads\/usu1565\/2023\/11\/IMG_20231030_0947481-200x150.jpg 200w\" sizes=\"auto, (max-width: 1024px) 100vw, 1024px\" \/><\/a><\/p>\n<p>ESTEM APRENENT VOCABULARI EN CATAL\u00c0 COM MAGRANA, BONIATO, CARBASSA, AGL\u00c0,&#8230;<\/p>\n<p>ESTEM ADQUIRINT FOR\u00c7A A LES NOSTRES MANS I ALS NOSTRES DITS REALITZANT ACTIVITATS DE MOTRICITAT FINA, COM PINTAR AMB PINZELLS I ESP\u00c8CIES NATURALS, FER XURROS PER CREAR CARGOLS AMB PLASTILINA, PELAR FRUITES DE TARDOR O ESQUIN\u00c7AR PASTA DE CANELONS PER PRODUIR LA CLOSCA D&#8217;UNS CARGOLS. HEM FET TRA\u00c7OS DE L\u00cdNIES VERTICALS AMB RODETS, HEM ENGANXAT GOMETS, HEM RESSEGUIT AMB PEDRETES LES CLOSQUES D&#8217;UNS CARGOLS I HEM JUGAT A AGAFAR ELEMENTS DE TARDOR AMB PINCES.<\/p>\n<p><a href=\"https:\/\/agora.xtec.cat\/escolapauvila\/wp-content\/uploads\/usu1565\/2023\/11\/IMG_02411-scaled.jpg\"><img loading=\"lazy\" decoding=\"async\" class=\"alignnone size-large wp-image-9931\" src=\"https:\/\/agora.xtec.cat\/escolapauvila\/wp-content\/uploads\/usu1565\/2023\/11\/IMG_02411-1024x768.jpg\" alt=\"\" width=\"1024\" height=\"768\" srcset=\"https:\/\/agora.xtec.cat\/escolapauvila\/wp-content\/uploads\/usu1565\/2023\/11\/IMG_02411-1024x768.jpg 1024w, https:\/\/agora.xtec.cat\/escolapauvila\/wp-content\/uploads\/usu1565\/2023\/11\/IMG_02411-300x225.jpg 300w, https:\/\/agora.xtec.cat\/escolapauvila\/wp-content\/uploads\/usu1565\/2023\/11\/IMG_02411-768x576.jpg 768w, https:\/\/agora.xtec.cat\/escolapauvila\/wp-content\/uploads\/usu1565\/2023\/11\/IMG_02411-1536x1152.jpg 1536w, https:\/\/agora.xtec.cat\/escolapauvila\/wp-content\/uploads\/usu1565\/2023\/11\/IMG_02411-2048x1536.jpg 2048w, https:\/\/agora.xtec.cat\/escolapauvila\/wp-content\/uploads\/usu1565\/2023\/11\/IMG_02411-200x150.jpg 200w\" sizes=\"auto, (max-width: 1024px) 100vw, 1024px\" \/><\/a><\/p>\n<p>ARA MATEIX, ESTEM TAN INTERESSANTS EN EL M\u00d3N DELS CARGOLS QUE HEM INICIAT UN PETIT PROJECTE. HEM FET MOLTES DESCOBERTES GR\u00c0CIES A LES NOSTRES INVESTIGACIONS\u00a0 I LES DELS NOSTRES COMPANYS I COMPANYES D&#8217;I5.<\/p>\n<p><a href=\"https:\/\/agora.xtec.cat\/escolapauvila\/wp-content\/uploads\/usu1565\/2023\/11\/IMG_20231020_092906-scaled.jpg\"><img loading=\"lazy\" decoding=\"async\" class=\"alignnone size-large wp-image-9932\" src=\"https:\/\/agora.xtec.cat\/escolapauvila\/wp-content\/uploads\/usu1565\/2023\/11\/IMG_20231020_092906-1024x768.jpg\" alt=\"\" width=\"1024\" height=\"768\" srcset=\"https:\/\/agora.xtec.cat\/escolapauvila\/wp-content\/uploads\/usu1565\/2023\/11\/IMG_20231020_092906-1024x768.jpg 1024w, https:\/\/agora.xtec.cat\/escolapauvila\/wp-content\/uploads\/usu1565\/2023\/11\/IMG_20231020_092906-300x225.jpg 300w, https:\/\/agora.xtec.cat\/escolapauvila\/wp-content\/uploads\/usu1565\/2023\/11\/IMG_20231020_092906-768x576.jpg 768w, https:\/\/agora.xtec.cat\/escolapauvila\/wp-content\/uploads\/usu1565\/2023\/11\/IMG_20231020_092906-1536x1152.jpg 1536w, https:\/\/agora.xtec.cat\/escolapauvila\/wp-content\/uploads\/usu1565\/2023\/11\/IMG_20231020_092906-2048x1536.jpg 2048w, https:\/\/agora.xtec.cat\/escolapauvila\/wp-content\/uploads\/usu1565\/2023\/11\/IMG_20231020_092906-200x150.jpg 200w\" sizes=\"auto, (max-width: 1024px) 100vw, 1024px\" \/><\/a><\/p>\n<p>SEGUIM, FAM\u00cdLIES! ENCARA ENS QUEDA TARDOR PER ENDAVANT!<\/p>\n<p>&nbsp;<\/p>\n<p>&nbsp;<\/p>\n<p>&nbsp;<\/p>\n<p>&nbsp;<\/p>\n<p>&nbsp;<\/p>\n","protected":false},"excerpt":{"rendered":"<p>QUANTS APRENENTATGES I DESCOBRIMENTS ESTEM FENT AMB L&#8217;ARRIBADA DE LA TARDOR!<br \/>\nLA CLASSE DELS PETONS I LA DE LES ABRA\u00c7ADES HEM EXPERIMENTAT AMB ELS COLORS DE LA TARDOR, PINTANT AMB LES NOSTRES MANS I CONFEGINT UNES BANDEROLES DE TARDOR PER DECORAR EL NOSTRE PASSAD\u00cdS.<br \/>\nESTEM TREBALLANT&hellip;  <a href=\"https:\/\/agora.xtec.cat\/escolapauvila\/general\/temps-de-tardor-2\/\" title=\"Read TEMPS DE TARDOR\">Llegeix m\u00e9s\u00bb<\/a><\/p>\n","protected":false},"author":1,"featured_media":9934,"comment_status":"open","ping_status":"closed","sticky":false,"template":"","format":"standard","meta":{"_bbp_topic_count":0,"_bbp_reply_count":0,"_bbp_total_topic_count":0,"_bbp_total_reply_count":0,"_bbp_voice_count":0,"_bbp_anonymous_reply_count":0,"_bbp_topic_count_hidden":0,"_bbp_reply_count_hidden":0,"_bbp_forum_subforum_count":0,"footnotes":""},"categories":[2,3,1],"tags":[337,338,333],"class_list":["post-9930","post","type-post","status-publish","format-standard","has-post-thumbnail","hentry","category-petits","category-ei3","category-general","tag-i3a23-24","tag-i3b23-24","tag-nascuts2020"],"post_mailing_queue_ids":[],"_links":{"self":[{"href":"https:\/\/agora.xtec.cat\/escolapauvila\/wp-json\/wp\/v2\/posts\/9930","targetHints":{"allow":["GET"]}}],"collection":[{"href":"https:\/\/agora.xtec.cat\/escolapauvila\/wp-json\/wp\/v2\/posts"}],"about":[{"href":"https:\/\/agora.xtec.cat\/escolapauvila\/wp-json\/wp\/v2\/types\/post"}],"author":[{"embeddable":true,"href":"https:\/\/agora.xtec.cat\/escolapauvila\/wp-json\/wp\/v2\/users\/1"}],"replies":[{"embeddable":true,"href":"https:\/\/agora.xtec.cat\/escolapauvila\/wp-json\/wp\/v2\/comments?post=9930"}],"version-history":[{"count":6,"href":"https:\/\/agora.xtec.cat\/escolapauvila\/wp-json\/wp\/v2\/posts\/9930\/revisions"}],"predecessor-version":[{"id":9966,"href":"https:\/\/agora.xtec.cat\/escolapauvila\/wp-json\/wp\/v2\/posts\/9930\/revisions\/9966"}],"wp:featuredmedia":[{"embeddable":true,"href":"https:\/\/agora.xtec.cat\/escolapauvila\/wp-json\/wp\/v2\/media\/9934"}],"wp:attachment":[{"href":"https:\/\/agora.xtec.cat\/escolapauvila\/wp-json\/wp\/v2\/media?parent=9930"}],"wp:term":[{"taxonomy":"category","embeddable":true,"href":"https:\/\/agora.xtec.cat\/escolapauvila\/wp-json\/wp\/v2\/categories?post=9930"},{"taxonomy":"post_tag","embeddable":true,"href":"https:\/\/agora.xtec.cat\/escolapauvila\/wp-json\/wp\/v2\/tags?post=9930"}],"curies":[{"name":"wp","href":"https:\/\/api.w.org\/{rel}","templated":true}]}}