{"id":9752,"date":"2023-10-15T19:18:13","date_gmt":"2023-10-15T17:18:13","guid":{"rendered":"https:\/\/agora.xtec.cat\/escolapauvila\/?p=9752"},"modified":"2023-10-15T19:18:13","modified_gmt":"2023-10-15T17:18:13","slug":"ja-tenim-nom-de-classe","status":"publish","type":"post","link":"https:\/\/agora.xtec.cat\/escolapauvila\/general\/ja-tenim-nom-de-classe\/","title":{"rendered":"JA TENIM NOM DE CLASSE"},"content":{"rendered":"<p>COM JA SABEU AQUEST CURS L&#8217;EIX TRANSVERSAL DE L&#8217;ESCOLA \u00c9S <span style=\"font-size: 20px;\"><strong><span style=\"color: #ff0000;\">C<\/span>REIXEM <span style=\"color: #ff0000;\">C<\/span>UIDANT.<\/strong><\/span><\/p>\n<p>LA FINALITAT DEL TREBALL D&#8217;AQUEST CURS \u00c9S FER CONSCIENTS ALS INFANTS I A LA COMUNITAT EDUCATIVA DE LA XARXA EXISTENT PER CUIDAR EL NOSTRE ENTORN. A LA COMUNITAT DE PETITS I PETITES PARTIREM DE L&#8217;\u00c0MBIT M\u00c9S PROPER, COM \u00c9S LA NOSTRA AULA I L&#8217;ESCOLA.<\/p>\n<p>HEM INICIAT AQUEST TREBALL ESCOLLINT EL NOM DE LA NOSTRA CLASSE EN RELACI\u00d3 A L&#8217;EIX. PER COMEN\u00c7AR HEM FET UNA REFLEXI\u00d3 SOBRE <span style=\"font-size: 20px;\">QU\u00c8 \u00c9S CUIDAR.<\/span><\/p>\n<p>EN UN PRIMER MOMENT TENIM MOLT CLAR QUE NO \u00c9S CUIDAR.<\/p>\n<p>&#8220;NO PEGAR&#8221;<\/p>\n<p>&#8220;NO FER EMPENTES&#8221;<\/p>\n<p>UN COP JA TENIM CLAR QU\u00c8 NO \u00c9S CUIDAR HEM COMEN\u00c7AT A PENSAR QUE S\u00cd QUE \u00c9S CUIDAR REFLEXIONANT SOBRE QU\u00c8 FEM NOSALTRES PER CUIDAR ALS ALTRES I QUE FAN ELS ALTRES PER CUIDAR-NOS.<\/p>\n<p>&#8220;JO QUAN LA MAMA EST\u00c0 TRISTA LA FAIG RIURE&#8221;<\/p>\n<p>&#8220;JO QUAN ELS PAPES EST\u00c0N ENFADATS VAIG A DORMIR PER A QUE ES POSIN CONTENTS&#8221;<\/p>\n<p>&#8220;QUAN ESTIC TRISTA LA MAMA EM FA PETONS&#8221;<\/p>\n<p>I SI VEIEM A ALG\u00da TRIST?<\/p>\n<p>&#8220;PODEM CURAR AMB UNA TIRITA&#8221;<\/p>\n<p>&#8220;PODEM JUGAR AMB ELL&#8221;<\/p>\n<p>&#8220;EL PODEM AJUDAR&#8221;<\/p>\n<p>&#8220;PODEM FER-LI CAR\u00cdCIES&#8221;<\/p>\n<p>&#8220;LI PODEM FER PETONS&#8221;<\/p>\n<p>&#8220;DONAR ABRA\u00c7ADES&#8221;<\/p>\n<p>A PARTIR DE TOTES AQUESTES REFLEXIONS HEM PENSAT COM ES PODRIEN CONVERTIR EN NOMS DE CLASSE.<\/p>\n<p>HAN SORTIT MOLTES OPCIONS:<\/p>\n<p>ABRA\u00c7ADES, PETONS (AQUESTES DUES NO LES PODEM TRIAR JA QUE S\u00d3N ELS NOMS DE LES CLASSES D&#8217;I3), AMICS I AMIGUES, CURES, AJUDANTS, SOMRIURES, AMOR, ABRA\u00c7ADES, PETONS&#8230;<\/p>\n<p>FINALMENT CADASC\u00da HA VOTAT L&#8217;OPCI\u00d3 QUE M\u00c9S ELS AGRADA I ENS HEM QUEDAT AMB LA CLASSE DELS I LES <strong><span style=\"font-size: 20px;\"><span style=\"color: #ff0000;\">A<\/span>JUDANTS<\/span><\/strong> (I4A) I LA CLASSE DE LES <strong><span style=\"font-size: 20px;\"><span style=\"color: #ff0000;\">C<\/span>AR\u00cdCIES<\/span><\/strong> (I4B).<\/p>\n<p><a href=\"https:\/\/agora.xtec.cat\/escolapauvila\/wp-content\/uploads\/usu1565\/2023\/10\/IMG-2272.jpg\"><img loading=\"lazy\" decoding=\"async\" class=\"alignnone size-large wp-image-9761\" src=\"https:\/\/agora.xtec.cat\/escolapauvila\/wp-content\/uploads\/usu1565\/2023\/10\/IMG-2272-502x1024.jpg\" alt=\"\" width=\"502\" height=\"1024\" srcset=\"https:\/\/agora.xtec.cat\/escolapauvila\/wp-content\/uploads\/usu1565\/2023\/10\/IMG-2272-502x1024.jpg 502w, https:\/\/agora.xtec.cat\/escolapauvila\/wp-content\/uploads\/usu1565\/2023\/10\/IMG-2272-147x300.jpg 147w, https:\/\/agora.xtec.cat\/escolapauvila\/wp-content\/uploads\/usu1565\/2023\/10\/IMG-2272.jpg 603w\" sizes=\"auto, (max-width: 502px) 100vw, 502px\" \/><\/a><\/p>\n<p><a href=\"https:\/\/agora.xtec.cat\/escolapauvila\/wp-content\/uploads\/usu1565\/2023\/10\/bloc-1-scaled.jpg\"><img loading=\"lazy\" decoding=\"async\" class=\"alignnone size-large wp-image-9766\" src=\"https:\/\/agora.xtec.cat\/escolapauvila\/wp-content\/uploads\/usu1565\/2023\/10\/bloc-1-1024x863.jpg\" alt=\"\" width=\"1024\" height=\"863\" srcset=\"https:\/\/agora.xtec.cat\/escolapauvila\/wp-content\/uploads\/usu1565\/2023\/10\/bloc-1-1024x863.jpg 1024w, https:\/\/agora.xtec.cat\/escolapauvila\/wp-content\/uploads\/usu1565\/2023\/10\/bloc-1-300x253.jpg 300w, https:\/\/agora.xtec.cat\/escolapauvila\/wp-content\/uploads\/usu1565\/2023\/10\/bloc-1-768x647.jpg 768w, https:\/\/agora.xtec.cat\/escolapauvila\/wp-content\/uploads\/usu1565\/2023\/10\/bloc-1-1536x1294.jpg 1536w, https:\/\/agora.xtec.cat\/escolapauvila\/wp-content\/uploads\/usu1565\/2023\/10\/bloc-1-2048x1725.jpg 2048w\" sizes=\"auto, (max-width: 1024px) 100vw, 1024px\" \/><\/a><\/p>\n<p>&nbsp;<\/p>\n<p>&nbsp;<\/p>\n<p>&nbsp;<\/p>\n<p>&nbsp;<\/p>\n<p>&nbsp;<\/p>\n","protected":false},"excerpt":{"rendered":"<p>COM JA SABEU AQUEST CURS L&#8217;EIX TRANSVERSAL DE L&#8217;ESCOLA \u00c9S CREIXEM CUIDANT.<br \/>\nLA FINALITAT DEL TREBALL D&#8217;AQUEST CURS \u00c9S FER CONSCIENTS ALS INFANTS I A LA COMUNITAT EDUCATIVA DE LA XARXA EXISTENT PER CUIDAR EL NOSTRE ENTORN. A LA COMUNITAT DE PETITS I PETITES PARTIREM DE&hellip;  <a href=\"https:\/\/agora.xtec.cat\/escolapauvila\/general\/ja-tenim-nom-de-classe\/\" title=\"Read JA TENIM NOM DE CLASSE\">Llegeix m\u00e9s\u00bb<\/a><\/p>\n","protected":false},"author":13,"featured_media":9766,"comment_status":"open","ping_status":"closed","sticky":false,"template":"","format":"standard","meta":{"_bbp_topic_count":0,"_bbp_reply_count":0,"_bbp_total_topic_count":0,"_bbp_total_reply_count":0,"_bbp_voice_count":0,"_bbp_anonymous_reply_count":0,"_bbp_topic_count_hidden":0,"_bbp_reply_count_hidden":0,"_bbp_forum_subforum_count":0,"footnotes":""},"categories":[2,8,1],"tags":[318,319,278],"class_list":["post-9752","post","type-post","status-publish","format-standard","has-post-thumbnail","hentry","category-petits","category-ei4","category-general","tag-i4a-23-24","tag-i4b-23-24","tag-nascuts2019"],"post_mailing_queue_ids":[],"_links":{"self":[{"href":"https:\/\/agora.xtec.cat\/escolapauvila\/wp-json\/wp\/v2\/posts\/9752","targetHints":{"allow":["GET"]}}],"collection":[{"href":"https:\/\/agora.xtec.cat\/escolapauvila\/wp-json\/wp\/v2\/posts"}],"about":[{"href":"https:\/\/agora.xtec.cat\/escolapauvila\/wp-json\/wp\/v2\/types\/post"}],"author":[{"embeddable":true,"href":"https:\/\/agora.xtec.cat\/escolapauvila\/wp-json\/wp\/v2\/users\/13"}],"replies":[{"embeddable":true,"href":"https:\/\/agora.xtec.cat\/escolapauvila\/wp-json\/wp\/v2\/comments?post=9752"}],"version-history":[{"count":4,"href":"https:\/\/agora.xtec.cat\/escolapauvila\/wp-json\/wp\/v2\/posts\/9752\/revisions"}],"predecessor-version":[{"id":9767,"href":"https:\/\/agora.xtec.cat\/escolapauvila\/wp-json\/wp\/v2\/posts\/9752\/revisions\/9767"}],"wp:featuredmedia":[{"embeddable":true,"href":"https:\/\/agora.xtec.cat\/escolapauvila\/wp-json\/wp\/v2\/media\/9766"}],"wp:attachment":[{"href":"https:\/\/agora.xtec.cat\/escolapauvila\/wp-json\/wp\/v2\/media?parent=9752"}],"wp:term":[{"taxonomy":"category","embeddable":true,"href":"https:\/\/agora.xtec.cat\/escolapauvila\/wp-json\/wp\/v2\/categories?post=9752"},{"taxonomy":"post_tag","embeddable":true,"href":"https:\/\/agora.xtec.cat\/escolapauvila\/wp-json\/wp\/v2\/tags?post=9752"}],"curies":[{"name":"wp","href":"https:\/\/api.w.org\/{rel}","templated":true}]}}