{"id":9716,"date":"2023-06-12T10:59:09","date_gmt":"2023-06-12T08:59:09","guid":{"rendered":"https:\/\/agora.xtec.cat\/escolapauvila\/?p=9716"},"modified":"2023-06-12T10:59:09","modified_gmt":"2023-06-12T08:59:09","slug":"llista-dalumnes-assignats-al-nostre-centre","status":"publish","type":"post","link":"https:\/\/agora.xtec.cat\/escolapauvila\/portada\/llista-dalumnes-assignats-al-nostre-centre\/","title":{"rendered":"Llista d&#8217;alumnes assignats al nostre centre"},"content":{"rendered":"<p>Benvolguts,<\/p>\n<p>En el dia d&#8217;avui s&#8217;ha fet p\u00fablic el llistat d&#8217;alumnes assignats a l&#8217;escola Pau Vila amb indicaci\u00f3 de la primera petici\u00f3<\/p>\n<p><a href=\"https:\/\/agora.xtec.cat\/escolapauvila\/wp-content\/uploads\/usu1565\/2023\/06\/Alumnes-assignats-1.jpg\"><img loading=\"lazy\" decoding=\"async\" class=\"alignnone size-full wp-image-9717\" src=\"https:\/\/agora.xtec.cat\/escolapauvila\/wp-content\/uploads\/usu1565\/2023\/06\/Alumnes-assignats-1.jpg\" alt=\"\" width=\"701\" height=\"891\" srcset=\"https:\/\/agora.xtec.cat\/escolapauvila\/wp-content\/uploads\/usu1565\/2023\/06\/Alumnes-assignats-1.jpg 701w, https:\/\/agora.xtec.cat\/escolapauvila\/wp-content\/uploads\/usu1565\/2023\/06\/Alumnes-assignats-1-236x300.jpg 236w\" sizes=\"auto, (max-width: 701px) 100vw, 701px\" \/><\/a> <a href=\"https:\/\/agora.xtec.cat\/escolapauvila\/wp-content\/uploads\/usu1565\/2023\/06\/Alumnes-assignats-2.jpg\"><img loading=\"lazy\" decoding=\"async\" class=\"alignnone size-large wp-image-9718\" src=\"https:\/\/agora.xtec.cat\/escolapauvila\/wp-content\/uploads\/usu1565\/2023\/06\/Alumnes-assignats-2.jpg\" alt=\"\" width=\"698\" height=\"780\" srcset=\"https:\/\/agora.xtec.cat\/escolapauvila\/wp-content\/uploads\/usu1565\/2023\/06\/Alumnes-assignats-2.jpg 698w, https:\/\/agora.xtec.cat\/escolapauvila\/wp-content\/uploads\/usu1565\/2023\/06\/Alumnes-assignats-2-268x300.jpg 268w\" sizes=\"auto, (max-width: 698px) 100vw, 698px\" \/><\/a><\/p>\n","protected":false},"excerpt":{"rendered":"<p>Benvolguts,<br \/>\nEn el dia d&#8217;avui s&#8217;ha fet p\u00fablic el llistat d&#8217;alumnes assignats a l&#8217;escola Pau Vila amb indicaci\u00f3 de la primera petici\u00f3<br \/>\n<a href=\"https:\/\/agora.xtec.cat\/escolapauvila\/wp-content\/uploads\/usu1565\/2023\/06\/Alumnes-assignats-1.jpg\"><\/a> <a href=\"https:\/\/agora.xtec.cat\/escolapauvila\/wp-content\/uploads\/usu1565\/2023\/06\/Alumnes-assignats-2.jpg\"><\/a><\/p>\n","protected":false},"author":72,"featured_media":9719,"comment_status":"open","ping_status":"closed","sticky":false,"template":"","format":"standard","meta":{"_bbp_topic_count":0,"_bbp_reply_count":0,"_bbp_total_topic_count":0,"_bbp_total_reply_count":0,"_bbp_voice_count":0,"_bbp_anonymous_reply_count":0,"_bbp_topic_count_hidden":0,"_bbp_reply_count_hidden":0,"_bbp_forum_subforum_count":0,"footnotes":""},"categories":[4],"tags":[307],"class_list":["post-9716","post","type-post","status-publish","format-standard","has-post-thumbnail","hentry","category-portada","tag-preinscripcio-23-24"],"post_mailing_queue_ids":[],"_links":{"self":[{"href":"https:\/\/agora.xtec.cat\/escolapauvila\/wp-json\/wp\/v2\/posts\/9716","targetHints":{"allow":["GET"]}}],"collection":[{"href":"https:\/\/agora.xtec.cat\/escolapauvila\/wp-json\/wp\/v2\/posts"}],"about":[{"href":"https:\/\/agora.xtec.cat\/escolapauvila\/wp-json\/wp\/v2\/types\/post"}],"author":[{"embeddable":true,"href":"https:\/\/agora.xtec.cat\/escolapauvila\/wp-json\/wp\/v2\/users\/72"}],"replies":[{"embeddable":true,"href":"https:\/\/agora.xtec.cat\/escolapauvila\/wp-json\/wp\/v2\/comments?post=9716"}],"version-history":[{"count":1,"href":"https:\/\/agora.xtec.cat\/escolapauvila\/wp-json\/wp\/v2\/posts\/9716\/revisions"}],"predecessor-version":[{"id":9720,"href":"https:\/\/agora.xtec.cat\/escolapauvila\/wp-json\/wp\/v2\/posts\/9716\/revisions\/9720"}],"wp:featuredmedia":[{"embeddable":true,"href":"https:\/\/agora.xtec.cat\/escolapauvila\/wp-json\/wp\/v2\/media\/9719"}],"wp:attachment":[{"href":"https:\/\/agora.xtec.cat\/escolapauvila\/wp-json\/wp\/v2\/media?parent=9716"}],"wp:term":[{"taxonomy":"category","embeddable":true,"href":"https:\/\/agora.xtec.cat\/escolapauvila\/wp-json\/wp\/v2\/categories?post=9716"},{"taxonomy":"post_tag","embeddable":true,"href":"https:\/\/agora.xtec.cat\/escolapauvila\/wp-json\/wp\/v2\/tags?post=9716"}],"curies":[{"name":"wp","href":"https:\/\/api.w.org\/{rel}","templated":true}]}}