{"id":9662,"date":"2023-05-19T14:40:47","date_gmt":"2023-05-19T12:40:47","guid":{"rendered":"https:\/\/agora.xtec.cat\/escolapauvila\/?p=9662"},"modified":"2023-05-19T14:41:35","modified_gmt":"2023-05-19T12:41:35","slug":"creativitat-a-i4","status":"publish","type":"post","link":"https:\/\/agora.xtec.cat\/escolapauvila\/general\/creativitat-a-i4\/","title":{"rendered":"CREATIVITAT A I4"},"content":{"rendered":"<p>LES SESSIONS DE CREATIVITAT FAN POSSIBLE TREBALLAR CONJUNTAMENT TOTS DOS GRUP D&#8217;I4, AIX\u00cd QUE ENS PERMET AMPLIAR LA NOSTRA RELACI\u00d3 AMB TOTS ELS NENS I NENES DEL NIVELL, DUENT A TERME ACTIVITATS CONJUNTES I D&#8217;ALTRES M\u00c9S INDIVIDUALS.<\/p>\n<p><a href=\"https:\/\/agora.xtec.cat\/escolapauvila\/wp-content\/uploads\/usu1565\/2023\/05\/IMG_1920-2-scaled.jpg\"><img loading=\"lazy\" decoding=\"async\" class=\"alignnone size-large wp-image-9663\" src=\"https:\/\/agora.xtec.cat\/escolapauvila\/wp-content\/uploads\/usu1565\/2023\/05\/IMG_1920-2-1024x768.jpg\" alt=\"\" width=\"1024\" height=\"768\" srcset=\"https:\/\/agora.xtec.cat\/escolapauvila\/wp-content\/uploads\/usu1565\/2023\/05\/IMG_1920-2-1024x768.jpg 1024w, https:\/\/agora.xtec.cat\/escolapauvila\/wp-content\/uploads\/usu1565\/2023\/05\/IMG_1920-2-300x225.jpg 300w, https:\/\/agora.xtec.cat\/escolapauvila\/wp-content\/uploads\/usu1565\/2023\/05\/IMG_1920-2-768x576.jpg 768w, https:\/\/agora.xtec.cat\/escolapauvila\/wp-content\/uploads\/usu1565\/2023\/05\/IMG_1920-2-1536x1152.jpg 1536w, https:\/\/agora.xtec.cat\/escolapauvila\/wp-content\/uploads\/usu1565\/2023\/05\/IMG_1920-2-2048x1536.jpg 2048w, https:\/\/agora.xtec.cat\/escolapauvila\/wp-content\/uploads\/usu1565\/2023\/05\/IMG_1920-2-200x150.jpg 200w\" sizes=\"auto, (max-width: 1024px) 100vw, 1024px\" \/><\/a><\/p>\n<p>LES DIVERSES PROPOSTES, POSSIBILITEN UN TREBALL ART\u00cdSTIC CREATIU, AMB SENTIT EST\u00c8TIC I ESTIMULACI\u00d3 DE LA MOTRICITAT FINA.<\/p>\n<p><a href=\"https:\/\/agora.xtec.cat\/escolapauvila\/wp-content\/uploads\/usu1565\/2023\/05\/IMG_8378-scaled.jpg\"><img loading=\"lazy\" decoding=\"async\" class=\"alignnone size-large wp-image-9664\" src=\"https:\/\/agora.xtec.cat\/escolapauvila\/wp-content\/uploads\/usu1565\/2023\/05\/IMG_8378-1024x768.jpg\" alt=\"\" width=\"1024\" height=\"768\" srcset=\"https:\/\/agora.xtec.cat\/escolapauvila\/wp-content\/uploads\/usu1565\/2023\/05\/IMG_8378-1024x768.jpg 1024w, https:\/\/agora.xtec.cat\/escolapauvila\/wp-content\/uploads\/usu1565\/2023\/05\/IMG_8378-300x225.jpg 300w, https:\/\/agora.xtec.cat\/escolapauvila\/wp-content\/uploads\/usu1565\/2023\/05\/IMG_8378-768x576.jpg 768w, https:\/\/agora.xtec.cat\/escolapauvila\/wp-content\/uploads\/usu1565\/2023\/05\/IMG_8378-1536x1152.jpg 1536w, https:\/\/agora.xtec.cat\/escolapauvila\/wp-content\/uploads\/usu1565\/2023\/05\/IMG_8378-2048x1536.jpg 2048w, https:\/\/agora.xtec.cat\/escolapauvila\/wp-content\/uploads\/usu1565\/2023\/05\/IMG_8378-200x150.jpg 200w\" sizes=\"auto, (max-width: 1024px) 100vw, 1024px\" \/><\/a><\/p>\n<p>LA MANIPULACI\u00d3 DE DIFERENTS TIPUS DE MATERIALS (FANG, LLEGUMS, COT\u00d3, FUSTA, CART\u00d3, PINTURA&#8230;) FACILITA ALS NENS I LES NENES CON\u00c8IXER LES CARACTER\u00cdSTIQUES DELS MATERIALS I LES POSSIBILITATS QUE ENS OFEREIXEN.<\/p>\n<p><a href=\"https:\/\/agora.xtec.cat\/escolapauvila\/wp-content\/uploads\/usu1565\/2023\/05\/IMG_9781-1-scaled.jpg\"><img loading=\"lazy\" decoding=\"async\" class=\"alignnone size-large wp-image-9665\" src=\"https:\/\/agora.xtec.cat\/escolapauvila\/wp-content\/uploads\/usu1565\/2023\/05\/IMG_9781-1-1024x768.jpg\" alt=\"\" width=\"1024\" height=\"768\" srcset=\"https:\/\/agora.xtec.cat\/escolapauvila\/wp-content\/uploads\/usu1565\/2023\/05\/IMG_9781-1-1024x768.jpg 1024w, https:\/\/agora.xtec.cat\/escolapauvila\/wp-content\/uploads\/usu1565\/2023\/05\/IMG_9781-1-300x225.jpg 300w, https:\/\/agora.xtec.cat\/escolapauvila\/wp-content\/uploads\/usu1565\/2023\/05\/IMG_9781-1-768x576.jpg 768w, https:\/\/agora.xtec.cat\/escolapauvila\/wp-content\/uploads\/usu1565\/2023\/05\/IMG_9781-1-1536x1152.jpg 1536w, https:\/\/agora.xtec.cat\/escolapauvila\/wp-content\/uploads\/usu1565\/2023\/05\/IMG_9781-1-2048x1536.jpg 2048w, https:\/\/agora.xtec.cat\/escolapauvila\/wp-content\/uploads\/usu1565\/2023\/05\/IMG_9781-1-200x150.jpg 200w\" sizes=\"auto, (max-width: 1024px) 100vw, 1024px\" \/><\/a><\/p>\n<p>CONTINUEM CREANT AMB AQUESTS\/ES PETITS, GRANS ARTITES!<\/p>\n","protected":false},"excerpt":{"rendered":"<p>LES SESSIONS DE CREATIVITAT FAN POSSIBLE TREBALLAR CONJUNTAMENT TOTS DOS GRUP D&#8217;I4, AIX\u00cd QUE ENS PERMET AMPLIAR LA NOSTRA RELACI\u00d3 AMB TOTS ELS NENS I NENES DEL NIVELL, DUENT A TERME ACTIVITATS CONJUNTES I D&#8217;ALTRES M\u00c9S INDIVIDUALS.<br \/>\n<a href=\"https:\/\/agora.xtec.cat\/escolapauvila\/wp-content\/uploads\/usu1565\/2023\/05\/IMG_1920-2-scaled.jpg\"><\/a><br \/>\nLES DIVERSES PROPOSTES, POSSIBILITEN UN TREBALL ART\u00cdSTIC CREATIU,&hellip;  <a href=\"https:\/\/agora.xtec.cat\/escolapauvila\/general\/creativitat-a-i4\/\" title=\"Read CREATIVITAT A I4\">Llegeix m\u00e9s\u00bb<\/a><\/p>\n","protected":false},"author":16,"featured_media":9664,"comment_status":"open","ping_status":"closed","sticky":false,"template":"","format":"standard","meta":{"_bbp_topic_count":0,"_bbp_reply_count":0,"_bbp_total_topic_count":0,"_bbp_total_reply_count":0,"_bbp_voice_count":0,"_bbp_anonymous_reply_count":0,"_bbp_topic_count_hidden":0,"_bbp_reply_count_hidden":0,"_bbp_forum_subforum_count":0,"footnotes":""},"categories":[2,8,1],"tags":[238,311,271,272,264,265,254],"class_list":["post-9662","post","type-post","status-publish","format-standard","has-post-thumbnail","hentry","category-petits","category-ei4","category-general","tag-art","tag-creativitat","tag-ei4a22-23","tag-ei4b22-23","tag-laclassedelespinguet","tag-laclassedelgalldefoc","tag-nascuts-2018"],"post_mailing_queue_ids":[],"_links":{"self":[{"href":"https:\/\/agora.xtec.cat\/escolapauvila\/wp-json\/wp\/v2\/posts\/9662","targetHints":{"allow":["GET"]}}],"collection":[{"href":"https:\/\/agora.xtec.cat\/escolapauvila\/wp-json\/wp\/v2\/posts"}],"about":[{"href":"https:\/\/agora.xtec.cat\/escolapauvila\/wp-json\/wp\/v2\/types\/post"}],"author":[{"embeddable":true,"href":"https:\/\/agora.xtec.cat\/escolapauvila\/wp-json\/wp\/v2\/users\/16"}],"replies":[{"embeddable":true,"href":"https:\/\/agora.xtec.cat\/escolapauvila\/wp-json\/wp\/v2\/comments?post=9662"}],"version-history":[{"count":1,"href":"https:\/\/agora.xtec.cat\/escolapauvila\/wp-json\/wp\/v2\/posts\/9662\/revisions"}],"predecessor-version":[{"id":9666,"href":"https:\/\/agora.xtec.cat\/escolapauvila\/wp-json\/wp\/v2\/posts\/9662\/revisions\/9666"}],"wp:featuredmedia":[{"embeddable":true,"href":"https:\/\/agora.xtec.cat\/escolapauvila\/wp-json\/wp\/v2\/media\/9664"}],"wp:attachment":[{"href":"https:\/\/agora.xtec.cat\/escolapauvila\/wp-json\/wp\/v2\/media?parent=9662"}],"wp:term":[{"taxonomy":"category","embeddable":true,"href":"https:\/\/agora.xtec.cat\/escolapauvila\/wp-json\/wp\/v2\/categories?post=9662"},{"taxonomy":"post_tag","embeddable":true,"href":"https:\/\/agora.xtec.cat\/escolapauvila\/wp-json\/wp\/v2\/tags?post=9662"}],"curies":[{"name":"wp","href":"https:\/\/api.w.org\/{rel}","templated":true}]}}