{"id":9622,"date":"2023-05-19T15:39:41","date_gmt":"2023-05-19T13:39:41","guid":{"rendered":"https:\/\/agora.xtec.cat\/escolapauvila\/?p=9622"},"modified":"2023-05-19T15:39:41","modified_gmt":"2023-05-19T13:39:41","slug":"sapropa-la-mostra-de-la-primavera","status":"publish","type":"post","link":"https:\/\/agora.xtec.cat\/escolapauvila\/general\/sapropa-la-mostra-de-la-primavera\/","title":{"rendered":"S&#8217;apropa la MOSTRA DE LA PRIMAVERA!"},"content":{"rendered":"<p>En arribar a l&#8217;escola dilluns, els i les alumnes van trobar una carta a les aules amb una sorpresa: el Drauvil i la Drauvilina els havien preparat un \u00e0lbum de cromos d&#8217;Esparreguera! I \u00e9s que aquest any estem m\u00e9s ArRelats que mai!<\/p>\n<p>Per a aconseguir els cromos i els \u00e0lbums han hagut de passar diferents reptes durant la setmana, com per exemple:<\/p>\n<p>A la Comunitat de Petites i Petits han hagut de confegir el nom de diferents aules:<\/p>\n<p><a href=\"https:\/\/agora.xtec.cat\/escolapauvila\/wp-content\/uploads\/usu1565\/2023\/05\/IMG_8228.jpg\"><img loading=\"lazy\" decoding=\"async\" class=\"wp-image-9667 aligncenter\" src=\"https:\/\/agora.xtec.cat\/escolapauvila\/wp-content\/uploads\/usu1565\/2023\/05\/IMG_8228.jpg\" alt=\"\" width=\"492\" height=\"656\" srcset=\"https:\/\/agora.xtec.cat\/escolapauvila\/wp-content\/uploads\/usu1565\/2023\/05\/IMG_8228.jpg 768w, https:\/\/agora.xtec.cat\/escolapauvila\/wp-content\/uploads\/usu1565\/2023\/05\/IMG_8228-225x300.jpg 225w\" sizes=\"auto, (max-width: 492px) 100vw, 492px\" \/><\/a><\/p>\n<p>&nbsp;<\/p>\n<p>A la Comunitat de Mitjanes i Mitjans han hagut de completar un &#8220;rosco&#8221; amb diferents paraules referents a Esparreguera:<\/p>\n<p><a href=\"https:\/\/agora.xtec.cat\/escolapauvila\/wp-content\/uploads\/usu1565\/2023\/05\/WhatsApp-Image-2023-05-17-at-11.26.11.jpeg\"><img loading=\"lazy\" decoding=\"async\" class=\"wp-image-9668 aligncenter\" src=\"https:\/\/agora.xtec.cat\/escolapauvila\/wp-content\/uploads\/usu1565\/2023\/05\/WhatsApp-Image-2023-05-17-at-11.26.11-1024x768.jpeg\" alt=\"\" width=\"498\" height=\"373\" srcset=\"https:\/\/agora.xtec.cat\/escolapauvila\/wp-content\/uploads\/usu1565\/2023\/05\/WhatsApp-Image-2023-05-17-at-11.26.11-1024x768.jpeg 1024w, https:\/\/agora.xtec.cat\/escolapauvila\/wp-content\/uploads\/usu1565\/2023\/05\/WhatsApp-Image-2023-05-17-at-11.26.11-300x225.jpeg 300w, https:\/\/agora.xtec.cat\/escolapauvila\/wp-content\/uploads\/usu1565\/2023\/05\/WhatsApp-Image-2023-05-17-at-11.26.11-768x576.jpeg 768w, https:\/\/agora.xtec.cat\/escolapauvila\/wp-content\/uploads\/usu1565\/2023\/05\/WhatsApp-Image-2023-05-17-at-11.26.11-200x150.jpeg 200w, https:\/\/agora.xtec.cat\/escolapauvila\/wp-content\/uploads\/usu1565\/2023\/05\/WhatsApp-Image-2023-05-17-at-11.26.11.jpeg 1365w\" sizes=\"auto, (max-width: 498px) 100vw, 498px\" \/><\/a><\/p>\n<p>A la Comunitat de Grans han desxifrat el valor de imatges relacionades amb el poble per poder resoldre unes operacions matem\u00e0tiques:<\/p>\n<p><a href=\"https:\/\/agora.xtec.cat\/escolapauvila\/wp-content\/uploads\/usu1565\/2023\/05\/PHOTO-2023-05-19-15-34-18.jpg\"><img loading=\"lazy\" decoding=\"async\" class=\"wp-image-9669 aligncenter\" src=\"https:\/\/agora.xtec.cat\/escolapauvila\/wp-content\/uploads\/usu1565\/2023\/05\/PHOTO-2023-05-19-15-34-18.jpg\" alt=\"\" width=\"545\" height=\"509\" srcset=\"https:\/\/agora.xtec.cat\/escolapauvila\/wp-content\/uploads\/usu1565\/2023\/05\/PHOTO-2023-05-19-15-34-18.jpg 822w, https:\/\/agora.xtec.cat\/escolapauvila\/wp-content\/uploads\/usu1565\/2023\/05\/PHOTO-2023-05-19-15-34-18-300x280.jpg 300w, https:\/\/agora.xtec.cat\/escolapauvila\/wp-content\/uploads\/usu1565\/2023\/05\/PHOTO-2023-05-19-15-34-18-768x718.jpg 768w\" sizes=\"auto, (max-width: 545px) 100vw, 545px\" \/><\/a><\/p>\n<p>S&#8217;ho han passat d&#8217;all\u00f2 m\u00e9s b\u00e9, per\u00f2 encara els falten quatre cromos. Per a poder aconseguir-los s&#8217;han de passar els reptes que es proposaran el proper 27 de maig durant la Mostra de la Primavera, per tant, us convidem a totes i a tots a venir a gaudir del dia, dels reptes i a acabar la nostra col\u00b7lecci\u00f3 &#8220;Made in Esparreguera&#8221;!<\/p>\n","protected":false},"excerpt":{"rendered":"<p>En arribar a l&#8217;escola dilluns, els i les alumnes van trobar una carta a les aules amb una sorpresa: el Drauvil i la Drauvilina els havien preparat un \u00e0lbum de cromos d&#8217;Esparreguera! I \u00e9s que aquest any estem m\u00e9s ArRelats que mai!<br \/>\nPer a aconseguir els&hellip;  <a href=\"https:\/\/agora.xtec.cat\/escolapauvila\/general\/sapropa-la-mostra-de-la-primavera\/\" title=\"Read S&#8217;apropa la MOSTRA DE LA PRIMAVERA!\">Llegeix m\u00e9s\u00bb<\/a><\/p>\n","protected":false},"author":60,"featured_media":0,"comment_status":"open","ping_status":"closed","sticky":false,"template":"","format":"standard","meta":{"_bbp_topic_count":0,"_bbp_reply_count":0,"_bbp_total_topic_count":0,"_bbp_total_reply_count":0,"_bbp_voice_count":0,"_bbp_anonymous_reply_count":0,"_bbp_topic_count_hidden":0,"_bbp_reply_count_hidden":0,"_bbp_forum_subforum_count":0,"footnotes":""},"categories":[1,4,166],"tags":[312,313,164],"class_list":["post-9622","post","type-post","status-publish","format-standard","hentry","category-general","category-portada","category-projecte-educatiu","tag-arreltats","tag-mostra-de-la-primavera","tag-pec"],"post_mailing_queue_ids":[],"_links":{"self":[{"href":"https:\/\/agora.xtec.cat\/escolapauvila\/wp-json\/wp\/v2\/posts\/9622","targetHints":{"allow":["GET"]}}],"collection":[{"href":"https:\/\/agora.xtec.cat\/escolapauvila\/wp-json\/wp\/v2\/posts"}],"about":[{"href":"https:\/\/agora.xtec.cat\/escolapauvila\/wp-json\/wp\/v2\/types\/post"}],"author":[{"embeddable":true,"href":"https:\/\/agora.xtec.cat\/escolapauvila\/wp-json\/wp\/v2\/users\/60"}],"replies":[{"embeddable":true,"href":"https:\/\/agora.xtec.cat\/escolapauvila\/wp-json\/wp\/v2\/comments?post=9622"}],"version-history":[{"count":2,"href":"https:\/\/agora.xtec.cat\/escolapauvila\/wp-json\/wp\/v2\/posts\/9622\/revisions"}],"predecessor-version":[{"id":9670,"href":"https:\/\/agora.xtec.cat\/escolapauvila\/wp-json\/wp\/v2\/posts\/9622\/revisions\/9670"}],"wp:attachment":[{"href":"https:\/\/agora.xtec.cat\/escolapauvila\/wp-json\/wp\/v2\/media?parent=9622"}],"wp:term":[{"taxonomy":"category","embeddable":true,"href":"https:\/\/agora.xtec.cat\/escolapauvila\/wp-json\/wp\/v2\/categories?post=9622"},{"taxonomy":"post_tag","embeddable":true,"href":"https:\/\/agora.xtec.cat\/escolapauvila\/wp-json\/wp\/v2\/tags?post=9622"}],"curies":[{"name":"wp","href":"https:\/\/api.w.org\/{rel}","templated":true}]}}