{"id":9610,"date":"2023-05-09T12:24:49","date_gmt":"2023-05-09T10:24:49","guid":{"rendered":"https:\/\/agora.xtec.cat\/escolapauvila\/?p=9610"},"modified":"2023-05-09T12:24:49","modified_gmt":"2023-05-09T10:24:49","slug":"sorteig-3","status":"publish","type":"post","link":"https:\/\/agora.xtec.cat\/escolapauvila\/portada\/sorteig-3\/","title":{"rendered":"Sorteig"},"content":{"rendered":"<p>El <strong>n\u00famero de desempat<\/strong> per ordenar les sol\u00b7licituds de la preinscripci\u00f3 escolar per al curs 2023-2024, realitzat avui dia 9 de maig a les 11h. del mat\u00ed \u00e9s el <strong>66.646<\/strong>.<\/p>\n<p>A partir d&#8217;aquest n\u00famero &#8211;que serveix tant per al segon cicle d&#8217;educaci\u00f3 infantil, com per prim\u00e0ria i per a l&#8217;ESO&#8211; s&#8217;ordenen totes les sol\u00b7licituds empatades a punts, fins a cobrir les places disponibles. El n\u00famero de desempat m\u00e9s alt \u00e9s el <strong>137.553.<\/strong><\/p>\n<p><a href=\"https:\/\/agora.xtec.cat\/escolapauvila\/wp-content\/uploads\/usu1565\/2023\/05\/sorteig.jpg\"><img loading=\"lazy\" decoding=\"async\" class=\"alignnone size-large wp-image-9612\" src=\"https:\/\/agora.xtec.cat\/escolapauvila\/wp-content\/uploads\/usu1565\/2023\/05\/sorteig-1024x741.jpg\" alt=\"\" width=\"1024\" height=\"741\" srcset=\"https:\/\/agora.xtec.cat\/escolapauvila\/wp-content\/uploads\/usu1565\/2023\/05\/sorteig-1024x741.jpg 1024w, https:\/\/agora.xtec.cat\/escolapauvila\/wp-content\/uploads\/usu1565\/2023\/05\/sorteig-300x217.jpg 300w, https:\/\/agora.xtec.cat\/escolapauvila\/wp-content\/uploads\/usu1565\/2023\/05\/sorteig-768x555.jpg 768w, https:\/\/agora.xtec.cat\/escolapauvila\/wp-content\/uploads\/usu1565\/2023\/05\/sorteig.jpg 1178w\" sizes=\"auto, (max-width: 1024px) 100vw, 1024px\" \/><\/a><\/p>\n","protected":false},"excerpt":{"rendered":"<p>El n\u00famero de desempat per ordenar les sol\u00b7licituds de la preinscripci\u00f3 escolar per al curs 2023-2024, realitzat avui dia 9 de maig a les 11h. del mat\u00ed \u00e9s el 66.646.<br \/>\nA partir d&#8217;aquest n\u00famero &#8211;que serveix tant per al segon cicle d&#8217;educaci\u00f3 infantil, com per prim\u00e0ria&hellip;  <a href=\"https:\/\/agora.xtec.cat\/escolapauvila\/portada\/sorteig-3\/\" title=\"Read Sorteig\">Llegeix m\u00e9s\u00bb<\/a><\/p>\n","protected":false},"author":72,"featured_media":9613,"comment_status":"open","ping_status":"closed","sticky":false,"template":"","format":"standard","meta":{"_bbp_topic_count":0,"_bbp_reply_count":0,"_bbp_total_topic_count":0,"_bbp_total_reply_count":0,"_bbp_voice_count":0,"_bbp_anonymous_reply_count":0,"_bbp_topic_count_hidden":0,"_bbp_reply_count_hidden":0,"_bbp_forum_subforum_count":0,"footnotes":""},"categories":[4],"tags":[303],"class_list":["post-9610","post","type-post","status-publish","format-standard","has-post-thumbnail","hentry","category-portada","tag-pre-inscripcio-23-24"],"post_mailing_queue_ids":[],"_links":{"self":[{"href":"https:\/\/agora.xtec.cat\/escolapauvila\/wp-json\/wp\/v2\/posts\/9610","targetHints":{"allow":["GET"]}}],"collection":[{"href":"https:\/\/agora.xtec.cat\/escolapauvila\/wp-json\/wp\/v2\/posts"}],"about":[{"href":"https:\/\/agora.xtec.cat\/escolapauvila\/wp-json\/wp\/v2\/types\/post"}],"author":[{"embeddable":true,"href":"https:\/\/agora.xtec.cat\/escolapauvila\/wp-json\/wp\/v2\/users\/72"}],"replies":[{"embeddable":true,"href":"https:\/\/agora.xtec.cat\/escolapauvila\/wp-json\/wp\/v2\/comments?post=9610"}],"version-history":[{"count":1,"href":"https:\/\/agora.xtec.cat\/escolapauvila\/wp-json\/wp\/v2\/posts\/9610\/revisions"}],"predecessor-version":[{"id":9614,"href":"https:\/\/agora.xtec.cat\/escolapauvila\/wp-json\/wp\/v2\/posts\/9610\/revisions\/9614"}],"wp:featuredmedia":[{"embeddable":true,"href":"https:\/\/agora.xtec.cat\/escolapauvila\/wp-json\/wp\/v2\/media\/9613"}],"wp:attachment":[{"href":"https:\/\/agora.xtec.cat\/escolapauvila\/wp-json\/wp\/v2\/media?parent=9610"}],"wp:term":[{"taxonomy":"category","embeddable":true,"href":"https:\/\/agora.xtec.cat\/escolapauvila\/wp-json\/wp\/v2\/categories?post=9610"},{"taxonomy":"post_tag","embeddable":true,"href":"https:\/\/agora.xtec.cat\/escolapauvila\/wp-json\/wp\/v2\/tags?post=9610"}],"curies":[{"name":"wp","href":"https:\/\/api.w.org\/{rel}","templated":true}]}}