{"id":9552,"date":"2023-04-25T08:55:09","date_gmt":"2023-04-25T06:55:09","guid":{"rendered":"https:\/\/agora.xtec.cat\/escolapauvila\/?p=9552"},"modified":"2023-04-24T20:24:16","modified_gmt":"2023-04-24T18:24:16","slug":"colonies-a-mas-gorgoll-palamos","status":"publish","type":"post","link":"https:\/\/agora.xtec.cat\/escolapauvila\/general\/colonies-a-mas-gorgoll-palamos\/","title":{"rendered":"Col\u00f2nies a Mas Gorgoll (Palam\u00f3s)"},"content":{"rendered":"<p><span style=\"font-family: inherit; font-size: 1em;\">Benvolgudes fam\u00edlies!<\/span><\/p>\n<p>El dimecres va ser un dia molt emocionant! Les companyes i els companys d&#8217;I5, 1r i 3r van baixar al pati per acomiadar-nos i desitjar-nos unes bones col\u00f2nies.<\/p>\n<p>Despr\u00e9s del nostre trajecte fins a Palam\u00f3s, vam arribar a Mas Gorgoll, on ens esperaven les monitores i els monitors que ens acompanyarien durant l&#8217;estada.<\/p>\n<p>A la tarda, vam caminar fins a la platja, all\u00e0 vam fer activitats a la sorra i a l&#8217;espig\u00f3, on vam parlar sobre la temperatura i el vent. Vam veure un eri\u00e7\u00f3 i cargols de mar! Va ser molt interessant!<\/p>\n<p>En tornar a la casa de col\u00f2nies, vam berenar i vam tenir una estoneta lliure per poder jugar pels voltants de la casa,\u00a0 ja que hi havia un espai molt gran per explorar i observar animals de granja. A la nit, vam sopar i vam fer una gimcana\u00a0 nocturna amb les lots. Esgotats i esgotades, vam anar cap als llits i ens vam adormir rapid\u00edssimament!<\/p>\n<p>El dijous, algunes i alguns de nosaltres ens vam llevar amb alguns bigotis i barbes pintades, vam estar rumiant quins podrien ser els sospitosos, tot i que vam marxar sense saber qu\u00e8 havia passat. Moltes pens\u00e0vem que havia pogut estar la Manuela, una ostra que vivia a Mas Gorgoll i ens havia demanat ajuda per trobar una poci\u00f3. La necessitava per poder estar fora de l&#8217;aigua.<\/p>\n<p>Despr\u00e9s de les nostres sospites, vam esmorzar i vam anar a fer diferents activitats a la casa. En dos grups, vam fer 4 activitats: el Toca-toca, on hav\u00edem de tocar diferents elements; el circuit, on hav\u00edem de desenvolupar les nostres habilitats motrius i d&#8217;equilibri; en una altra vam parlar sobre la xarxa tr\u00f2fica, de la qual v\u00e0rem poder aportar moltes idees amb el que ja hav\u00edem apr\u00e8s a l&#8217;aula anteriorment i, per \u00faltim, vam observar diferents elements mar\u00edtims en 3D.<\/p>\n<p>A la tarda, quan ja hav\u00edem dinat, vam anar a la llotja, vam pujar a un vaixell pesquer i vam visitar el Museu de la pesca.<\/p>\n<p>A la nit, les nostres monitores es van convertir en pirates i el nostre sopar va ser molt especial. Tot seguit, una bona ballaruca amb moltes can\u00e7ons ens va fer viure un moment molt divertit.<\/p>\n<p>El divendres, amb molta energia, la motxilla ompl\u00edrem per mentalitzar-nos que hav\u00edem de tornar, ja que ens hagu\u00e9s fet molta il\u2022lusi\u00f3 poder-nos haver quedat &#8220;one more night&#8221;!<\/p>\n<p>Despr\u00e9s d&#8217;esmorzar, vam anar a la platja a fer activitats dels mariners. En tornar, vam dinar, i a l&#8217;autocar vam pujar.<\/p>\n<p>Estem molt agra\u00efdes amb tot l&#8217;equip de Mas Gorgoll pel seu acompanyament durant aquests tres dies.<\/p>\n<p>Ha estat una experi\u00e8ncia meravellosa i, per aix\u00f2, aqu\u00ed us deixem un tastet de les fotografies que vam fer! La resta les podreu veure al Classroom!<\/p>\n<p>Gaudiu-les!<\/p>\n<p>&nbsp;<\/p>\n<p><a href=\"https:\/\/agora.xtec.cat\/escolapauvila\/wp-content\/uploads\/usu1565\/2023\/04\/IMG-1769.jpg\"><img loading=\"lazy\" decoding=\"async\" class=\"alignnone size-large wp-image-9557\" src=\"https:\/\/agora.xtec.cat\/escolapauvila\/wp-content\/uploads\/usu1565\/2023\/04\/IMG-1769-1024x768.jpg\" alt=\"\" width=\"1024\" height=\"768\" srcset=\"https:\/\/agora.xtec.cat\/escolapauvila\/wp-content\/uploads\/usu1565\/2023\/04\/IMG-1769-1024x768.jpg 1024w, https:\/\/agora.xtec.cat\/escolapauvila\/wp-content\/uploads\/usu1565\/2023\/04\/IMG-1769-300x225.jpg 300w, https:\/\/agora.xtec.cat\/escolapauvila\/wp-content\/uploads\/usu1565\/2023\/04\/IMG-1769-768x576.jpg 768w, https:\/\/agora.xtec.cat\/escolapauvila\/wp-content\/uploads\/usu1565\/2023\/04\/IMG-1769-1536x1152.jpg 1536w, https:\/\/agora.xtec.cat\/escolapauvila\/wp-content\/uploads\/usu1565\/2023\/04\/IMG-1769-200x150.jpg 200w, https:\/\/agora.xtec.cat\/escolapauvila\/wp-content\/uploads\/usu1565\/2023\/04\/IMG-1769.jpg 2016w\" sizes=\"auto, (max-width: 1024px) 100vw, 1024px\" \/><\/a><\/p>\n<p><a href=\"https:\/\/agora.xtec.cat\/escolapauvila\/wp-content\/uploads\/usu1565\/2023\/04\/IMG-1709.jpg\"><img loading=\"lazy\" decoding=\"async\" class=\"alignnone size-large wp-image-9556\" src=\"https:\/\/agora.xtec.cat\/escolapauvila\/wp-content\/uploads\/usu1565\/2023\/04\/IMG-1709-1024x768.jpg\" alt=\"\" width=\"1024\" height=\"768\" srcset=\"https:\/\/agora.xtec.cat\/escolapauvila\/wp-content\/uploads\/usu1565\/2023\/04\/IMG-1709-1024x768.jpg 1024w, https:\/\/agora.xtec.cat\/escolapauvila\/wp-content\/uploads\/usu1565\/2023\/04\/IMG-1709-300x225.jpg 300w, https:\/\/agora.xtec.cat\/escolapauvila\/wp-content\/uploads\/usu1565\/2023\/04\/IMG-1709-768x576.jpg 768w, https:\/\/agora.xtec.cat\/escolapauvila\/wp-content\/uploads\/usu1565\/2023\/04\/IMG-1709-1536x1152.jpg 1536w, https:\/\/agora.xtec.cat\/escolapauvila\/wp-content\/uploads\/usu1565\/2023\/04\/IMG-1709-200x150.jpg 200w, https:\/\/agora.xtec.cat\/escolapauvila\/wp-content\/uploads\/usu1565\/2023\/04\/IMG-1709.jpg 2016w\" sizes=\"auto, (max-width: 1024px) 100vw, 1024px\" \/><\/a><\/p>\n<p><a href=\"https:\/\/agora.xtec.cat\/escolapauvila\/wp-content\/uploads\/usu1565\/2023\/04\/IMG-1655.jpg\"><img loading=\"lazy\" decoding=\"async\" class=\"alignnone size-large wp-image-9555\" src=\"https:\/\/agora.xtec.cat\/escolapauvila\/wp-content\/uploads\/usu1565\/2023\/04\/IMG-1655-1024x768.jpg\" alt=\"\" width=\"1024\" height=\"768\" srcset=\"https:\/\/agora.xtec.cat\/escolapauvila\/wp-content\/uploads\/usu1565\/2023\/04\/IMG-1655-1024x768.jpg 1024w, https:\/\/agora.xtec.cat\/escolapauvila\/wp-content\/uploads\/usu1565\/2023\/04\/IMG-1655-300x225.jpg 300w, https:\/\/agora.xtec.cat\/escolapauvila\/wp-content\/uploads\/usu1565\/2023\/04\/IMG-1655-768x576.jpg 768w, https:\/\/agora.xtec.cat\/escolapauvila\/wp-content\/uploads\/usu1565\/2023\/04\/IMG-1655-1536x1152.jpg 1536w, https:\/\/agora.xtec.cat\/escolapauvila\/wp-content\/uploads\/usu1565\/2023\/04\/IMG-1655-200x150.jpg 200w, https:\/\/agora.xtec.cat\/escolapauvila\/wp-content\/uploads\/usu1565\/2023\/04\/IMG-1655.jpg 2016w\" sizes=\"auto, (max-width: 1024px) 100vw, 1024px\" \/><\/a><\/p>\n<p><a href=\"https:\/\/agora.xtec.cat\/escolapauvila\/wp-content\/uploads\/usu1565\/2023\/04\/IMG-1639.jpg\"><img loading=\"lazy\" decoding=\"async\" class=\"alignnone size-large wp-image-9554\" src=\"https:\/\/agora.xtec.cat\/escolapauvila\/wp-content\/uploads\/usu1565\/2023\/04\/IMG-1639-1024x768.jpg\" alt=\"\" width=\"1024\" height=\"768\" srcset=\"https:\/\/agora.xtec.cat\/escolapauvila\/wp-content\/uploads\/usu1565\/2023\/04\/IMG-1639-1024x768.jpg 1024w, https:\/\/agora.xtec.cat\/escolapauvila\/wp-content\/uploads\/usu1565\/2023\/04\/IMG-1639-300x225.jpg 300w, https:\/\/agora.xtec.cat\/escolapauvila\/wp-content\/uploads\/usu1565\/2023\/04\/IMG-1639-768x576.jpg 768w, https:\/\/agora.xtec.cat\/escolapauvila\/wp-content\/uploads\/usu1565\/2023\/04\/IMG-1639-1536x1152.jpg 1536w, https:\/\/agora.xtec.cat\/escolapauvila\/wp-content\/uploads\/usu1565\/2023\/04\/IMG-1639-200x150.jpg 200w, https:\/\/agora.xtec.cat\/escolapauvila\/wp-content\/uploads\/usu1565\/2023\/04\/IMG-1639.jpg 2016w\" sizes=\"auto, (max-width: 1024px) 100vw, 1024px\" \/><\/a><\/p>\n<p><a href=\"https:\/\/agora.xtec.cat\/escolapauvila\/wp-content\/uploads\/usu1565\/2023\/04\/IMG-1634.jpg\"><img loading=\"lazy\" decoding=\"async\" class=\"alignnone size-large wp-image-9553\" src=\"https:\/\/agora.xtec.cat\/escolapauvila\/wp-content\/uploads\/usu1565\/2023\/04\/IMG-1634-1024x768.jpg\" alt=\"\" width=\"1024\" height=\"768\" srcset=\"https:\/\/agora.xtec.cat\/escolapauvila\/wp-content\/uploads\/usu1565\/2023\/04\/IMG-1634-1024x768.jpg 1024w, https:\/\/agora.xtec.cat\/escolapauvila\/wp-content\/uploads\/usu1565\/2023\/04\/IMG-1634-300x225.jpg 300w, https:\/\/agora.xtec.cat\/escolapauvila\/wp-content\/uploads\/usu1565\/2023\/04\/IMG-1634-768x576.jpg 768w, https:\/\/agora.xtec.cat\/escolapauvila\/wp-content\/uploads\/usu1565\/2023\/04\/IMG-1634-1536x1152.jpg 1536w, https:\/\/agora.xtec.cat\/escolapauvila\/wp-content\/uploads\/usu1565\/2023\/04\/IMG-1634-200x150.jpg 200w, https:\/\/agora.xtec.cat\/escolapauvila\/wp-content\/uploads\/usu1565\/2023\/04\/IMG-1634.jpg 2016w\" sizes=\"auto, (max-width: 1024px) 100vw, 1024px\" \/><\/a><\/p>\n","protected":false},"excerpt":{"rendered":"<p>Benvolgudes fam\u00edlies!<br \/>\nEl dimecres va ser un dia molt emocionant! Les companyes i els companys d&#8217;I5, 1r i 3r van baixar al pati per acomiadar-nos i desitjar-nos unes bones col\u00f2nies.<br \/>\nDespr\u00e9s del nostre trajecte fins a Palam\u00f3s, vam arribar a Mas Gorgoll, on ens esperaven les monitores&hellip;  <a href=\"https:\/\/agora.xtec.cat\/escolapauvila\/general\/colonies-a-mas-gorgoll-palamos\/\" title=\"Read Col\u00f2nies a Mas Gorgoll (Palam\u00f3s)\">Llegeix m\u00e9s\u00bb<\/a><\/p>\n","protected":false},"author":1,"featured_media":9555,"comment_status":"open","ping_status":"closed","sticky":false,"template":"","format":"standard","meta":{"_bbp_topic_count":0,"_bbp_reply_count":0,"_bbp_total_topic_count":0,"_bbp_total_reply_count":0,"_bbp_voice_count":0,"_bbp_anonymous_reply_count":0,"_bbp_topic_count_hidden":0,"_bbp_reply_count_hidden":0,"_bbp_forum_subforum_count":0,"footnotes":""},"categories":[11,5,1,4],"tags":[296,261,230,108],"class_list":["post-9552","post","type-post","status-publish","format-standard","has-post-thumbnail","hentry","category-2n","category-mitjans","category-general","category-portada","tag-2n-22-23","tag-colonies","tag-comunitat-mitjans","tag-nascuts2015"],"post_mailing_queue_ids":[],"_links":{"self":[{"href":"https:\/\/agora.xtec.cat\/escolapauvila\/wp-json\/wp\/v2\/posts\/9552","targetHints":{"allow":["GET"]}}],"collection":[{"href":"https:\/\/agora.xtec.cat\/escolapauvila\/wp-json\/wp\/v2\/posts"}],"about":[{"href":"https:\/\/agora.xtec.cat\/escolapauvila\/wp-json\/wp\/v2\/types\/post"}],"author":[{"embeddable":true,"href":"https:\/\/agora.xtec.cat\/escolapauvila\/wp-json\/wp\/v2\/users\/1"}],"replies":[{"embeddable":true,"href":"https:\/\/agora.xtec.cat\/escolapauvila\/wp-json\/wp\/v2\/comments?post=9552"}],"version-history":[{"count":3,"href":"https:\/\/agora.xtec.cat\/escolapauvila\/wp-json\/wp\/v2\/posts\/9552\/revisions"}],"predecessor-version":[{"id":9572,"href":"https:\/\/agora.xtec.cat\/escolapauvila\/wp-json\/wp\/v2\/posts\/9552\/revisions\/9572"}],"wp:featuredmedia":[{"embeddable":true,"href":"https:\/\/agora.xtec.cat\/escolapauvila\/wp-json\/wp\/v2\/media\/9555"}],"wp:attachment":[{"href":"https:\/\/agora.xtec.cat\/escolapauvila\/wp-json\/wp\/v2\/media?parent=9552"}],"wp:term":[{"taxonomy":"category","embeddable":true,"href":"https:\/\/agora.xtec.cat\/escolapauvila\/wp-json\/wp\/v2\/categories?post=9552"},{"taxonomy":"post_tag","embeddable":true,"href":"https:\/\/agora.xtec.cat\/escolapauvila\/wp-json\/wp\/v2\/tags?post=9552"}],"curies":[{"name":"wp","href":"https:\/\/api.w.org\/{rel}","templated":true}]}}