{"id":9542,"date":"2023-04-19T10:51:07","date_gmt":"2023-04-19T08:51:07","guid":{"rendered":"https:\/\/agora.xtec.cat\/escolapauvila\/?p=9542"},"modified":"2023-04-19T10:52:06","modified_gmt":"2023-04-19T08:52:06","slug":"arbres-genealogics","status":"publish","type":"post","link":"https:\/\/agora.xtec.cat\/escolapauvila\/grans\/6e\/arbres-genealogics\/","title":{"rendered":"Arbres geneal\u00f2gics"},"content":{"rendered":"<p><span style=\"font-weight: 400;\">A classe, durant aquest curs hem estat fent un projecte de l\u2019h\u00aa de la meva vida que consisteix en textos sobre La teva fam\u00edlia , les teves amistats&#8230;<\/span><\/p>\n<p><span style=\"font-weight: 400;\">Aquestes vacances de setmana santa de deures hem estat fent uns arbres geneal\u00f2gics de la nostre fam\u00edlia en volum en diferents formes materials com fusta, paper, cartr\u00f3 etc. Os posem alguns exemples: \u00a0 \u00a0 \u00a0 \u00a0 <\/span><\/p>\n<p><span style=\"font-weight: 400;\"><a href=\"https:\/\/agora.xtec.cat\/escolapauvila\/wp-content\/uploads\/usu1565\/2023\/04\/Sense-titol.jpg\"><img loading=\"lazy\" decoding=\"async\" class=\"aligncenter size-full wp-image-9543\" src=\"https:\/\/agora.xtec.cat\/escolapauvila\/wp-content\/uploads\/usu1565\/2023\/04\/Sense-titol.jpg\" alt=\"\" width=\"835\" height=\"425\" srcset=\"https:\/\/agora.xtec.cat\/escolapauvila\/wp-content\/uploads\/usu1565\/2023\/04\/Sense-titol.jpg 835w, https:\/\/agora.xtec.cat\/escolapauvila\/wp-content\/uploads\/usu1565\/2023\/04\/Sense-titol-300x153.jpg 300w, https:\/\/agora.xtec.cat\/escolapauvila\/wp-content\/uploads\/usu1565\/2023\/04\/Sense-titol-768x391.jpg 768w\" sizes=\"auto, (max-width: 835px) 100vw, 835px\" \/><\/a><br \/>\n<\/span><\/p>\n<p><span style=\"font-weight: 400;\">En el meu cas, el D\u00eddac,ho he fet amb filferro i goma eva i no em va costar molt. E<\/span><span style=\"font-weight: 400;\">n el meu cas jo el Denis ho vaig fer amb una cartolina, branques, silicona i unes fotos de la meva fam\u00edlia. \u00a0 \u00a0 \u00a0 \u00a0 \u00a0 \u00a0 \u00a0 \u00a0 \u00a0 \u00a0 \u00a0 \u00a0 \u00a0 <\/span><\/p>\n","protected":false},"excerpt":{"rendered":"<p>A classe, durant aquest curs hem estat fent un projecte de l\u2019h\u00aa de la meva vida que consisteix en textos sobre La teva fam\u00edlia , les teves amistats&#8230;<br \/>\nAquestes vacances de setmana santa de deures hem estat fent uns arbres geneal\u00f2gics de la nostre fam\u00edlia en&hellip;  <a href=\"https:\/\/agora.xtec.cat\/escolapauvila\/grans\/6e\/arbres-genealogics\/\" title=\"Read Arbres geneal\u00f2gics\">Llegeix m\u00e9s\u00bb<\/a><\/p>\n","protected":false},"author":32,"featured_media":0,"comment_status":"open","ping_status":"closed","sticky":false,"template":"","format":"standard","meta":{"_bbp_topic_count":0,"_bbp_reply_count":0,"_bbp_total_topic_count":0,"_bbp_total_reply_count":0,"_bbp_voice_count":0,"_bbp_anonymous_reply_count":0,"_bbp_topic_count_hidden":0,"_bbp_reply_count_hidden":0,"_bbp_forum_subforum_count":0,"footnotes":""},"categories":[15,61],"tags":[286,216,90],"class_list":["post-9542","post","type-post","status-publish","format-standard","hentry","category-6e","category-grans","tag-6b22-23","tag-comunitat-grans","tag-nascuts2011"],"post_mailing_queue_ids":[],"_links":{"self":[{"href":"https:\/\/agora.xtec.cat\/escolapauvila\/wp-json\/wp\/v2\/posts\/9542","targetHints":{"allow":["GET"]}}],"collection":[{"href":"https:\/\/agora.xtec.cat\/escolapauvila\/wp-json\/wp\/v2\/posts"}],"about":[{"href":"https:\/\/agora.xtec.cat\/escolapauvila\/wp-json\/wp\/v2\/types\/post"}],"author":[{"embeddable":true,"href":"https:\/\/agora.xtec.cat\/escolapauvila\/wp-json\/wp\/v2\/users\/32"}],"replies":[{"embeddable":true,"href":"https:\/\/agora.xtec.cat\/escolapauvila\/wp-json\/wp\/v2\/comments?post=9542"}],"version-history":[{"count":1,"href":"https:\/\/agora.xtec.cat\/escolapauvila\/wp-json\/wp\/v2\/posts\/9542\/revisions"}],"predecessor-version":[{"id":9544,"href":"https:\/\/agora.xtec.cat\/escolapauvila\/wp-json\/wp\/v2\/posts\/9542\/revisions\/9544"}],"wp:attachment":[{"href":"https:\/\/agora.xtec.cat\/escolapauvila\/wp-json\/wp\/v2\/media?parent=9542"}],"wp:term":[{"taxonomy":"category","embeddable":true,"href":"https:\/\/agora.xtec.cat\/escolapauvila\/wp-json\/wp\/v2\/categories?post=9542"},{"taxonomy":"post_tag","embeddable":true,"href":"https:\/\/agora.xtec.cat\/escolapauvila\/wp-json\/wp\/v2\/tags?post=9542"}],"curies":[{"name":"wp","href":"https:\/\/api.w.org\/{rel}","templated":true}]}}