{"id":9432,"date":"2023-03-09T15:59:36","date_gmt":"2023-03-09T14:59:36","guid":{"rendered":"https:\/\/agora.xtec.cat\/escolapauvila\/?p=9432"},"modified":"2023-03-09T15:59:36","modified_gmt":"2023-03-09T14:59:36","slug":"8-de-marc-dia-de-la-dona","status":"publish","type":"post","link":"https:\/\/agora.xtec.cat\/escolapauvila\/general\/8-de-marc-dia-de-la-dona\/","title":{"rendered":"8 DE MAR\u00c7: DIA DE LA DONA"},"content":{"rendered":"<p><span style=\"color: #800080;\"><b><i>Per qu\u00e8 el 8 de Mar\u00e7 es commemora el dia internacional de la dona treballadora? Una mica d\u2019hist\u00f2ria\u2026<\/i><\/b><\/span><\/p>\n<p><span style=\"font-weight: 400;\">Aquest dia est\u00e0 reconegut per l&#8217;Organitzaci\u00f3 de les Nacions Unides (ONU).\u00a0<\/span><\/p>\n<p><span style=\"font-weight: 400;\">Commemora la lluita <\/span><span style=\"font-weight: 400;\">de la dona per la seva participaci\u00f3, juntament amb l&#8217;home, al camp del treball i la societat en general.\u00a0<\/span><\/p>\n<p><span style=\"font-weight: 400;\">La instauraci\u00f3 d&#8217;aquesta data com a Dia Internacional de la Dona \u00e9s <\/span><span style=\"color: #800080;\"><b>fruit d&#8217;un llarg proc\u00e9s<\/b><\/span><span style=\"font-weight: 400;\">. Sovint s&#8217;atribueix la celebraci\u00f3 de la data a <\/span><b>l&#8217;incendi <\/b><span style=\"font-weight: 400;\">ocorregut el 1908 a la f\u00e0brica Cotton Textile Factory de <\/span><b>Washington<\/b><span style=\"font-weight: 400;\">. All\u00e0 un grup de <\/span><b><span style=\"color: #800080;\">Treballadores<\/span> <\/b><span style=\"font-weight: 400;\">va declarar una <\/span><b>vaga <\/b><span style=\"font-weight: 400;\">en protesta per les insuportables condicions de treball que vivien.<\/span><\/p>\n<p><span style=\"font-weight: 400;\">Les seves reivindicacions eren els seg\u00fcents:\u00a0<\/span><\/p>\n<ol>\n<li style=\"font-weight: 400;\" aria-level=\"1\"><span style=\"font-weight: 400;\">Reduir la jornada laboral de 16 hores di\u00e0ries a 10, per poder dedicar m\u00e9s temps a la fam\u00edlia.\u00a0<\/span><\/li>\n<li style=\"font-weight: 400;\" aria-level=\"1\"><span style=\"font-weight: 400;\">Poder descansar el diumenge.\u00a0\u00a0<\/span><\/li>\n<li style=\"font-weight: 400;\" aria-level=\"1\"><span style=\"font-weight: 400;\">Cobrar el mateix sou que els homes, ja que elles cobraven molt menys que els homes per realitzar la mateixa tasca.\u00a0\u00a0<\/span><\/li>\n<li style=\"font-weight: 400;\" aria-level=\"1\"><span style=\"font-weight: 400;\">Dret a la lact\u00e0ncia i a la reducci\u00f3 de la jornada laboral.\u00a0<\/span><\/li>\n<\/ol>\n<p><span style=\"font-weight: 400;\">L&#8217;empresari no va acceptar la vaga, va tancar les portes de la f\u00e0brica i hi va calar foc. En ella hi <\/span><b>van morir <\/b><span style=\"font-weight: 400;\">129 treballadores.\u00a0<\/span><\/p>\n<p><span style=\"font-weight: 400;\">Per\u00f2 la realitat \u00e9s m\u00e9s complexa. Els fets de Nova York van ser tres i no un \u00daNIC incendi:\u00a0<\/span><\/p>\n<ul>\n<li style=\"font-weight: 400;\" aria-level=\"1\"><span style=\"font-weight: 400;\">La vaga de Treballadores del t\u00e8xtil de 1857,\u00a0\u00a0<\/span><\/li>\n<li style=\"font-weight: 400;\" aria-level=\"1\"><span style=\"font-weight: 400;\">L&#8217;incendi de la f\u00e0brica Cotto i\u00a0\u00a0<\/span><\/li>\n<li style=\"font-weight: 400;\" aria-level=\"1\"><span style=\"font-weight: 400;\">L\u2019incendi de la Triangle Shirtwaist Company el dia 25 de mar\u00e7 de 1911, on van morir 142 treballadores.<\/span><\/li>\n<\/ul>\n<p><span style=\"font-weight: 400;\">Les primeres celebracions del Dia de la Dona van ser l\u2019\u00faltim diumenge de febrer de 1908.\u00a0<\/span><\/p>\n<p><span style=\"font-weight: 400;\">A Europa, l&#8217;any 1910, El Dia Internacional de la Dona queda fixat en la data del 8 de mar\u00e7 a partir de la Sortida al carrer (en protesta per la manca d&#8217;aliments) de les dones russes el 8 de mar\u00e7 de 1917.\u00a0<\/span><\/p>\n<p><span style=\"font-weight: 400;\">El sentit de la celebraci\u00f3 respon a la lluita de les dones treballadores per tal d&#8217;obtenir millores laborals i socials.\u00a0<\/span><\/p>\n<p><span style=\"font-weight: 400;\">Al llarg del s.XX el Dia de la Dona s&#8217;utilitza per reivindicar el Dret a vot femen\u00ed, ja que abans nom\u00e9s podien votar els homes.<\/span><\/p>\n<p><span style=\"font-weight: 400;\">Actualment respon al ressorgiment de les reivindicacions feministes dels anys seixanta i setanta; per\u00f2 va ser implantat oficialment per els Nacions Unides el 1977.<\/span><\/p>\n<p>&nbsp;<\/p>\n<p><span style=\"color: #800080;\"><b>I a l\u2019escola, com ho hem commemorat?<\/b><\/span><\/p>\n<p><span style=\"font-weight: 400;\">Dins del marc de les accions educatives que des de l\u2019escola fem al llarg del curs per anar impulsant amb l\u2019alumnat<\/span><span style=\"color: #800080;\"><b> la coeducaci\u00f3<\/b><\/span><span style=\"font-weight: 400;\">, ahir v\u00e0rem portar a terme diferents activitats relacionades amb el Dia Internacional de la Dona.\u00a0<\/span><\/p>\n<p><span style=\"font-weight: 400;\">Cada Comunitat va fer diverses propostes, des de visionat de v\u00eddeos i debats, lectura de not\u00edcies i an\u00e0lisi de les mateixes, explicaci\u00f3 de contes, representacions corporals, entre altres.<\/span><\/p>\n<p><span style=\"font-weight: 400;\">Com a escola hem impulsat la <\/span><span style=\"color: #800080;\"><b><i>creaci\u00f3 col\u00b7lectiva<\/i><\/b><\/span><span style=\"font-weight: 400;\"> d\u2019un missatge simulant el tradicional scrabble, partint de la frase:<\/span><\/p>\n<p style=\"text-align: center;\"><span style=\"color: #800080; font-size: 24px;\"><b>\u201c S\u00f3c i ser\u00e9 all\u00f2 que vulgui ser\u201d<\/b><\/span><\/p>\n<p>&nbsp;<\/p>\n<p><span style=\"font-weight: 400;\">Compartim amb vosaltres un petit tastet i us convidem a visionar les diferents activitats entrant als blocs de les Comunitats.<\/span><\/p>\n<p><a href=\"https:\/\/agora.xtec.cat\/escolapauvila\/wp-content\/uploads\/usu1565\/2023\/03\/IMG-20230308-WA0006.jpg\"><img loading=\"lazy\" decoding=\"async\" class=\"alignnone  wp-image-9438\" src=\"https:\/\/agora.xtec.cat\/escolapauvila\/wp-content\/uploads\/usu1565\/2023\/03\/IMG-20230308-WA0006.jpg\" alt=\"\" width=\"593\" height=\"189\" data-wp-editing=\"1\" srcset=\"https:\/\/agora.xtec.cat\/escolapauvila\/wp-content\/uploads\/usu1565\/2023\/03\/IMG-20230308-WA0006.jpg 1024w, https:\/\/agora.xtec.cat\/escolapauvila\/wp-content\/uploads\/usu1565\/2023\/03\/IMG-20230308-WA0006-300x96.jpg 300w, https:\/\/agora.xtec.cat\/escolapauvila\/wp-content\/uploads\/usu1565\/2023\/03\/IMG-20230308-WA0006-768x245.jpg 768w\" sizes=\"auto, (max-width: 593px) 100vw, 593px\" \/><\/a><\/p>\n<p><a href=\"https:\/\/agora.xtec.cat\/escolapauvila\/wp-content\/uploads\/usu1565\/2023\/03\/IMG-20230308-WA0020.jpg\"><img loading=\"lazy\" decoding=\"async\" class=\"wp-image-9442 alignright\" src=\"https:\/\/agora.xtec.cat\/escolapauvila\/wp-content\/uploads\/usu1565\/2023\/03\/IMG-20230308-WA0020-1024x768.jpg\" alt=\"\" width=\"400\" height=\"300\" srcset=\"https:\/\/agora.xtec.cat\/escolapauvila\/wp-content\/uploads\/usu1565\/2023\/03\/IMG-20230308-WA0020-1024x768.jpg 1024w, https:\/\/agora.xtec.cat\/escolapauvila\/wp-content\/uploads\/usu1565\/2023\/03\/IMG-20230308-WA0020-300x225.jpg 300w, https:\/\/agora.xtec.cat\/escolapauvila\/wp-content\/uploads\/usu1565\/2023\/03\/IMG-20230308-WA0020-768x576.jpg 768w, https:\/\/agora.xtec.cat\/escolapauvila\/wp-content\/uploads\/usu1565\/2023\/03\/IMG-20230308-WA0020-1536x1152.jpg 1536w, https:\/\/agora.xtec.cat\/escolapauvila\/wp-content\/uploads\/usu1565\/2023\/03\/IMG-20230308-WA0020-200x150.jpg 200w, https:\/\/agora.xtec.cat\/escolapauvila\/wp-content\/uploads\/usu1565\/2023\/03\/IMG-20230308-WA0020.jpg 2000w\" sizes=\"auto, (max-width: 400px) 100vw, 400px\" \/><\/a> <a href=\"https:\/\/agora.xtec.cat\/escolapauvila\/wp-content\/uploads\/usu1565\/2023\/03\/Sense-titol.png\"><img loading=\"lazy\" decoding=\"async\" class=\"wp-image-9451 aligncenter\" src=\"https:\/\/agora.xtec.cat\/escolapauvila\/wp-content\/uploads\/usu1565\/2023\/03\/Sense-titol.png\" alt=\"\" width=\"578\" height=\"282\" srcset=\"https:\/\/agora.xtec.cat\/escolapauvila\/wp-content\/uploads\/usu1565\/2023\/03\/Sense-titol.png 990w, https:\/\/agora.xtec.cat\/escolapauvila\/wp-content\/uploads\/usu1565\/2023\/03\/Sense-titol-300x146.png 300w, https:\/\/agora.xtec.cat\/escolapauvila\/wp-content\/uploads\/usu1565\/2023\/03\/Sense-titol-768x375.png 768w\" sizes=\"auto, (max-width: 578px) 100vw, 578px\" \/><\/a><a href=\"https:\/\/agora.xtec.cat\/escolapauvila\/wp-content\/uploads\/usu1565\/2023\/03\/IMG-20230308-WA0024.jpg\"><img loading=\"lazy\" decoding=\"async\" class=\"wp-image-9444 alignright\" src=\"https:\/\/agora.xtec.cat\/escolapauvila\/wp-content\/uploads\/usu1565\/2023\/03\/IMG-20230308-WA0024.jpg\" alt=\"\" width=\"403\" height=\"303\" srcset=\"https:\/\/agora.xtec.cat\/escolapauvila\/wp-content\/uploads\/usu1565\/2023\/03\/IMG-20230308-WA0024.jpg 1024w, https:\/\/agora.xtec.cat\/escolapauvila\/wp-content\/uploads\/usu1565\/2023\/03\/IMG-20230308-WA0024-300x225.jpg 300w, https:\/\/agora.xtec.cat\/escolapauvila\/wp-content\/uploads\/usu1565\/2023\/03\/IMG-20230308-WA0024-768x576.jpg 768w, https:\/\/agora.xtec.cat\/escolapauvila\/wp-content\/uploads\/usu1565\/2023\/03\/IMG-20230308-WA0024-200x150.jpg 200w\" sizes=\"auto, (max-width: 403px) 100vw, 403px\" \/><\/a><\/p>\n<p><a href=\"https:\/\/agora.xtec.cat\/escolapauvila\/wp-content\/uploads\/usu1565\/2023\/03\/IMG-20230308-WA0042.jpg\"><img loading=\"lazy\" decoding=\"async\" class=\"alignnone  wp-image-9446\" src=\"https:\/\/agora.xtec.cat\/escolapauvila\/wp-content\/uploads\/usu1565\/2023\/03\/IMG-20230308-WA0042-766x1024.jpg\" alt=\"\" width=\"296\" height=\"396\" srcset=\"https:\/\/agora.xtec.cat\/escolapauvila\/wp-content\/uploads\/usu1565\/2023\/03\/IMG-20230308-WA0042-766x1024.jpg 766w, https:\/\/agora.xtec.cat\/escolapauvila\/wp-content\/uploads\/usu1565\/2023\/03\/IMG-20230308-WA0042-224x300.jpg 224w, https:\/\/agora.xtec.cat\/escolapauvila\/wp-content\/uploads\/usu1565\/2023\/03\/IMG-20230308-WA0042-768x1027.jpg 768w, https:\/\/agora.xtec.cat\/escolapauvila\/wp-content\/uploads\/usu1565\/2023\/03\/IMG-20230308-WA0042-1149x1536.jpg 1149w, https:\/\/agora.xtec.cat\/escolapauvila\/wp-content\/uploads\/usu1565\/2023\/03\/IMG-20230308-WA0042.jpg 1532w\" sizes=\"auto, (max-width: 296px) 100vw, 296px\" \/><\/a><\/p>\n<p><a href=\"https:\/\/agora.xtec.cat\/escolapauvila\/wp-content\/uploads\/usu1565\/2023\/03\/IMG_4616-scaled.jpg\"><img loading=\"lazy\" decoding=\"async\" class=\"wp-image-9454 aligncenter\" src=\"https:\/\/agora.xtec.cat\/escolapauvila\/wp-content\/uploads\/usu1565\/2023\/03\/IMG_4616-1024x503.jpg\" alt=\"\" width=\"632\" height=\"311\" srcset=\"https:\/\/agora.xtec.cat\/escolapauvila\/wp-content\/uploads\/usu1565\/2023\/03\/IMG_4616-1024x503.jpg 1024w, https:\/\/agora.xtec.cat\/escolapauvila\/wp-content\/uploads\/usu1565\/2023\/03\/IMG_4616-300x147.jpg 300w, https:\/\/agora.xtec.cat\/escolapauvila\/wp-content\/uploads\/usu1565\/2023\/03\/IMG_4616-768x378.jpg 768w, https:\/\/agora.xtec.cat\/escolapauvila\/wp-content\/uploads\/usu1565\/2023\/03\/IMG_4616-1536x755.jpg 1536w, https:\/\/agora.xtec.cat\/escolapauvila\/wp-content\/uploads\/usu1565\/2023\/03\/IMG_4616-2048x1007.jpg 2048w\" sizes=\"auto, (max-width: 632px) 100vw, 632px\" \/><\/a><\/p>\n<p><span style=\"font-weight: 400;\">Tanquem aquesta entrada, <span style=\"color: #800080;\">lamentant i condemnant<\/span> les not\u00edcies que ens han impactat aquests dies i que, malaurdament fan necess\u00e0ria la visibilitzaci\u00f3 de la import\u00e0ncia de compartir amb els infants un missatge clar:<\/span><\/p>\n<p><a href=\"https:\/\/agora.xtec.cat\/escolapauvila\/wp-content\/uploads\/usu1565\/2023\/03\/Captura-de-pantalla-2023-03-08-132542.jpg\"><img loading=\"lazy\" decoding=\"async\" class=\" wp-image-9433 aligncenter\" src=\"https:\/\/agora.xtec.cat\/escolapauvila\/wp-content\/uploads\/usu1565\/2023\/03\/Captura-de-pantalla-2023-03-08-132542.jpg\" alt=\"\" width=\"322\" height=\"311\" srcset=\"https:\/\/agora.xtec.cat\/escolapauvila\/wp-content\/uploads\/usu1565\/2023\/03\/Captura-de-pantalla-2023-03-08-132542.jpg 421w, https:\/\/agora.xtec.cat\/escolapauvila\/wp-content\/uploads\/usu1565\/2023\/03\/Captura-de-pantalla-2023-03-08-132542-300x289.jpg 300w\" sizes=\"auto, (max-width: 322px) 100vw, 322px\" \/><\/a><\/p>\n<p><span style=\"font-weight: 400;\">Enviem un <span style=\"color: #800080;\">missatge de suport<\/span> i \u00e0nims a les persones que pateixen situacions vinculades a la desigualtat i viol\u00e8ncia de g\u00e8nere.\u00a0<\/span><\/p>\n<p><span style=\"font-weight: 400;\">Equip Educatiu, Escola PAU VILA\u00a0<\/span><\/p>\n<p style=\"text-align: right;\"><span style=\"font-weight: 400;\">Esparreguera,9 de mar\u00e7 de 2023.\u00a0<\/span><\/p>\n","protected":false},"excerpt":{"rendered":"<p>Per qu\u00e8 el 8 de Mar\u00e7 es commemora el dia internacional de la dona treballadora? Una mica d\u2019hist\u00f2ria\u2026<br \/>\nAquest dia est\u00e0 reconegut per l&#8217;Organitzaci\u00f3 de les Nacions Unides (ONU).\u00a0<br \/>\nCommemora la lluita de la dona per la seva participaci\u00f3, juntament amb l&#8217;home, al camp del treball i&hellip;  <a href=\"https:\/\/agora.xtec.cat\/escolapauvila\/general\/8-de-marc-dia-de-la-dona\/\" title=\"Read 8 DE MAR\u00c7: DIA DE LA DONA\">Llegeix m\u00e9s\u00bb<\/a><\/p>\n","protected":false},"author":1,"featured_media":9454,"comment_status":"open","ping_status":"closed","sticky":false,"template":"","format":"standard","meta":{"_bbp_topic_count":0,"_bbp_reply_count":0,"_bbp_total_topic_count":0,"_bbp_total_reply_count":0,"_bbp_voice_count":0,"_bbp_anonymous_reply_count":0,"_bbp_topic_count_hidden":0,"_bbp_reply_count_hidden":0,"_bbp_forum_subforum_count":0,"footnotes":""},"categories":[1,4],"tags":[],"class_list":["post-9432","post","type-post","status-publish","format-standard","has-post-thumbnail","hentry","category-general","category-portada"],"post_mailing_queue_ids":[],"_links":{"self":[{"href":"https:\/\/agora.xtec.cat\/escolapauvila\/wp-json\/wp\/v2\/posts\/9432","targetHints":{"allow":["GET"]}}],"collection":[{"href":"https:\/\/agora.xtec.cat\/escolapauvila\/wp-json\/wp\/v2\/posts"}],"about":[{"href":"https:\/\/agora.xtec.cat\/escolapauvila\/wp-json\/wp\/v2\/types\/post"}],"author":[{"embeddable":true,"href":"https:\/\/agora.xtec.cat\/escolapauvila\/wp-json\/wp\/v2\/users\/1"}],"replies":[{"embeddable":true,"href":"https:\/\/agora.xtec.cat\/escolapauvila\/wp-json\/wp\/v2\/comments?post=9432"}],"version-history":[{"count":3,"href":"https:\/\/agora.xtec.cat\/escolapauvila\/wp-json\/wp\/v2\/posts\/9432\/revisions"}],"predecessor-version":[{"id":9456,"href":"https:\/\/agora.xtec.cat\/escolapauvila\/wp-json\/wp\/v2\/posts\/9432\/revisions\/9456"}],"wp:featuredmedia":[{"embeddable":true,"href":"https:\/\/agora.xtec.cat\/escolapauvila\/wp-json\/wp\/v2\/media\/9454"}],"wp:attachment":[{"href":"https:\/\/agora.xtec.cat\/escolapauvila\/wp-json\/wp\/v2\/media?parent=9432"}],"wp:term":[{"taxonomy":"category","embeddable":true,"href":"https:\/\/agora.xtec.cat\/escolapauvila\/wp-json\/wp\/v2\/categories?post=9432"},{"taxonomy":"post_tag","embeddable":true,"href":"https:\/\/agora.xtec.cat\/escolapauvila\/wp-json\/wp\/v2\/tags?post=9432"}],"curies":[{"name":"wp","href":"https:\/\/api.w.org\/{rel}","templated":true}]}}