{"id":9356,"date":"2023-02-20T19:59:46","date_gmt":"2023-02-20T18:59:46","guid":{"rendered":"https:\/\/agora.xtec.cat\/escolapauvila\/?p=9356"},"modified":"2023-02-27T19:41:59","modified_gmt":"2023-02-27T18:41:59","slug":"projecte-sobre-la-colonia-sedo","status":"publish","type":"post","link":"https:\/\/agora.xtec.cat\/escolapauvila\/portada\/projecte-sobre-la-colonia-sedo\/","title":{"rendered":"Projecte sobre la Col\u00f2nia Sed\u00f3"},"content":{"rendered":"<p><span style=\"font-weight: 400;\">En el marc de l\u2019eix d\u2019escola, <\/span><b>arRelats a Esparreguera<\/b><span style=\"font-weight: 400;\">, veiem la necessitat d\u2019apropar-nos al territori. A la vila hi ha la <\/span><a href=\"https:\/\/ca.wikipedia.org\/wiki\/Col%C3%B2nia_Sed%C3%B3\"><b>Col\u00f2nia Sed\u00f3<\/b><\/a><span style=\"font-weight: 400;\">, antiga col\u00f2nia industrial t\u00e8xtil, i l&#8217;alumnat de sis\u00e8 hem volgut con\u00e8ixer millor el que \u00e9s i el que representa.<\/span><\/p>\n<p>En aquest sentit, hem estat recollint informaci\u00f3 de diferents fonts (llibres, publicades a la xarxa, orals&#8230;). Amb tot aix\u00f2 hem pogut realitzar una investigaci\u00f3 (gr\u00e0cies, Josep Maria!) i posteriorment una presentaci\u00f3 dels diferents aspectes que m\u00e9s ens han interessat: com vivien les treballadores i els treballadors, quins edificis hi havia, com funcionava la f\u00e0brica&#8230;<\/p>\n<p><img loading=\"lazy\" decoding=\"async\" class=\"aligncenter wp-image-9357 size-medium\" src=\"https:\/\/agora.xtec.cat\/escolapauvila\/wp-content\/uploads\/usu1565\/2023\/02\/IMG_7969-300x225.jpg\" alt=\"\" width=\"300\" height=\"225\" srcset=\"https:\/\/agora.xtec.cat\/escolapauvila\/wp-content\/uploads\/usu1565\/2023\/02\/IMG_7969-300x225.jpg 300w, https:\/\/agora.xtec.cat\/escolapauvila\/wp-content\/uploads\/usu1565\/2023\/02\/IMG_7969-200x150.jpg 200w, https:\/\/agora.xtec.cat\/escolapauvila\/wp-content\/uploads\/usu1565\/2023\/02\/IMG_7969.jpg 448w\" sizes=\"auto, (max-width: 300px) 100vw, 300px\" \/><\/p>\n<p>A m\u00e9s, vam rebre un enc\u00e0rrec molt especial. L&#8217;Ani, u<span style=\"font-weight: 400;\">n membre de l\u2019entitat<\/span> <a href=\"https:\/\/www.facebook.com\/petjadesdecolors\/\"><b>Petjades de Colors<\/b><\/a><span style=\"font-weight: 400;\">, col\u00b7lectiu de persones amb diversitat funcional d\u2019Esparreguera, ens va demanar a partir d\u2019un v\u00eddeo que l&#8217;ajud\u00e9ssim a con\u00e8ixer aquest espai, i a la vegada que li f\u00e9ssim m\u00e9s accessible per a una persona amb problemes de visi\u00f3. Gr\u00e0cies a aix\u00f2 hem dissenyat uns p\u00f2sters amb la informaci\u00f3 recollida, que duien un codi QR amb \u00e0udios enlla\u00e7ats.<\/span><\/p>\n<p><img loading=\"lazy\" decoding=\"async\" class=\"aligncenter wp-image-9358 size-medium\" src=\"https:\/\/agora.xtec.cat\/escolapauvila\/wp-content\/uploads\/usu1565\/2023\/02\/IMG20230220110808-300x227.jpg\" alt=\"\" width=\"300\" height=\"227\" srcset=\"https:\/\/agora.xtec.cat\/escolapauvila\/wp-content\/uploads\/usu1565\/2023\/02\/IMG20230220110808-300x227.jpg 300w, https:\/\/agora.xtec.cat\/escolapauvila\/wp-content\/uploads\/usu1565\/2023\/02\/IMG20230220110808-200x150.jpg 200w, https:\/\/agora.xtec.cat\/escolapauvila\/wp-content\/uploads\/usu1565\/2023\/02\/IMG20230220110808.jpg 444w\" sizes=\"auto, (max-width: 300px) 100vw, 300px\" \/><\/p>\n<p>Ha estat una activitat molt enriquidora, que hem tancat aquest mat\u00ed amb una sortida per penjar els p\u00f2sters. L&#8217;Ani tamb\u00e9 ens hi ha acompanyat, amb l&#8217;ajuda de la seva <a href=\"https:\/\/assets.isu.pub\/document-structure\/201113102739-10e9b3ba6186a52541200b318c270b04\/v1\/cd6368fd7d87c253439595f8dd742d56.jpg\">barra direccional<\/a> per poder fer tota la travessa a peu.<\/p>\n<p><img loading=\"lazy\" decoding=\"async\" class=\"aligncenter wp-image-9360 size-medium\" src=\"https:\/\/agora.xtec.cat\/escolapauvila\/wp-content\/uploads\/usu1565\/2023\/02\/barra-225x300.jpg\" alt=\"\" width=\"225\" height=\"300\" srcset=\"https:\/\/agora.xtec.cat\/escolapauvila\/wp-content\/uploads\/usu1565\/2023\/02\/barra-225x300.jpg 225w, https:\/\/agora.xtec.cat\/escolapauvila\/wp-content\/uploads\/usu1565\/2023\/02\/barra.jpg 586w\" sizes=\"auto, (max-width: 225px) 100vw, 225px\" \/><\/p>\n<p>Aqu\u00ed teniu tamb\u00e9 l&#8217;enlla\u00e7 a la not\u00edcia que ha penjat l&#8217;associaci\u00f3 al seu <a href=\"https:\/\/www.instagram.com\/p\/Co97W2TIrve\/?utm_source=ig_web_copy_link\">Instagram<\/a>.<\/p>\n<p>Coneixem el territori, ajudem persones de col\u00b7lectius diversos, investiguem, produ\u00efm documents digitals, escoltem xerrades d&#8217;experts, fem sortides a la natura&#8230; Aix\u00ed som els i les alumnes de sis\u00e8!<\/p>\n","protected":false},"excerpt":{"rendered":"<p>En el marc de l\u2019eix d\u2019escola, arRelats a Esparreguera, veiem la necessitat d\u2019apropar-nos al territori. A la vila hi ha la <a href=\"https:\/\/ca.wikipedia.org\/wiki\/Col%C3%B2nia_Sed%C3%B3\">Col\u00f2nia Sed\u00f3<\/a>, antiga col\u00f2nia industrial t\u00e8xtil, i l&#8217;alumnat de sis\u00e8 hem volgut con\u00e8ixer millor el que \u00e9s i el que representa.<br \/>\nEn aquest sentit,&hellip;  <a href=\"https:\/\/agora.xtec.cat\/escolapauvila\/portada\/projecte-sobre-la-colonia-sedo\/\" title=\"Read Projecte sobre la Col\u00f2nia Sed\u00f3\">Llegeix m\u00e9s\u00bb<\/a><\/p>\n","protected":false},"author":1,"featured_media":9358,"comment_status":"open","ping_status":"closed","sticky":false,"template":"","format":"standard","meta":{"_bbp_topic_count":0,"_bbp_reply_count":0,"_bbp_total_topic_count":0,"_bbp_total_reply_count":0,"_bbp_voice_count":0,"_bbp_anonymous_reply_count":0,"_bbp_topic_count_hidden":0,"_bbp_reply_count_hidden":0,"_bbp_forum_subforum_count":0,"footnotes":""},"categories":[15,61,4],"tags":[270,90,305],"class_list":["post-9356","post","type-post","status-publish","format-standard","has-post-thumbnail","hentry","category-6e","category-grans","category-portada","tag-arrelats","tag-nascuts2011","tag-petjades-de-colors"],"post_mailing_queue_ids":[],"_links":{"self":[{"href":"https:\/\/agora.xtec.cat\/escolapauvila\/wp-json\/wp\/v2\/posts\/9356","targetHints":{"allow":["GET"]}}],"collection":[{"href":"https:\/\/agora.xtec.cat\/escolapauvila\/wp-json\/wp\/v2\/posts"}],"about":[{"href":"https:\/\/agora.xtec.cat\/escolapauvila\/wp-json\/wp\/v2\/types\/post"}],"author":[{"embeddable":true,"href":"https:\/\/agora.xtec.cat\/escolapauvila\/wp-json\/wp\/v2\/users\/1"}],"replies":[{"embeddable":true,"href":"https:\/\/agora.xtec.cat\/escolapauvila\/wp-json\/wp\/v2\/comments?post=9356"}],"version-history":[{"count":3,"href":"https:\/\/agora.xtec.cat\/escolapauvila\/wp-json\/wp\/v2\/posts\/9356\/revisions"}],"predecessor-version":[{"id":9369,"href":"https:\/\/agora.xtec.cat\/escolapauvila\/wp-json\/wp\/v2\/posts\/9356\/revisions\/9369"}],"wp:featuredmedia":[{"embeddable":true,"href":"https:\/\/agora.xtec.cat\/escolapauvila\/wp-json\/wp\/v2\/media\/9358"}],"wp:attachment":[{"href":"https:\/\/agora.xtec.cat\/escolapauvila\/wp-json\/wp\/v2\/media?parent=9356"}],"wp:term":[{"taxonomy":"category","embeddable":true,"href":"https:\/\/agora.xtec.cat\/escolapauvila\/wp-json\/wp\/v2\/categories?post=9356"},{"taxonomy":"post_tag","embeddable":true,"href":"https:\/\/agora.xtec.cat\/escolapauvila\/wp-json\/wp\/v2\/tags?post=9356"}],"curies":[{"name":"wp","href":"https:\/\/api.w.org\/{rel}","templated":true}]}}