{"id":9344,"date":"2023-03-01T08:36:11","date_gmt":"2023-03-01T07:36:11","guid":{"rendered":"https:\/\/agora.xtec.cat\/escolapauvila\/?p=9344"},"modified":"2023-03-01T08:36:11","modified_gmt":"2023-03-01T07:36:11","slug":"trencadis-de-cancons","status":"publish","type":"post","link":"https:\/\/agora.xtec.cat\/escolapauvila\/petits\/trencadis-de-cancons\/","title":{"rendered":"TRENCAD\u00cdS DE CAN\u00c7ONS"},"content":{"rendered":"<p>EL <span style=\"font-size: 20px;\"><strong><span style=\"color: #ff0000;\">D<\/span>IMARTS 28<\/strong><\/span> DE FEBRER ELS NENS I NENES D&#8217;I4 VAM ANAR AL <strong><span style=\"font-size: 20px;\"><span style=\"color: #ff0000;\">P<\/span>ALAU <span style=\"color: #ff0000;\">D<\/span>E <span style=\"color: #ff0000;\">L<\/span>A <span style=\"color: #ff0000;\">M<\/span>\u00daSICA,<\/span><\/strong> A GAUDIR DE L&#8217;ESPECTACLE DE <span style=\"font-size: 20px;\">DANSA<\/span>, <span style=\"font-size: 20px;\">M\u00daSICA<\/span> I<span style=\"font-size: 20px;\"> POESIA<\/span> DEL <strong><span style=\"font-size: 24px;\"><span style=\"color: #ff0000;\">T<\/span>RENCAD\u00cdS<span style=\"color: #ff0000;\"> D<\/span>E <span style=\"color: #ff0000;\">C<\/span>AN\u00c7ONS.\u00a0<\/span><\/strong><\/p>\n<p><a href=\"https:\/\/youtu.be\/bulgXrP6Z8Q\"><img loading=\"lazy\" decoding=\"async\" class=\"alignnone size-full wp-image-9347\" src=\"https:\/\/agora.xtec.cat\/escolapauvila\/wp-content\/uploads\/usu1565\/2023\/02\/Captura-de-Pantalla-2023-02-20-a-les-10.36.43.png\" alt=\"\" width=\"954\" height=\"622\" srcset=\"https:\/\/agora.xtec.cat\/escolapauvila\/wp-content\/uploads\/usu1565\/2023\/02\/Captura-de-Pantalla-2023-02-20-a-les-10.36.43.png 954w, https:\/\/agora.xtec.cat\/escolapauvila\/wp-content\/uploads\/usu1565\/2023\/02\/Captura-de-Pantalla-2023-02-20-a-les-10.36.43-300x196.png 300w, https:\/\/agora.xtec.cat\/escolapauvila\/wp-content\/uploads\/usu1565\/2023\/02\/Captura-de-Pantalla-2023-02-20-a-les-10.36.43-768x501.png 768w\" sizes=\"auto, (max-width: 954px) 100vw, 954px\" \/><\/a><\/p>\n<p>L&#8217;OBJECTIU DE LA SORTIDA HA ESTAT ESTIMULAR LA IMAGINACI\u00d3 I CREATIVITAT DELS INFANTS, PER MITJ\u00c0 D&#8217;UN ESPECTACLE QUE COMBINA POESIA, CAN\u00c7\u00d3 POPULAR I D&#8217;AUTOR I UNA ESCENOGRAFIA BASADA EN ELEMENTS ARQUITECT\u00d2NICS I PL\u00c0STICS DEL PALAU.<\/p>\n<p>ABANS DE LA SORTIDA, REALITZEM UN TREBALL A L&#8217;ESCOLA, DURANT EL PRIMER I PART DEL SEGON TRIMESTRE, ON HEM ANAT CONEIXENT, VIVENCIANT AMB EL COS, I ESCOLTANT LES DIFERENTS CAN\u00c7ONS I DANSES DE L&#8217;ESPECTACLE.<\/p>\n<p>US DEIXEM EL RECULL D&#8217;ALGUNES DE LES CAN\u00c7ONS QUE HEM ANAT TREBALLANT, PREVI A LA SORTIDA.<\/p>\n<p><span style=\"font-size: 20px;\">LA GATA I EL BELITRE<\/span><\/p>\n<!--[if lt IE 9]><script>document.createElement('audio');<\/script><![endif]-->\n<audio class=\"wp-audio-shortcode\" id=\"audio-9344-1\" preload=\"none\" style=\"width: 100%;\" controls=\"controls\"><source type=\"audio\/mpeg\" src=\"https:\/\/www.palaumusica.cat\/03-la-gata-i-el-belitre_638357.mp3?_=1\" \/><a href=\"https:\/\/www.palaumusica.cat\/03-la-gata-i-el-belitre_638357.mp3\">https:\/\/www.palaumusica.cat\/03-la-gata-i-el-belitre_638357.mp3<\/a><\/audio>\n<p><span style=\"font-size: 20px;\">SOM ELS BOMBERS<\/span><\/p>\n<audio class=\"wp-audio-shortcode\" id=\"audio-9344-2\" preload=\"none\" style=\"width: 100%;\" controls=\"controls\"><source type=\"audio\/mpeg\" src=\"https:\/\/www.palaumusica.cat\/08-som-els-bombers_638375.mp3?_=2\" \/><a href=\"https:\/\/www.palaumusica.cat\/08-som-els-bombers_638375.mp3\">https:\/\/www.palaumusica.cat\/08-som-els-bombers_638375.mp3<\/a><\/audio>\n<p><span style=\"font-size: 20px;\">PERDIUETA NOVELLETA<\/span><\/p>\n<audio class=\"wp-audio-shortcode\" id=\"audio-9344-3\" preload=\"none\" style=\"width: 100%;\" controls=\"controls\"><source type=\"audio\/mpeg\" src=\"https:\/\/www.palaumusica.cat\/11-la-perdiueta_638377.mp3?_=3\" \/><a href=\"https:\/\/www.palaumusica.cat\/11-la-perdiueta_638377.mp3\">https:\/\/www.palaumusica.cat\/11-la-perdiueta_638377.mp3<\/a><\/audio>\n<p><span style=\"font-size: 20px;\">EL JOC DE LES PEDRETES<\/span><\/p>\n<audio class=\"wp-audio-shortcode\" id=\"audio-9344-4\" preload=\"none\" style=\"width: 100%;\" controls=\"controls\"><source type=\"audio\/mpeg\" src=\"https:\/\/www.palaumusica.cat\/12-el-joc-de-les-pedretes_638370.mp3?_=4\" \/><a href=\"https:\/\/www.palaumusica.cat\/12-el-joc-de-les-pedretes_638370.mp3\">https:\/\/www.palaumusica.cat\/12-el-joc-de-les-pedretes_638370.mp3<\/a><\/audio>\n<p><span style=\"font-size: 20px;\">A LA VORA DEL CAM\u00cd<\/span><\/p>\n<audio class=\"wp-audio-shortcode\" id=\"audio-9344-5\" preload=\"none\" style=\"width: 100%;\" controls=\"controls\"><source type=\"audio\/mpeg\" src=\"https:\/\/www.palaumusica.cat\/07-a-la-vora-del-cami-can\u00e7o_638374.mp3?_=5\" \/><a href=\"https:\/\/www.palaumusica.cat\/07-a-la-vora-del-cami-can\u00e7o_638374.mp3\">https:\/\/www.palaumusica.cat\/07-a-la-vora-del-cami-can\u00e7o_638374.mp3<\/a><\/audio>\n<p><span style=\"font-size: 20px;\">CAN\u00c7\u00d3 DEL CAPIT\u00c0<\/span><\/p>\n<audio class=\"wp-audio-shortcode\" id=\"audio-9344-6\" preload=\"none\" style=\"width: 100%;\" controls=\"controls\"><source type=\"audio\/mpeg\" src=\"https:\/\/www.palaumusica.cat\/16-la-can\u00e7o-del-capita_638408.mp3?_=6\" \/><a href=\"https:\/\/www.palaumusica.cat\/16-la-can\u00e7o-del-capita_638408.mp3\">https:\/\/www.palaumusica.cat\/16-la-can\u00e7o-del-capita_638408.mp3<\/a><\/audio>\n<p>&nbsp;<\/p>\n<p><a href=\"https:\/\/agora.xtec.cat\/escolapauvila\/wp-content\/uploads\/usu1565\/2023\/02\/IMG_1374-2.heic\"><img loading=\"lazy\" decoding=\"async\" class=\"alignnone size-large wp-image-9345\" src=\"https:\/\/agora.xtec.cat\/escolapauvila\/wp-content\/uploads\/usu1565\/2023\/02\/IMG_1374-2.heic\" alt=\"\" width=\"1\" height=\"1\" \/><\/a><a href=\"https:\/\/agora.xtec.cat\/escolapauvila\/wp-content\/uploads\/usu1565\/2023\/02\/IMG_1374-min-scaled.jpg\"><img loading=\"lazy\" decoding=\"async\" class=\"alignnone size-large wp-image-9346\" src=\"https:\/\/agora.xtec.cat\/escolapauvila\/wp-content\/uploads\/usu1565\/2023\/02\/IMG_1374-min-768x1024.jpg\" alt=\"\" width=\"768\" height=\"1024\" srcset=\"https:\/\/agora.xtec.cat\/escolapauvila\/wp-content\/uploads\/usu1565\/2023\/02\/IMG_1374-min-768x1024.jpg 768w, https:\/\/agora.xtec.cat\/escolapauvila\/wp-content\/uploads\/usu1565\/2023\/02\/IMG_1374-min-225x300.jpg 225w, https:\/\/agora.xtec.cat\/escolapauvila\/wp-content\/uploads\/usu1565\/2023\/02\/IMG_1374-min-1152x1536.jpg 1152w, https:\/\/agora.xtec.cat\/escolapauvila\/wp-content\/uploads\/usu1565\/2023\/02\/IMG_1374-min-1536x2048.jpg 1536w, https:\/\/agora.xtec.cat\/escolapauvila\/wp-content\/uploads\/usu1565\/2023\/02\/IMG_1374-min-scaled.jpg 1920w\" sizes=\"auto, (max-width: 768px) 100vw, 768px\" \/><\/a><\/p>\n<p>&nbsp;<\/p>\n<p>&nbsp;<\/p>\n<p>&nbsp;<\/p>\n<p>&nbsp;<\/p>\n<p>&nbsp;<\/p>\n<p>&nbsp;<\/p>\n","protected":false},"excerpt":{"rendered":"<p>EL DIMARTS 28 DE FEBRER ELS NENS I NENES D&#8217;I4 VAM ANAR AL PALAU DE LA M\u00daSICA, A GAUDIR DE L&#8217;ESPECTACLE DE DANSA, M\u00daSICA I POESIA DEL TRENCAD\u00cdS DE CAN\u00c7ONS.\u00a0<br \/>\n<a href=\"https:\/\/youtu.be\/bulgXrP6Z8Q\"><\/a><br \/>\nL&#8217;OBJECTIU DE LA SORTIDA HA ESTAT ESTIMULAR LA IMAGINACI\u00d3 I CREATIVITAT DELS INFANTS, PER MITJ\u00c0&hellip;  <a href=\"https:\/\/agora.xtec.cat\/escolapauvila\/petits\/trencadis-de-cancons\/\" title=\"Read TRENCAD\u00cdS DE CAN\u00c7ONS\">Llegeix m\u00e9s\u00bb<\/a><\/p>\n","protected":false},"author":1,"featured_media":9385,"comment_status":"open","ping_status":"closed","sticky":false,"template":"","format":"standard","meta":{"_bbp_topic_count":0,"_bbp_reply_count":0,"_bbp_total_topic_count":0,"_bbp_total_reply_count":0,"_bbp_voice_count":0,"_bbp_anonymous_reply_count":0,"_bbp_topic_count_hidden":0,"_bbp_reply_count_hidden":0,"_bbp_forum_subforum_count":0,"footnotes":""},"categories":[2,8],"tags":[246,271,272,254],"class_list":["post-9344","post","type-post","status-publish","format-standard","has-post-thumbnail","hentry","category-petits","category-ei4","tag-comunitat-petits-i-petites","tag-ei4a22-23","tag-ei4b22-23","tag-nascuts-2018"],"post_mailing_queue_ids":[],"_links":{"self":[{"href":"https:\/\/agora.xtec.cat\/escolapauvila\/wp-json\/wp\/v2\/posts\/9344","targetHints":{"allow":["GET"]}}],"collection":[{"href":"https:\/\/agora.xtec.cat\/escolapauvila\/wp-json\/wp\/v2\/posts"}],"about":[{"href":"https:\/\/agora.xtec.cat\/escolapauvila\/wp-json\/wp\/v2\/types\/post"}],"author":[{"embeddable":true,"href":"https:\/\/agora.xtec.cat\/escolapauvila\/wp-json\/wp\/v2\/users\/1"}],"replies":[{"embeddable":true,"href":"https:\/\/agora.xtec.cat\/escolapauvila\/wp-json\/wp\/v2\/comments?post=9344"}],"version-history":[{"count":4,"href":"https:\/\/agora.xtec.cat\/escolapauvila\/wp-json\/wp\/v2\/posts\/9344\/revisions"}],"predecessor-version":[{"id":9406,"href":"https:\/\/agora.xtec.cat\/escolapauvila\/wp-json\/wp\/v2\/posts\/9344\/revisions\/9406"}],"wp:featuredmedia":[{"embeddable":true,"href":"https:\/\/agora.xtec.cat\/escolapauvila\/wp-json\/wp\/v2\/media\/9385"}],"wp:attachment":[{"href":"https:\/\/agora.xtec.cat\/escolapauvila\/wp-json\/wp\/v2\/media?parent=9344"}],"wp:term":[{"taxonomy":"category","embeddable":true,"href":"https:\/\/agora.xtec.cat\/escolapauvila\/wp-json\/wp\/v2\/categories?post=9344"},{"taxonomy":"post_tag","embeddable":true,"href":"https:\/\/agora.xtec.cat\/escolapauvila\/wp-json\/wp\/v2\/tags?post=9344"}],"curies":[{"name":"wp","href":"https:\/\/api.w.org\/{rel}","templated":true}]}}