{"id":9298,"date":"2023-02-03T15:56:26","date_gmt":"2023-02-03T14:56:26","guid":{"rendered":"https:\/\/agora.xtec.cat\/escolapauvila\/?p=9298"},"modified":"2023-02-03T21:30:43","modified_gmt":"2023-02-03T20:30:43","slug":"el-dia-de-la-pau-a-la-comunitat-de-petites","status":"publish","type":"post","link":"https:\/\/agora.xtec.cat\/escolapauvila\/petits\/el-dia-de-la-pau-a-la-comunitat-de-petites\/","title":{"rendered":"EL DIA DE LA PAU A LA COMUNITAT DE PETITES."},"content":{"rendered":"<p>PER INICIAR LA CONVERSA I EL TREBALL SOBRE LA <strong><span style=\"font-size: 24px;\"><span style=\"color: #ff0000;\">P<\/span>AU<\/span><\/strong>, A LA COMUNITAT DE PETITS I PETITES VAM TRIAR EL CONTE DE &#8220;EL SENYOR PAU I LA SENYORA GUERRA&#8221;<\/p>\n<p>ELS INFANTS D&#8217;I3 VAN INICIAR VISUALITZANT EL SEG\u00dcENT V\u00cdDEO:<\/p>\n<p><iframe loading=\"lazy\" title=\"El senyor Guerra i la senyora Pau (2007)\" width=\"500\" height=\"375\" src=\"https:\/\/www.youtube.com\/embed\/fokRWTEXJ7k?feature=oembed\" frameborder=\"0\" allow=\"accelerometer; autoplay; clipboard-write; encrypted-media; gyroscope; picture-in-picture; web-share\" referrerpolicy=\"strict-origin-when-cross-origin\" allowfullscreen><\/iframe><\/p>\n<p>TOT SEGUIT VAN CONVERSAR SOBRE ALL\u00d2 QUE SIGNIFICA LA <strong><span style=\"font-size: 24px;\"><span style=\"color: #ff0000;\">G<\/span>UERRA<\/span><\/strong> I LA <span style=\"font-size: 24px;\"><strong><span style=\"color: #ff0000;\">P<\/span>AU<\/strong><\/span>, I VAN FER UN RECULL DE PARAULES BONIQUES DE PAU: AJUDAR, PERD\u00d3, ABRA\u00c7ADES, PETONS, ESTIMAR, ESTAR CONTENTS I AMICS.<\/p>\n<p>FINALMENT LES VAN ESCRIURE I PLASMAR MITJAN\u00c7ANT L&#8217;EXPRESSI\u00d3 PL\u00c0STICA CONSTRUINT COL\u00b7LECTICAMENT AQUEST MURAL:<\/p>\n<p><a href=\"https:\/\/agora.xtec.cat\/escolapauvila\/wp-content\/uploads\/usu1565\/2023\/02\/IMG_6201.jpg\"><img loading=\"lazy\" decoding=\"async\" class=\"alignnone size-full wp-image-9304\" src=\"https:\/\/agora.xtec.cat\/escolapauvila\/wp-content\/uploads\/usu1565\/2023\/02\/IMG_6201.jpg\" alt=\"\" width=\"1024\" height=\"768\" srcset=\"https:\/\/agora.xtec.cat\/escolapauvila\/wp-content\/uploads\/usu1565\/2023\/02\/IMG_6201.jpg 1024w, https:\/\/agora.xtec.cat\/escolapauvila\/wp-content\/uploads\/usu1565\/2023\/02\/IMG_6201-300x225.jpg 300w, https:\/\/agora.xtec.cat\/escolapauvila\/wp-content\/uploads\/usu1565\/2023\/02\/IMG_6201-768x576.jpg 768w, https:\/\/agora.xtec.cat\/escolapauvila\/wp-content\/uploads\/usu1565\/2023\/02\/IMG_6201-200x150.jpg 200w\" sizes=\"auto, (max-width: 1024px) 100vw, 1024px\" \/><\/a><\/p>\n<p>ELS INFANTS D&#8217;I4 TAMB\u00c9 VAN COME\u00c7AR AMB LA VISUALITZACI\u00d3 DEL V\u00cdDEO QUE US HEM EXPLICAT ANTERIORMENT i VAN INICAR UNA CONVERSA SOBRE EL QUE ELS HI HAVIA SEMBLAT:<\/p>\n<ul>\n<li>EL SR. GUERRA ES TORNA M\u00c9S BO.<\/li>\n<li>PERQU\u00c8 TIRA GALLEDES D\u2019AIGUA I NO BOMBES.<\/li>\n<li>I AJUDA A LA SRA. PAU A APAGAR EL FOC.<\/li>\n<\/ul>\n<p>AQUESTES IDEES VAN DONAR PER A TREBALLAR EL CONCEPTE DE <strong><span style=\"font-size: 20px;\"><span style=\"color: #ff0000;\">P<\/span>AU<\/span><\/strong> EN LA CONVIV\u00c8NCIA AMB ELS ALTRES I POSAR CONSCI\u00c8NCIA EN VALORS COM EL RESPECTE, L&#8217; EMPATIA, L\u2019AMISTAT O L\u2019AMOR. D&#8217;AQUESTA MANERA, ELS INFANTS VAN PODER\u00a0 FER UN RECULL D&#8217;ACCIONS PER SER AMABLES AMB ELS ALTRES:<\/p>\n<ul>\n<li>DIR GR\u00c0CIES I PARAULES BONIQUES.<\/li>\n<li>AJUDAR ALS ALTRES QUAN ES FAN MAL<\/li>\n<li>FER ABRA\u00c7ADES I PETONS<\/li>\n<li>PENSAR AMB ELS ALTRES: EN MOMENTS EN QU\u00c8 ES FAN MAL, NECESSITEN AJUDA PER FER ALGUNA COSA,&#8230;<\/li>\n<\/ul>\n<p>EL DIA DELS NENS I LES NENES DE I4 VA FINALITZAR RSCOLTANT LA CAN\u00c7\u00d3 DE <strong><em>LA FESTA DE LA PAU.<\/em><\/strong><\/p>\n<p><iframe loading=\"lazy\" title=\"D\u00e0maris Gelabert &amp; Convidats - La festa de la pau (Videoclip Oficial) #can\u00e7onsinfantils #fam\u00edlia\" width=\"500\" height=\"281\" src=\"https:\/\/www.youtube.com\/embed\/-ISx80tGzgg?feature=oembed\" frameborder=\"0\" allow=\"accelerometer; autoplay; clipboard-write; encrypted-media; gyroscope; picture-in-picture; web-share\" referrerpolicy=\"strict-origin-when-cross-origin\" allowfullscreen><\/iframe><\/p>\n<p>ALS INFANTS D&#8217;I5 ELS COSTAVA ENTENDRE EL CONCEPTE DE <strong><span style=\"font-size: 20px;\"><span style=\"color: #ff0000;\">P<\/span>AU <\/span><\/strong><span style=\"font-size: 16px;\">DESPR\u00c9S DE QUE L&#8217;ESTER ELS HEXPLIQU\u00c8S EL CONTE,<\/span><span style=\"font-size: 20px;\">\u00a0<span style=\"font-size: 16px;\">I LES MESTRES VAN DECIDIR PARLAR DE L&#8217;ALTRE PERSONATGE DEL CONTE LA <strong><span style=\"font-size: 20px;\"><span style=\"color: #ff0000;\">G<\/span>UERRA<\/span><\/strong><\/span><span style=\"font-size: 20px;\">:<\/span><\/span><\/p>\n<ul>\n<li>GUERRA \u00c9S QUAN ES JUNTEN UN PA\u00cdS AMB UN ALTRE I TIREN COETS, ES FAN MAL, ES DISPAREN&#8230;<\/li>\n<li>MOLTES PERSONES QUE S\u00d3N UN GRUP S&#8217;ENFRONTEN AMB UNS ALTREN I LLUITEN.<\/li>\n<li>\u00c9S QUAN TIREN BOMBES I MATEB A PERSONES. CADA VEGADA QUE MATEN ES FA M\u00c9S GRAN EL PA\u00cdS.<\/li>\n<\/ul>\n<p><a href=\"https:\/\/agora.xtec.cat\/escolapauvila\/wp-content\/uploads\/usu1565\/2023\/02\/IMG_6073.jpg\"><img loading=\"lazy\" decoding=\"async\" class=\"alignnone size-full wp-image-9305\" src=\"https:\/\/agora.xtec.cat\/escolapauvila\/wp-content\/uploads\/usu1565\/2023\/02\/IMG_6073.jpg\" alt=\"\" width=\"640\" height=\"480\" srcset=\"https:\/\/agora.xtec.cat\/escolapauvila\/wp-content\/uploads\/usu1565\/2023\/02\/IMG_6073.jpg 640w, https:\/\/agora.xtec.cat\/escolapauvila\/wp-content\/uploads\/usu1565\/2023\/02\/IMG_6073-300x225.jpg 300w, https:\/\/agora.xtec.cat\/escolapauvila\/wp-content\/uploads\/usu1565\/2023\/02\/IMG_6073-200x150.jpg 200w\" sizes=\"auto, (max-width: 640px) 100vw, 640px\" \/><\/a><\/p>\n<p>A PARTIR D&#8217;AQU\u00cd ES VA LLEN\u00c7AR LA PREGUNTA: QU\u00c8 VOL DIR &#8220;ESTAR EN PAU&#8221;? O &#8220;FER LES PAUS?&#8221;<\/p>\n<ul>\n<li>ESTAR TRANQUILS I NO BARALLAR-SE.<\/li>\n<li>ESTIMAR-SE, FER-SE PETONS I NO JUGAR A LLUITES.<\/li>\n<li>HEM DE SER AMICS I NO FER MAL.<\/li>\n<\/ul>\n<p>I D&#8217;AQU\u00cd VAN SORGIR SOLUCIONS PER A LES GUERRES I PER A QUAN ESTEM ENFADATS:<\/p>\n<ul>\n<li>NO FER MAL AL COR.<\/li>\n<li>PARLAR.<\/li>\n<\/ul>\n<p>TOT UN ALLI\u00c7ONAMENT QUE ELS PETITS ENS PODEN FER ALS GRANS.<\/p>\n<p>&nbsp;<\/p>\n<p><strong>\u201cTot el M\u00f3n parla de la Pau, per\u00f2 ning\u00fa educa per la pau, la gent educa per la compet\u00e8ncia i aquest \u00e9s el principi de qualsevol guerra.\u00a0<\/strong><\/p>\n<p><strong>Quan eduquem per a cooperar i ser solidaris els uns amb els altres, aquest dia estarem educant per la pau.\u201d<\/strong><\/p>\n<p style=\"text-align: right;\"><em><span style=\"font-weight: 400;\">Maria Montessori<\/span><\/em><\/p>\n","protected":false},"excerpt":{"rendered":"<p>PER INICIAR LA CONVERSA I EL TREBALL SOBRE LA PAU, A LA COMUNITAT DE PETITS I PETITES VAM TRIAR EL CONTE DE &#8220;EL SENYOR PAU I LA SENYORA GUERRA&#8221;<br \/>\nELS INFANTS D&#8217;I3 VAN INICIAR VISUALITZANT EL SEG\u00dcENT V\u00cdDEO:<\/p>\n<p>TOT SEGUIT VAN CONVERSAR SOBRE ALL\u00d2 QUE SIGNIFICA LA&hellip;  <a href=\"https:\/\/agora.xtec.cat\/escolapauvila\/petits\/el-dia-de-la-pau-a-la-comunitat-de-petites\/\" title=\"Read EL DIA DE LA PAU A LA COMUNITAT DE PETITES.\">Llegeix m\u00e9s\u00bb<\/a><\/p>\n","protected":false},"author":60,"featured_media":9304,"comment_status":"open","ping_status":"closed","sticky":false,"template":"","format":"standard","meta":{"_bbp_topic_count":0,"_bbp_reply_count":0,"_bbp_total_topic_count":0,"_bbp_total_reply_count":0,"_bbp_voice_count":0,"_bbp_anonymous_reply_count":0,"_bbp_topic_count_hidden":0,"_bbp_reply_count_hidden":0,"_bbp_forum_subforum_count":0,"footnotes":""},"categories":[2,3,8,9],"tags":[246,297,298,254,299],"class_list":["post-9298","post","type-post","status-publish","format-standard","has-post-thumbnail","hentry","category-petits","category-ei3","category-ei4","category-ei5","tag-comunitat-petits-i-petites","tag-dia-de-la-pau","tag-nascuts-2017","tag-nascuts-2018","tag-nascuts-2019"],"post_mailing_queue_ids":[],"_links":{"self":[{"href":"https:\/\/agora.xtec.cat\/escolapauvila\/wp-json\/wp\/v2\/posts\/9298","targetHints":{"allow":["GET"]}}],"collection":[{"href":"https:\/\/agora.xtec.cat\/escolapauvila\/wp-json\/wp\/v2\/posts"}],"about":[{"href":"https:\/\/agora.xtec.cat\/escolapauvila\/wp-json\/wp\/v2\/types\/post"}],"author":[{"embeddable":true,"href":"https:\/\/agora.xtec.cat\/escolapauvila\/wp-json\/wp\/v2\/users\/60"}],"replies":[{"embeddable":true,"href":"https:\/\/agora.xtec.cat\/escolapauvila\/wp-json\/wp\/v2\/comments?post=9298"}],"version-history":[{"count":3,"href":"https:\/\/agora.xtec.cat\/escolapauvila\/wp-json\/wp\/v2\/posts\/9298\/revisions"}],"predecessor-version":[{"id":9308,"href":"https:\/\/agora.xtec.cat\/escolapauvila\/wp-json\/wp\/v2\/posts\/9298\/revisions\/9308"}],"wp:featuredmedia":[{"embeddable":true,"href":"https:\/\/agora.xtec.cat\/escolapauvila\/wp-json\/wp\/v2\/media\/9304"}],"wp:attachment":[{"href":"https:\/\/agora.xtec.cat\/escolapauvila\/wp-json\/wp\/v2\/media?parent=9298"}],"wp:term":[{"taxonomy":"category","embeddable":true,"href":"https:\/\/agora.xtec.cat\/escolapauvila\/wp-json\/wp\/v2\/categories?post=9298"},{"taxonomy":"post_tag","embeddable":true,"href":"https:\/\/agora.xtec.cat\/escolapauvila\/wp-json\/wp\/v2\/tags?post=9298"}],"curies":[{"name":"wp","href":"https:\/\/api.w.org\/{rel}","templated":true}]}}