{"id":9255,"date":"2023-01-22T20:00:30","date_gmt":"2023-01-22T19:00:30","guid":{"rendered":"https:\/\/agora.xtec.cat\/escolapauvila\/?p=9255"},"modified":"2023-01-30T12:55:20","modified_gmt":"2023-01-30T11:55:20","slug":"tenim-un-nou-espai-a-lescola","status":"publish","type":"post","link":"https:\/\/agora.xtec.cat\/escolapauvila\/general\/tenim-un-nou-espai-a-lescola\/","title":{"rendered":"TENIM UN NOU ESPAI A L&#8217;ESCOLA"},"content":{"rendered":"<p style=\"text-align: justify;\">Durant aquest curs estem creant i habilitant un nou espai a l&#8217;escola per poder treballar mitjan\u00e7ant tots els sentits: UNA AULA MULTISENSORIAL.<\/p>\n<p style=\"text-align: justify;\">Aquest tipus de sales faciliten el despertar sensorial i l&#8217;aprenentatge mitjan\u00e7ant l&#8217;acci\u00f3 i l&#8217;experimentaci\u00f3, fent que els infants reconeguin les seves capacitats sensorials, augmentant d&#8217;aquesta manera la seva seguretat.<\/p>\n<p style=\"text-align: justify;\"><a href=\"https:\/\/agora.xtec.cat\/escolapauvila\/wp-content\/uploads\/usu1565\/2023\/01\/llum-2.png\"><img loading=\"lazy\" decoding=\"async\" class=\"alignnone size-full wp-image-9295\" src=\"https:\/\/agora.xtec.cat\/escolapauvila\/wp-content\/uploads\/usu1565\/2023\/01\/llum-2.png\" alt=\"\" width=\"882\" height=\"1024\" srcset=\"https:\/\/agora.xtec.cat\/escolapauvila\/wp-content\/uploads\/usu1565\/2023\/01\/llum-2.png 882w, https:\/\/agora.xtec.cat\/escolapauvila\/wp-content\/uploads\/usu1565\/2023\/01\/llum-2-258x300.png 258w, https:\/\/agora.xtec.cat\/escolapauvila\/wp-content\/uploads\/usu1565\/2023\/01\/llum-2-768x892.png 768w\" sizes=\"auto, (max-width: 882px) 100vw, 882px\" \/><\/a><\/p>\n<p style=\"text-align: justify;\">Els exercicis i experi\u00e8ncies que ofereixen les sales sensorials ajuden als infants a millorar la seva capacitat de concentraci\u00f3 i raonament, a l&#8217;hora que ofereixen diferents propostes l\u00fadiques d&#8217;aprenentatge. Aquest tipus d&#8217;activitats afavoreixen les relacions entre iguals de forma relaxada i milloren la seva autoestima i autonomia.<\/p>\n<p><a href=\"https:\/\/agora.xtec.cat\/escolapauvila\/wp-content\/uploads\/usu1565\/2023\/01\/Llum-1.png\"><img loading=\"lazy\" decoding=\"async\" class=\"size-full wp-image-9296 aligncenter\" src=\"https:\/\/agora.xtec.cat\/escolapauvila\/wp-content\/uploads\/usu1565\/2023\/01\/Llum-1.png\" alt=\"\" width=\"606\" height=\"634\" srcset=\"https:\/\/agora.xtec.cat\/escolapauvila\/wp-content\/uploads\/usu1565\/2023\/01\/Llum-1.png 606w, https:\/\/agora.xtec.cat\/escolapauvila\/wp-content\/uploads\/usu1565\/2023\/01\/Llum-1-287x300.png 287w\" sizes=\"auto, (max-width: 606px) 100vw, 606px\" \/><\/a><\/p>\n","protected":false},"excerpt":{"rendered":"<p>Durant aquest curs estem creant i habilitant un nou espai a l&#8217;escola per poder treballar mitjan\u00e7ant tots els sentits: UNA AULA MULTISENSORIAL.<br \/>\nAquest tipus de sales faciliten el despertar sensorial i l&#8217;aprenentatge mitjan\u00e7ant l&#8217;acci\u00f3 i l&#8217;experimentaci\u00f3, fent que els infants reconeguin les seves capacitats sensorials, augmentant&hellip;  <a href=\"https:\/\/agora.xtec.cat\/escolapauvila\/general\/tenim-un-nou-espai-a-lescola\/\" title=\"Read TENIM UN NOU ESPAI A L&#8217;ESCOLA\">Llegeix m\u00e9s\u00bb<\/a><\/p>\n","protected":false},"author":60,"featured_media":9295,"comment_status":"open","ping_status":"closed","sticky":false,"template":"","format":"standard","meta":{"_bbp_topic_count":0,"_bbp_reply_count":0,"_bbp_total_topic_count":0,"_bbp_total_reply_count":0,"_bbp_voice_count":0,"_bbp_anonymous_reply_count":0,"_bbp_topic_count_hidden":0,"_bbp_reply_count_hidden":0,"_bbp_forum_subforum_count":0,"footnotes":""},"categories":[1,4,166],"tags":[292,246],"class_list":["post-9255","post","type-post","status-publish","format-standard","has-post-thumbnail","hentry","category-general","category-portada","category-projecte-educatiu","tag-atencio-a-la-diversitat","tag-comunitat-petits-i-petites"],"post_mailing_queue_ids":[],"_links":{"self":[{"href":"https:\/\/agora.xtec.cat\/escolapauvila\/wp-json\/wp\/v2\/posts\/9255","targetHints":{"allow":["GET"]}}],"collection":[{"href":"https:\/\/agora.xtec.cat\/escolapauvila\/wp-json\/wp\/v2\/posts"}],"about":[{"href":"https:\/\/agora.xtec.cat\/escolapauvila\/wp-json\/wp\/v2\/types\/post"}],"author":[{"embeddable":true,"href":"https:\/\/agora.xtec.cat\/escolapauvila\/wp-json\/wp\/v2\/users\/60"}],"replies":[{"embeddable":true,"href":"https:\/\/agora.xtec.cat\/escolapauvila\/wp-json\/wp\/v2\/comments?post=9255"}],"version-history":[{"count":3,"href":"https:\/\/agora.xtec.cat\/escolapauvila\/wp-json\/wp\/v2\/posts\/9255\/revisions"}],"predecessor-version":[{"id":9297,"href":"https:\/\/agora.xtec.cat\/escolapauvila\/wp-json\/wp\/v2\/posts\/9255\/revisions\/9297"}],"wp:featuredmedia":[{"embeddable":true,"href":"https:\/\/agora.xtec.cat\/escolapauvila\/wp-json\/wp\/v2\/media\/9295"}],"wp:attachment":[{"href":"https:\/\/agora.xtec.cat\/escolapauvila\/wp-json\/wp\/v2\/media?parent=9255"}],"wp:term":[{"taxonomy":"category","embeddable":true,"href":"https:\/\/agora.xtec.cat\/escolapauvila\/wp-json\/wp\/v2\/categories?post=9255"},{"taxonomy":"post_tag","embeddable":true,"href":"https:\/\/agora.xtec.cat\/escolapauvila\/wp-json\/wp\/v2\/tags?post=9255"}],"curies":[{"name":"wp","href":"https:\/\/api.w.org\/{rel}","templated":true}]}}