{"id":9215,"date":"2022-12-20T19:24:07","date_gmt":"2022-12-20T18:24:07","guid":{"rendered":"https:\/\/agora.xtec.cat\/escolapauvila\/?p=9215"},"modified":"2022-12-20T19:24:07","modified_gmt":"2022-12-20T18:24:07","slug":"taller-dassetjament-entre-iguals","status":"publish","type":"post","link":"https:\/\/agora.xtec.cat\/escolapauvila\/grans\/6e\/taller-dassetjament-entre-iguals\/","title":{"rendered":"TALLER D&#8217;ASSETJAMENT ENTRE IGUALS"},"content":{"rendered":"<p><span style=\"font-weight: 400;\">El dia 5 a de Desembre va vindre una noia a fer-nos un taller d&#8217;assetjament entre iguals.<\/span><\/p>\n<p><span style=\"font-weight: 400;\">El taller va comen\u00e7ar parlant del significat d&#8217;<strong>assetjament<\/strong>, m\u00e9s tard vam fer una din\u00e0mica: tots ens vam seure en cadires menys tres persones que van sortir a fora. Primer va entrar una d\u2019elles i nosaltres hav\u00edem d\u2019impedir que se sent\u00e9s en la cadira buida.Aix\u00f2 ens va servir per saber com se senten les persones excluides d\u2019un grup.<\/span><\/p>\n<p><span style=\"font-weight: 400;\">Per fer-nos entendre el patiment de les persones rebutjades vam fer una altre joc: la J\u00falia Cantalejo havia de passar pel costat de l\u2019Ariadna i cada cop que pass\u00e9s la havia de dir \u201c<em>Pringada<\/em>\u201d. Per acabar la gent que era espectadora es va posar al devant de l\u2019Ariadna que era on volien estar, per a protegir-la.<\/span><\/p>\n<p><span style=\"font-weight: 400;\">El taller va continuar explicar-nos el significat de l\u2019assetjament i els tipus que es podia fer: <strong>verbal,psicol\u00f2gic, f\u00edsic i ciberbullying.<\/strong><\/span><\/p>\n<p><span style=\"font-weight: 400;\">La conclusi\u00f3 final va ser que <strong>quan els espectadors no fan res estan ajudant l&#8217;agressor<\/strong>, tamb\u00e9 que quan no et sents part de cap grup no tens ning\u00fa que et recolzi.<\/span><\/p>\n<p><a href=\"https:\/\/agora.xtec.cat\/escolapauvila\/wp-content\/uploads\/usu1565\/2022\/12\/1234.jpg\"><img loading=\"lazy\" decoding=\"async\" class=\"aligncenter size-full wp-image-9216\" src=\"https:\/\/agora.xtec.cat\/escolapauvila\/wp-content\/uploads\/usu1565\/2022\/12\/1234.jpg\" alt=\"\" width=\"1028\" height=\"889\" srcset=\"https:\/\/agora.xtec.cat\/escolapauvila\/wp-content\/uploads\/usu1565\/2022\/12\/1234.jpg 1028w, https:\/\/agora.xtec.cat\/escolapauvila\/wp-content\/uploads\/usu1565\/2022\/12\/1234-300x259.jpg 300w, https:\/\/agora.xtec.cat\/escolapauvila\/wp-content\/uploads\/usu1565\/2022\/12\/1234-1024x886.jpg 1024w, https:\/\/agora.xtec.cat\/escolapauvila\/wp-content\/uploads\/usu1565\/2022\/12\/1234-768x664.jpg 768w\" sizes=\"auto, (max-width: 1028px) 100vw, 1028px\" \/><\/a><a href=\"https:\/\/agora.xtec.cat\/escolapauvila\/wp-content\/uploads\/usu1565\/2022\/12\/111111111.jpg\"><img loading=\"lazy\" decoding=\"async\" class=\"aligncenter size-full wp-image-9217\" src=\"https:\/\/agora.xtec.cat\/escolapauvila\/wp-content\/uploads\/usu1565\/2022\/12\/111111111.jpg\" alt=\"\" width=\"1215\" height=\"867\" srcset=\"https:\/\/agora.xtec.cat\/escolapauvila\/wp-content\/uploads\/usu1565\/2022\/12\/111111111.jpg 1215w, https:\/\/agora.xtec.cat\/escolapauvila\/wp-content\/uploads\/usu1565\/2022\/12\/111111111-300x214.jpg 300w, https:\/\/agora.xtec.cat\/escolapauvila\/wp-content\/uploads\/usu1565\/2022\/12\/111111111-1024x731.jpg 1024w, https:\/\/agora.xtec.cat\/escolapauvila\/wp-content\/uploads\/usu1565\/2022\/12\/111111111-768x548.jpg 768w\" sizes=\"auto, (max-width: 1215px) 100vw, 1215px\" \/><\/a><\/p>\n","protected":false},"excerpt":{"rendered":"<p>El dia 5 a de Desembre va vindre una noia a fer-nos un taller d&#8217;assetjament entre iguals.<br \/>\nEl taller va comen\u00e7ar parlant del significat d&#8217;assetjament, m\u00e9s tard vam fer una din\u00e0mica: tots ens vam seure en cadires menys tres persones que van sortir a fora. Primer&hellip;  <a href=\"https:\/\/agora.xtec.cat\/escolapauvila\/grans\/6e\/taller-dassetjament-entre-iguals\/\" title=\"Read TALLER D&#8217;ASSETJAMENT ENTRE IGUALS\">Llegeix m\u00e9s\u00bb<\/a><\/p>\n","protected":false},"author":32,"featured_media":0,"comment_status":"open","ping_status":"closed","sticky":false,"template":"","format":"standard","meta":{"_bbp_topic_count":0,"_bbp_reply_count":0,"_bbp_total_topic_count":0,"_bbp_total_reply_count":0,"_bbp_voice_count":0,"_bbp_anonymous_reply_count":0,"_bbp_topic_count_hidden":0,"_bbp_reply_count_hidden":0,"_bbp_forum_subforum_count":0,"footnotes":""},"categories":[15,61],"tags":[286,216,90],"class_list":["post-9215","post","type-post","status-publish","format-standard","hentry","category-6e","category-grans","tag-6b22-23","tag-comunitat-grans","tag-nascuts2011"],"post_mailing_queue_ids":[],"_links":{"self":[{"href":"https:\/\/agora.xtec.cat\/escolapauvila\/wp-json\/wp\/v2\/posts\/9215","targetHints":{"allow":["GET"]}}],"collection":[{"href":"https:\/\/agora.xtec.cat\/escolapauvila\/wp-json\/wp\/v2\/posts"}],"about":[{"href":"https:\/\/agora.xtec.cat\/escolapauvila\/wp-json\/wp\/v2\/types\/post"}],"author":[{"embeddable":true,"href":"https:\/\/agora.xtec.cat\/escolapauvila\/wp-json\/wp\/v2\/users\/32"}],"replies":[{"embeddable":true,"href":"https:\/\/agora.xtec.cat\/escolapauvila\/wp-json\/wp\/v2\/comments?post=9215"}],"version-history":[{"count":1,"href":"https:\/\/agora.xtec.cat\/escolapauvila\/wp-json\/wp\/v2\/posts\/9215\/revisions"}],"predecessor-version":[{"id":9218,"href":"https:\/\/agora.xtec.cat\/escolapauvila\/wp-json\/wp\/v2\/posts\/9215\/revisions\/9218"}],"wp:attachment":[{"href":"https:\/\/agora.xtec.cat\/escolapauvila\/wp-json\/wp\/v2\/media?parent=9215"}],"wp:term":[{"taxonomy":"category","embeddable":true,"href":"https:\/\/agora.xtec.cat\/escolapauvila\/wp-json\/wp\/v2\/categories?post=9215"},{"taxonomy":"post_tag","embeddable":true,"href":"https:\/\/agora.xtec.cat\/escolapauvila\/wp-json\/wp\/v2\/tags?post=9215"}],"curies":[{"name":"wp","href":"https:\/\/api.w.org\/{rel}","templated":true}]}}