{"id":9212,"date":"2022-12-20T19:18:11","date_gmt":"2022-12-20T18:18:11","guid":{"rendered":"https:\/\/agora.xtec.cat\/escolapauvila\/?p=9212"},"modified":"2022-12-20T19:18:11","modified_gmt":"2022-12-20T18:18:11","slug":"comenca-lamic-invisible","status":"publish","type":"post","link":"https:\/\/agora.xtec.cat\/escolapauvila\/grans\/6e\/comenca-lamic-invisible\/","title":{"rendered":"Comen\u00e7a l\u2019amic invisible!"},"content":{"rendered":"<p><span style=\"font-weight: 400;\">Est\u00e0 arribant l\u2019hivern i una cosa que fem sempre a classe quan acaba el primer trimestre \u00e9s l&#8217;amic invisible. Consisteix en fer un regal a un company\/a sense que ell\/a ho descobreixi. Com \u00e9s molt dif\u00edcil saber que fer al teu amic invisible hem creat una graella on posem coses sobre nosaltres: n\u00famero, color, s\u00e8rie preferida, el que no t\u2019agrada\u2026 El dia 21 ser\u00e0 quan s\u2019obrin els regals del teu amic invisible.<\/span><\/p>\n<p><span style=\"font-weight: 400;\">Tamb\u00e9 \u00e9s dif\u00edcil que el teu amic invisible no descobreix qui ets perqu\u00e8 si no, no te gr\u00e0cia, alguns companys deixen unes pistes\u00a0 com per exemple: soc alt, tinc el cabell llarg, soc morena\u2026 i aix\u00ed uns quants exemples, hi han alguns\u00a0 regals mes <em>currats<\/em> que altres pero toqui el que toqui hem d\u2019estar contents.<\/span><\/p>\n<p><span style=\"font-weight: 400;\">El regal d\u2019amic invisible tamb\u00e9 t\u00e9 uns requisits, s\u00f3n els seg\u00fcents:<\/span><\/p>\n<p><span style=\"font-weight: 400;\">1.Ha de ser fet a m\u00e0<\/span><\/p>\n<p><span style=\"font-weight: 400;\">2.No gastis molt mes de 5\u20ac (excepte en material)<\/span><\/p>\n<p><span style=\"font-weight: 400;\">3.Hem de respectar el que ens toqui<\/span><\/p>\n<p><span style=\"font-weight: 400;\">4.Sha d\u2019entregar abans del divendres 16 de Desembre<\/span><\/p>\n<p><span style=\"font-weight: 400;\">5.S&#8217;obriran el dia 21 de Desembre (l&#8217;\u00faltim dia de classe)<\/span><\/p>\n<p>&nbsp;<\/p>\n<p><span style=\"font-weight: 400;\">Espero que tot disfruteu del vostre regal!<\/span><\/p>\n<p><span style=\"font-weight: 400;\">Sara Zurita\u00a0\u00a0\u00a0\u00a0\u00a0\u00a0<\/span><\/p>\n<p>&nbsp;<\/p>\n<p><a href=\"https:\/\/agora.xtec.cat\/escolapauvila\/wp-content\/uploads\/usu1565\/2022\/12\/Sense-titol.jpg\"><img loading=\"lazy\" decoding=\"async\" class=\"aligncenter size-full wp-image-9213\" src=\"https:\/\/agora.xtec.cat\/escolapauvila\/wp-content\/uploads\/usu1565\/2022\/12\/Sense-titol.jpg\" alt=\"\" width=\"929\" height=\"720\" srcset=\"https:\/\/agora.xtec.cat\/escolapauvila\/wp-content\/uploads\/usu1565\/2022\/12\/Sense-titol.jpg 929w, https:\/\/agora.xtec.cat\/escolapauvila\/wp-content\/uploads\/usu1565\/2022\/12\/Sense-titol-300x233.jpg 300w, https:\/\/agora.xtec.cat\/escolapauvila\/wp-content\/uploads\/usu1565\/2022\/12\/Sense-titol-768x595.jpg 768w\" sizes=\"auto, (max-width: 929px) 100vw, 929px\" \/><\/a><\/p>\n","protected":false},"excerpt":{"rendered":"<p>Est\u00e0 arribant l\u2019hivern i una cosa que fem sempre a classe quan acaba el primer trimestre \u00e9s l&#8217;amic invisible. Consisteix en fer un regal a un company\/a sense que ell\/a ho descobreixi. Com \u00e9s molt dif\u00edcil saber que fer al teu amic invisible hem creat&hellip;  <a href=\"https:\/\/agora.xtec.cat\/escolapauvila\/grans\/6e\/comenca-lamic-invisible\/\" title=\"Read Comen\u00e7a l\u2019amic invisible!\">Llegeix m\u00e9s\u00bb<\/a><\/p>\n","protected":false},"author":32,"featured_media":0,"comment_status":"open","ping_status":"closed","sticky":false,"template":"","format":"standard","meta":{"_bbp_topic_count":0,"_bbp_reply_count":0,"_bbp_total_topic_count":0,"_bbp_total_reply_count":0,"_bbp_voice_count":0,"_bbp_anonymous_reply_count":0,"_bbp_topic_count_hidden":0,"_bbp_reply_count_hidden":0,"_bbp_forum_subforum_count":0,"footnotes":""},"categories":[15,61],"tags":[286,216,90],"class_list":["post-9212","post","type-post","status-publish","format-standard","hentry","category-6e","category-grans","tag-6b22-23","tag-comunitat-grans","tag-nascuts2011"],"post_mailing_queue_ids":[],"_links":{"self":[{"href":"https:\/\/agora.xtec.cat\/escolapauvila\/wp-json\/wp\/v2\/posts\/9212","targetHints":{"allow":["GET"]}}],"collection":[{"href":"https:\/\/agora.xtec.cat\/escolapauvila\/wp-json\/wp\/v2\/posts"}],"about":[{"href":"https:\/\/agora.xtec.cat\/escolapauvila\/wp-json\/wp\/v2\/types\/post"}],"author":[{"embeddable":true,"href":"https:\/\/agora.xtec.cat\/escolapauvila\/wp-json\/wp\/v2\/users\/32"}],"replies":[{"embeddable":true,"href":"https:\/\/agora.xtec.cat\/escolapauvila\/wp-json\/wp\/v2\/comments?post=9212"}],"version-history":[{"count":1,"href":"https:\/\/agora.xtec.cat\/escolapauvila\/wp-json\/wp\/v2\/posts\/9212\/revisions"}],"predecessor-version":[{"id":9214,"href":"https:\/\/agora.xtec.cat\/escolapauvila\/wp-json\/wp\/v2\/posts\/9212\/revisions\/9214"}],"wp:attachment":[{"href":"https:\/\/agora.xtec.cat\/escolapauvila\/wp-json\/wp\/v2\/media?parent=9212"}],"wp:term":[{"taxonomy":"category","embeddable":true,"href":"https:\/\/agora.xtec.cat\/escolapauvila\/wp-json\/wp\/v2\/categories?post=9212"},{"taxonomy":"post_tag","embeddable":true,"href":"https:\/\/agora.xtec.cat\/escolapauvila\/wp-json\/wp\/v2\/tags?post=9212"}],"curies":[{"name":"wp","href":"https:\/\/api.w.org\/{rel}","templated":true}]}}