{"id":9210,"date":"2022-12-20T19:13:40","date_gmt":"2022-12-20T18:13:40","guid":{"rendered":"https:\/\/agora.xtec.cat\/escolapauvila\/?p=9210"},"modified":"2022-12-20T19:13:40","modified_gmt":"2022-12-20T18:13:40","slug":"el-calendari-dadvent","status":"publish","type":"post","link":"https:\/\/agora.xtec.cat\/escolapauvila\/grans\/6e\/el-calendari-dadvent\/","title":{"rendered":"EL CALENDARI D&#8217;ADVENT"},"content":{"rendered":"<p><span style=\"font-weight: 400;\">A classe aquest any estem fent el calendari d\u2019advent. Un dia a classe vam fer una feina que era que hav\u00edem de posar alguna cosa positiva dels nostres companys, i despr\u00e9s amb aix\u00f2 va sortir el calendari d\u2019advent.<\/span><\/p>\n<p><span style=\"font-weight: 400;\">Cada dia hem d\u2019obrir un sobre que all\u00e0 dins posa una foto nostra amb el nom i en el nom posen totes les paraules que ens han escrit els nostres companys. Tot han estat paraules positives.<\/span><\/p>\n<p><span style=\"font-weight: 400;\">La veritat que de moment ens ha agradat a tots que l\u2019hem rebut. \u00c9s molt guai perqu\u00e8 no saps quan et tocar\u00e0. I aix\u00f2 \u00e9s el calendari d\u2019advent.<\/span><\/p>\n<p>&nbsp;<\/p>\n<p><strong>Al nostre Classroom podreu trobar totes les imatges que han anat sortint aquests dies!<\/strong><\/p>\n<p>&nbsp;<\/p>\n<p>&nbsp;<\/p>\n","protected":false},"excerpt":{"rendered":"<p>A classe aquest any estem fent el calendari d\u2019advent. Un dia a classe vam fer una feina que era que hav\u00edem de posar alguna cosa positiva dels nostres companys, i despr\u00e9s amb aix\u00f2 va sortir el calendari d\u2019advent.<br \/>\nCada dia hem d\u2019obrir un sobre que all\u00e0&hellip;  <a href=\"https:\/\/agora.xtec.cat\/escolapauvila\/grans\/6e\/el-calendari-dadvent\/\" title=\"Read EL CALENDARI D&#8217;ADVENT\">Llegeix m\u00e9s\u00bb<\/a><\/p>\n","protected":false},"author":32,"featured_media":0,"comment_status":"open","ping_status":"closed","sticky":false,"template":"","format":"standard","meta":{"_bbp_topic_count":0,"_bbp_reply_count":0,"_bbp_total_topic_count":0,"_bbp_total_reply_count":0,"_bbp_voice_count":0,"_bbp_anonymous_reply_count":0,"_bbp_topic_count_hidden":0,"_bbp_reply_count_hidden":0,"_bbp_forum_subforum_count":0,"footnotes":""},"categories":[15,61],"tags":[286,216,90],"class_list":["post-9210","post","type-post","status-publish","format-standard","hentry","category-6e","category-grans","tag-6b22-23","tag-comunitat-grans","tag-nascuts2011"],"post_mailing_queue_ids":[],"_links":{"self":[{"href":"https:\/\/agora.xtec.cat\/escolapauvila\/wp-json\/wp\/v2\/posts\/9210","targetHints":{"allow":["GET"]}}],"collection":[{"href":"https:\/\/agora.xtec.cat\/escolapauvila\/wp-json\/wp\/v2\/posts"}],"about":[{"href":"https:\/\/agora.xtec.cat\/escolapauvila\/wp-json\/wp\/v2\/types\/post"}],"author":[{"embeddable":true,"href":"https:\/\/agora.xtec.cat\/escolapauvila\/wp-json\/wp\/v2\/users\/32"}],"replies":[{"embeddable":true,"href":"https:\/\/agora.xtec.cat\/escolapauvila\/wp-json\/wp\/v2\/comments?post=9210"}],"version-history":[{"count":1,"href":"https:\/\/agora.xtec.cat\/escolapauvila\/wp-json\/wp\/v2\/posts\/9210\/revisions"}],"predecessor-version":[{"id":9211,"href":"https:\/\/agora.xtec.cat\/escolapauvila\/wp-json\/wp\/v2\/posts\/9210\/revisions\/9211"}],"wp:attachment":[{"href":"https:\/\/agora.xtec.cat\/escolapauvila\/wp-json\/wp\/v2\/media?parent=9210"}],"wp:term":[{"taxonomy":"category","embeddable":true,"href":"https:\/\/agora.xtec.cat\/escolapauvila\/wp-json\/wp\/v2\/categories?post=9210"},{"taxonomy":"post_tag","embeddable":true,"href":"https:\/\/agora.xtec.cat\/escolapauvila\/wp-json\/wp\/v2\/tags?post=9210"}],"curies":[{"name":"wp","href":"https:\/\/api.w.org\/{rel}","templated":true}]}}