{"id":9165,"date":"2022-12-05T15:01:47","date_gmt":"2022-12-05T14:01:47","guid":{"rendered":"https:\/\/agora.xtec.cat\/escolapauvila\/?p=9165"},"modified":"2022-12-05T15:01:47","modified_gmt":"2022-12-05T14:01:47","slug":"primera-sessio-del-consell-de-families","status":"publish","type":"post","link":"https:\/\/agora.xtec.cat\/escolapauvila\/portada\/primera-sessio-del-consell-de-families\/","title":{"rendered":"PRIMERA SESSI\u00d3 DEL CONSELL DE FAM\u00cdLIES"},"content":{"rendered":"<p>El passat 22 de novembre vam fer la primera sessi\u00f3 del <strong>Consell de Fam\u00edlies.<\/strong><\/p>\n<p>Va ser una bonica oportunitat per presentar-nos, con\u00e8ixer-nos, compartir i consensuar l&#8217;organitzaci\u00f3 i les funcions del Consell.<\/p>\n<p>Compartim amb tots\/es vosaltres el document amb el que vam estar treballant per si en voleu fer una lectura.<\/p>\n<div style=\"position: relative; width: 100%; height: 0; padding-top: 56.2500%; padding-bottom: 0; box-shadow: 0 2px 8px 0 rgba(63,69,81,0.16); margin-top: 1.6em; margin-bottom: 0.9em; overflow: hidden; border-radius: 8px; will-change: transform;\"><iframe style=\"position: absolute; width: 100%; height: 100%; top: 0; left: 0; border: none; padding: 0; margin: 0;\" src=\"https:\/\/www.canva.com\/design\/DAFS8Wl45yE\/view?embed\" allowfullscreen=\"allowfullscreen\"><br \/>\n<\/iframe><\/div>\n<p><a href=\"https:\/\/www.canva.com\/design\/DAFS8Wl45yE\/view?utm_content=DAFS8Wl45yE&amp;utm_campaign=designshare&amp;utm_medium=embeds&amp;utm_source=link\" target=\"_blank\" rel=\"noopener\">AMPLIAT &#8211; Consell de Fam\u00edlies<\/a> de DELIA PARENT FUENTES<\/p>\n<p>&nbsp;<\/p>\n<p>Gr\u00e0cies per la vostra implicaci\u00f3 i col\u00b7laboraci\u00f3.<\/p>\n<p>&nbsp;<\/p>\n<p>Ens retrobem el proper <strong>dimarts 31 de gener.<\/strong><\/p>\n","protected":false},"excerpt":{"rendered":"<p>El passat 22 de novembre vam fer la primera sessi\u00f3 del Consell de Fam\u00edlies.<br \/>\nVa ser una bonica oportunitat per presentar-nos, con\u00e8ixer-nos, compartir i consensuar l&#8217;organitzaci\u00f3 i les funcions del Consell.<br \/>\nCompartim amb tots\/es vosaltres el document amb el que vam estar treballant per si en voleu&hellip;  <a href=\"https:\/\/agora.xtec.cat\/escolapauvila\/portada\/primera-sessio-del-consell-de-families\/\" title=\"Read PRIMERA SESSI\u00d3 DEL CONSELL DE FAM\u00cdLIES\">Llegeix m\u00e9s\u00bb<\/a><\/p>\n","protected":false},"author":22,"featured_media":9181,"comment_status":"open","ping_status":"closed","sticky":false,"template":"","format":"standard","meta":{"_bbp_topic_count":0,"_bbp_reply_count":0,"_bbp_total_topic_count":0,"_bbp_total_reply_count":0,"_bbp_voice_count":0,"_bbp_anonymous_reply_count":0,"_bbp_topic_count_hidden":0,"_bbp_reply_count_hidden":0,"_bbp_forum_subforum_count":0,"footnotes":""},"categories":[290,4],"tags":[],"class_list":["post-9165","post","type-post","status-publish","format-standard","has-post-thumbnail","hentry","category-consell-de-families","category-portada"],"post_mailing_queue_ids":[],"_links":{"self":[{"href":"https:\/\/agora.xtec.cat\/escolapauvila\/wp-json\/wp\/v2\/posts\/9165","targetHints":{"allow":["GET"]}}],"collection":[{"href":"https:\/\/agora.xtec.cat\/escolapauvila\/wp-json\/wp\/v2\/posts"}],"about":[{"href":"https:\/\/agora.xtec.cat\/escolapauvila\/wp-json\/wp\/v2\/types\/post"}],"author":[{"embeddable":true,"href":"https:\/\/agora.xtec.cat\/escolapauvila\/wp-json\/wp\/v2\/users\/22"}],"replies":[{"embeddable":true,"href":"https:\/\/agora.xtec.cat\/escolapauvila\/wp-json\/wp\/v2\/comments?post=9165"}],"version-history":[{"count":2,"href":"https:\/\/agora.xtec.cat\/escolapauvila\/wp-json\/wp\/v2\/posts\/9165\/revisions"}],"predecessor-version":[{"id":9180,"href":"https:\/\/agora.xtec.cat\/escolapauvila\/wp-json\/wp\/v2\/posts\/9165\/revisions\/9180"}],"wp:featuredmedia":[{"embeddable":true,"href":"https:\/\/agora.xtec.cat\/escolapauvila\/wp-json\/wp\/v2\/media\/9181"}],"wp:attachment":[{"href":"https:\/\/agora.xtec.cat\/escolapauvila\/wp-json\/wp\/v2\/media?parent=9165"}],"wp:term":[{"taxonomy":"category","embeddable":true,"href":"https:\/\/agora.xtec.cat\/escolapauvila\/wp-json\/wp\/v2\/categories?post=9165"},{"taxonomy":"post_tag","embeddable":true,"href":"https:\/\/agora.xtec.cat\/escolapauvila\/wp-json\/wp\/v2\/tags?post=9165"}],"curies":[{"name":"wp","href":"https:\/\/api.w.org\/{rel}","templated":true}]}}