{"id":9152,"date":"2022-11-30T13:56:46","date_gmt":"2022-11-30T12:56:46","guid":{"rendered":"https:\/\/agora.xtec.cat\/escolapauvila\/?p=9152"},"modified":"2022-11-30T14:02:26","modified_gmt":"2022-11-30T13:02:26","slug":"exposicio-de-pedres-a-i4","status":"publish","type":"post","link":"https:\/\/agora.xtec.cat\/escolapauvila\/general\/exposicio-de-pedres-a-i4\/","title":{"rendered":"EXPOSICI\u00d3 DE PEDRES A I4"},"content":{"rendered":"<p>A I4 AQUEST MES HEM EXPLICAT A CLASSE EL CONTE DE LA &#8220;PETRA&#8221;. \u00c9S LA HIST\u00d2RIA D&#8217;UNA PEDRA QUE, EN FUNCI\u00d3 DE LA PERSONA QUE LA TEN\u00cdA O LA TROBAVA, ES CONVERTIA EN DIFERENTS COSES, COM PER EXEMPLE: UN ELEFANT, UN OU&#8230;<\/p>\n<p>I ENS VA AGRADAR TANT AQUESTA HIST\u00d2RIA QUE, ELS NENS I NENES D&#8217;I4, ENS VAM ANIMAR A FER EL MATEIX. EL DIA QUE VAM ANAR D&#8217;EXCURSI\u00d3 PER LA RIERA VAM APROFITAR PER AGAFAR UNA PEDRA. I, AMB L&#8217;AJUDA DE LES FAM\u00cdLIES, L&#8217;HEM TRANSFORMAT EN COSES MOLTS DIVERSES. ALGUNES PEDRES S&#8217;HAN CONVERTIT EN ELEFANTS, ALTRES EN MARIETES, EN PALLASSOS, EN PING\u00dcINS, EN ARCS DE SANT MART\u00cd&#8230; SOM UNS GRANS ARTISTES!<\/p>\n<p>MIREU QUINA EXPOSICI\u00d3 M\u00c9S MACA QUE HEM FET!<\/p>\n<p><a href=\"https:\/\/agora.xtec.cat\/escolapauvila\/wp-content\/uploads\/usu1565\/2022\/11\/Exposicio-de-pedres.jpg\"><img loading=\"lazy\" decoding=\"async\" class=\"alignnone size-large wp-image-9153\" src=\"https:\/\/agora.xtec.cat\/escolapauvila\/wp-content\/uploads\/usu1565\/2022\/11\/Exposicio-de-pedres-1024x768.jpg\" alt=\"\" width=\"1024\" height=\"768\" srcset=\"https:\/\/agora.xtec.cat\/escolapauvila\/wp-content\/uploads\/usu1565\/2022\/11\/Exposicio-de-pedres-1024x768.jpg 1024w, https:\/\/agora.xtec.cat\/escolapauvila\/wp-content\/uploads\/usu1565\/2022\/11\/Exposicio-de-pedres-300x225.jpg 300w, https:\/\/agora.xtec.cat\/escolapauvila\/wp-content\/uploads\/usu1565\/2022\/11\/Exposicio-de-pedres-768x576.jpg 768w, https:\/\/agora.xtec.cat\/escolapauvila\/wp-content\/uploads\/usu1565\/2022\/11\/Exposicio-de-pedres-1536x1152.jpg 1536w, https:\/\/agora.xtec.cat\/escolapauvila\/wp-content\/uploads\/usu1565\/2022\/11\/Exposicio-de-pedres-200x150.jpg 200w, https:\/\/agora.xtec.cat\/escolapauvila\/wp-content\/uploads\/usu1565\/2022\/11\/Exposicio-de-pedres.jpg 2048w\" sizes=\"auto, (max-width: 1024px) 100vw, 1024px\" \/><\/a><\/p>\n<p>&nbsp;<\/p>\n<p>&nbsp;<\/p>\n<div class=\"RY3tic\" data-latest-bg=\"https:\/\/lh3.googleusercontent.com\/_BvmL0ZurCVgxKlKXvoKc5HRUqctNnTKZcuPNI0SN3-eq2nlc_Cp6Z9KheP_hKGUfNXXTupKzvsUhEQ19Oegh6G3WOuY_ApEFhQXq_ZvwZU3warFmw9mwwhFSs0wu6HPdQom1FsbmWK4kkyhDJba5TpchGfY9ZYvndXm_JX3JhkCobt3wiBDhXQfmpxSegaZWaplxcfxHYcHszoKcs-1sN8mcqbumTBhOmdy0oMfL_qmxmIDObeHRPsibVJZd3KLjpQcZabWsBcG2x9BsBDp-h3UM7j0iFKlhaM1jwIfOby3Iy-G1_300AYV7ea-CCR52POF_xqOhOS1lGBA-jJYvNdzJai3KxiZQGtcEry-A2UTsntluiVvxgCMu1gJ4M5lPZ3TalbgeJ-eP1BqTbiQ04bw0XqXSMdCxU_cWem-Zg-Qz9G4klg_YrIu1cLCx7Pv5HKcGV0aFrimbf22TxGly0GiegL2trRxdGz_oWX33bLiOZNprNyie2eOqwwag-9gXTkSnJ-LRVexz1pZSGyGSC80Ork225Y1B0tphC0EzCBjExgWDrhQKxvUtDrwl02m9ZnWhqAmKX1KWTYgAtRIN_ogABMJmNS-CSZ2-6Z61wAEVZaoiswQdCYp4ScUcrC4d1c73RdnQ55sg0NZdBn-mKzFJ294SK4JXWE3UcCc9hPxVVyfzAujG7DA_Wh2M3tN9spx4e8LSR7yt71vnnrhYMSHjuC3KeT0G02DojWBwXQ6h2i9gMb5rriOA4Noibpe2v8wrYAWWUoecCzh1SZPaEiiHL0n5GRYXJ0uxDJcQvm2ALq13Fnea0WbR2GJo8nrdSfNDY5H0Ir_xkkO0Raq2WDs98Q8pWj7GlUGoJR1EjKXfk3aK84pS1elCnOmUbaec9rby6bGL1xLeCH2phGzbQPo0RBhzbSq38vh85vsYpiVRyA9=w395-h296-no?authuser=0\">\n<div class=\"eGiHwc\" aria-hidden=\"true\"><\/div>\n<div class=\"KYCEmd\" aria-hidden=\"true\"><\/div>\n<\/div>\n","protected":false},"excerpt":{"rendered":"<p>A I4 AQUEST MES HEM EXPLICAT A CLASSE EL CONTE DE LA &#8220;PETRA&#8221;. \u00c9S LA HIST\u00d2RIA D&#8217;UNA PEDRA QUE, EN FUNCI\u00d3 DE LA PERSONA QUE LA TEN\u00cdA O LA TROBAVA, ES CONVERTIA EN DIFERENTS COSES, COM PER EXEMPLE: UN ELEFANT, UN OU&#8230;<br \/>\nI ENS VA AGRADAR&hellip;  <a href=\"https:\/\/agora.xtec.cat\/escolapauvila\/general\/exposicio-de-pedres-a-i4\/\" title=\"Read EXPOSICI\u00d3 DE PEDRES A I4\">Llegeix m\u00e9s\u00bb<\/a><\/p>\n","protected":false},"author":1,"featured_media":9153,"comment_status":"open","ping_status":"closed","sticky":false,"template":"","format":"standard","meta":{"_bbp_topic_count":0,"_bbp_reply_count":0,"_bbp_total_topic_count":0,"_bbp_total_reply_count":0,"_bbp_voice_count":0,"_bbp_anonymous_reply_count":0,"_bbp_topic_count_hidden":0,"_bbp_reply_count_hidden":0,"_bbp_forum_subforum_count":0,"footnotes":""},"categories":[2,8,1,4],"tags":[271,272,264,265,254],"class_list":["post-9152","post","type-post","status-publish","format-standard","has-post-thumbnail","hentry","category-petits","category-ei4","category-general","category-portada","tag-ei4a22-23","tag-ei4b22-23","tag-laclassedelespinguet","tag-laclassedelgalldefoc","tag-nascuts-2018"],"post_mailing_queue_ids":[],"_links":{"self":[{"href":"https:\/\/agora.xtec.cat\/escolapauvila\/wp-json\/wp\/v2\/posts\/9152","targetHints":{"allow":["GET"]}}],"collection":[{"href":"https:\/\/agora.xtec.cat\/escolapauvila\/wp-json\/wp\/v2\/posts"}],"about":[{"href":"https:\/\/agora.xtec.cat\/escolapauvila\/wp-json\/wp\/v2\/types\/post"}],"author":[{"embeddable":true,"href":"https:\/\/agora.xtec.cat\/escolapauvila\/wp-json\/wp\/v2\/users\/1"}],"replies":[{"embeddable":true,"href":"https:\/\/agora.xtec.cat\/escolapauvila\/wp-json\/wp\/v2\/comments?post=9152"}],"version-history":[{"count":3,"href":"https:\/\/agora.xtec.cat\/escolapauvila\/wp-json\/wp\/v2\/posts\/9152\/revisions"}],"predecessor-version":[{"id":9156,"href":"https:\/\/agora.xtec.cat\/escolapauvila\/wp-json\/wp\/v2\/posts\/9152\/revisions\/9156"}],"wp:featuredmedia":[{"embeddable":true,"href":"https:\/\/agora.xtec.cat\/escolapauvila\/wp-json\/wp\/v2\/media\/9153"}],"wp:attachment":[{"href":"https:\/\/agora.xtec.cat\/escolapauvila\/wp-json\/wp\/v2\/media?parent=9152"}],"wp:term":[{"taxonomy":"category","embeddable":true,"href":"https:\/\/agora.xtec.cat\/escolapauvila\/wp-json\/wp\/v2\/categories?post=9152"},{"taxonomy":"post_tag","embeddable":true,"href":"https:\/\/agora.xtec.cat\/escolapauvila\/wp-json\/wp\/v2\/tags?post=9152"}],"curies":[{"name":"wp","href":"https:\/\/api.w.org\/{rel}","templated":true}]}}