{"id":9149,"date":"2022-12-02T17:51:10","date_gmt":"2022-12-02T16:51:10","guid":{"rendered":"https:\/\/agora.xtec.cat\/escolapauvila\/?p=9149"},"modified":"2022-12-02T17:51:10","modified_gmt":"2022-12-02T16:51:10","slug":"iniciem-el-treball-de-laudicio-monstres","status":"publish","type":"post","link":"https:\/\/agora.xtec.cat\/escolapauvila\/general\/iniciem-el-treball-de-laudicio-monstres\/","title":{"rendered":"INICIEM EL TREBALL DE L&#8217;AUDICI\u00d3 &#8220;MONSTRES&#8221;"},"content":{"rendered":"<p>AQUEST DILLUNS A LES CLASSES DE LES <strong><span style=\"font-size: 20px;\"><span style=\"color: #ff0000;\">G<\/span>ALLINES <span style=\"color: #ff0000;\">A<\/span>TL\u00c8TIQUES I <span style=\"color: #ff0000;\">D<\/span>IVERTIDES<\/span><\/strong> HEM INICIAT EL TREBALL SOBRE L&#8217;ESPECTACLE QUE ANIREM A VEURE AQUEST MAIG A <strong><span style=\"font-size: 20px;\">L&#8217;<span style=\"color: #ff0000;\">A<\/span>UDITORI<\/span>.<\/strong><\/p>\n<p style=\"text-align: center;\"><a href=\"https:\/\/agora.xtec.cat\/escolapauvila\/wp-content\/uploads\/usu1565\/2022\/12\/Imatge_MONSTRES_630x404px.0.jpg\"><img loading=\"lazy\" decoding=\"async\" class=\"alignnone size-full wp-image-9172\" src=\"https:\/\/agora.xtec.cat\/escolapauvila\/wp-content\/uploads\/usu1565\/2022\/12\/Imatge_MONSTRES_630x404px.0.jpg\" alt=\"\" width=\"630\" height=\"404\" srcset=\"https:\/\/agora.xtec.cat\/escolapauvila\/wp-content\/uploads\/usu1565\/2022\/12\/Imatge_MONSTRES_630x404px.0.jpg 630w, https:\/\/agora.xtec.cat\/escolapauvila\/wp-content\/uploads\/usu1565\/2022\/12\/Imatge_MONSTRES_630x404px.0-300x192.jpg 300w\" sizes=\"auto, (max-width: 630px) 100vw, 630px\" \/><\/a><\/p>\n<p>L&#8217;ESPECTACLE ES TITULA <strong><span style=\"font-size: 20px;\"><span style=\"color: #ff0000;\">M<\/span>ONSTRES<\/span> <\/strong>I AMB ELL DESCOBRIREM FADES, FOLLETS, MONSTRES I PERSONATGES MITOL\u00d2GICS AIX\u00cd COM LES DIFERENTS SONORITATS D&#8217;ARREU DEL M\u00d3N.<\/p>\n<p>AQUEST DILLUNS HEM DESCOBERT EL <strong><span class=\"hiddenSpellError\" style=\"font-size: 20px;\"><span style=\"color: #ff0000;\">S<\/span>ANDMAN<\/span><\/strong>. QUE ES EL PERSONATGE QUE ENS VISITA A LES NITS I AMB LA SEVA SORRA M\u00c0GICA ENS REGALA DIFERENTS SOMNIS BONICS.<\/p>\n<p>EN UN PRIMER MOMENT HEM ESCOLTAT L&#8217;AUDICI\u00d3 SENSE CAP REFERENT I CADASC\u00da HA PENSAT A QU\u00c8 LI RECORDAVA LA M\u00daSICA. A ALGUNS ELS RECORDAVA A CASA SEVA, A ALTRES A LA MAMA, A ALG\u00da ALTRE LA PLATJA&#8230; FINS QUE FINALMENT HEM IDENTIFICAT EL SOROLL DELS GRILLS I HEM PENSAT QUE POTSER TAMB\u00c9 PODIA REPRESENTAR LA NIT!<\/p>\n<p>DESPR\u00c9S HEM FET DIFERENTS ACTIVITATS DEIXANT-NOS PORTAR PEL RITME DE LA M\u00daSICA COM ARA: MOURE EL COS MENTRE ESCOLTEM LA MELODIA, JUGAR AMB DIFERENTS TAULES DE LLUM MOVENT LA SORRA I TAMB\u00c9 HEM DIBUIXAT AMB SUBRATLLADORS I ENS HEM FASCINAT AMB L&#8217;EFECTE QUE FEIEN AMB LA LLUM NEGRA.<\/p>\n<p style=\"text-align: center;\"><a href=\"https:\/\/agora.xtec.cat\/escolapauvila\/wp-content\/uploads\/usu1565\/2022\/12\/llum-negra.jpg\"><img loading=\"lazy\" decoding=\"async\" class=\"alignnone size-large wp-image-9171\" src=\"https:\/\/agora.xtec.cat\/escolapauvila\/wp-content\/uploads\/usu1565\/2022\/12\/llum-negra-1024x768.jpg\" alt=\"\" width=\"1024\" height=\"768\" srcset=\"https:\/\/agora.xtec.cat\/escolapauvila\/wp-content\/uploads\/usu1565\/2022\/12\/llum-negra-1024x768.jpg 1024w, https:\/\/agora.xtec.cat\/escolapauvila\/wp-content\/uploads\/usu1565\/2022\/12\/llum-negra-300x225.jpg 300w, https:\/\/agora.xtec.cat\/escolapauvila\/wp-content\/uploads\/usu1565\/2022\/12\/llum-negra-768x576.jpg 768w, https:\/\/agora.xtec.cat\/escolapauvila\/wp-content\/uploads\/usu1565\/2022\/12\/llum-negra-1536x1152.jpg 1536w, https:\/\/agora.xtec.cat\/escolapauvila\/wp-content\/uploads\/usu1565\/2022\/12\/llum-negra-200x150.jpg 200w, https:\/\/agora.xtec.cat\/escolapauvila\/wp-content\/uploads\/usu1565\/2022\/12\/llum-negra.jpg 1672w\" sizes=\"auto, (max-width: 1024px) 100vw, 1024px\" \/><\/a><\/p>\n<p>ESPEREM, POC A POC, ANAR DESCOBRINT TOTS AQUESTS &#8220;MONSTRES&#8221;!<\/p>\n","protected":false},"excerpt":{"rendered":"<p>AQUEST DILLUNS A LES CLASSES DE LES GALLINES ATL\u00c8TIQUES I DIVERTIDES HEM INICIAT EL TREBALL SOBRE L&#8217;ESPECTACLE QUE ANIREM A VEURE AQUEST MAIG A L&#8217;AUDITORI.<br \/>\n<a href=\"https:\/\/agora.xtec.cat\/escolapauvila\/wp-content\/uploads\/usu1565\/2022\/12\/Imatge_MONSTRES_630x404px.0.jpg\"><\/a><br \/>\nL&#8217;ESPECTACLE ES TITULA MONSTRES I AMB ELL DESCOBRIREM FADES, FOLLETS, MONSTRES I PERSONATGES MITOL\u00d2GICS AIX\u00cd COM LES DIFERENTS SONORITATS D&#8217;ARREU&hellip;  <a href=\"https:\/\/agora.xtec.cat\/escolapauvila\/general\/iniciem-el-treball-de-laudicio-monstres\/\" title=\"Read INICIEM EL TREBALL DE L&#8217;AUDICI\u00d3 &#8220;MONSTRES&#8221;\">Llegeix m\u00e9s\u00bb<\/a><\/p>\n","protected":false},"author":13,"featured_media":9170,"comment_status":"open","ping_status":"closed","sticky":false,"template":"","format":"standard","meta":{"_bbp_topic_count":0,"_bbp_reply_count":0,"_bbp_total_topic_count":0,"_bbp_total_reply_count":0,"_bbp_voice_count":0,"_bbp_anonymous_reply_count":0,"_bbp_topic_count_hidden":0,"_bbp_reply_count_hidden":0,"_bbp_forum_subforum_count":0,"footnotes":""},"categories":[2,3,1],"tags":[274,275,284,291,278],"class_list":["post-9149","post","type-post","status-publish","format-standard","has-post-thumbnail","hentry","category-petits","category-ei3","category-general","tag-ei3a22-23","tag-ei3b22-23","tag-i3-22-23","tag-i3-musica","tag-nascuts2019"],"post_mailing_queue_ids":[],"_links":{"self":[{"href":"https:\/\/agora.xtec.cat\/escolapauvila\/wp-json\/wp\/v2\/posts\/9149","targetHints":{"allow":["GET"]}}],"collection":[{"href":"https:\/\/agora.xtec.cat\/escolapauvila\/wp-json\/wp\/v2\/posts"}],"about":[{"href":"https:\/\/agora.xtec.cat\/escolapauvila\/wp-json\/wp\/v2\/types\/post"}],"author":[{"embeddable":true,"href":"https:\/\/agora.xtec.cat\/escolapauvila\/wp-json\/wp\/v2\/users\/13"}],"replies":[{"embeddable":true,"href":"https:\/\/agora.xtec.cat\/escolapauvila\/wp-json\/wp\/v2\/comments?post=9149"}],"version-history":[{"count":3,"href":"https:\/\/agora.xtec.cat\/escolapauvila\/wp-json\/wp\/v2\/posts\/9149\/revisions"}],"predecessor-version":[{"id":9174,"href":"https:\/\/agora.xtec.cat\/escolapauvila\/wp-json\/wp\/v2\/posts\/9149\/revisions\/9174"}],"wp:featuredmedia":[{"embeddable":true,"href":"https:\/\/agora.xtec.cat\/escolapauvila\/wp-json\/wp\/v2\/media\/9170"}],"wp:attachment":[{"href":"https:\/\/agora.xtec.cat\/escolapauvila\/wp-json\/wp\/v2\/media?parent=9149"}],"wp:term":[{"taxonomy":"category","embeddable":true,"href":"https:\/\/agora.xtec.cat\/escolapauvila\/wp-json\/wp\/v2\/categories?post=9149"},{"taxonomy":"post_tag","embeddable":true,"href":"https:\/\/agora.xtec.cat\/escolapauvila\/wp-json\/wp\/v2\/tags?post=9149"}],"curies":[{"name":"wp","href":"https:\/\/api.w.org\/{rel}","templated":true}]}}