{"id":9130,"date":"2022-11-24T10:28:12","date_gmt":"2022-11-24T09:28:12","guid":{"rendered":"https:\/\/agora.xtec.cat\/escolapauvila\/?p=9130"},"modified":"2022-11-24T10:30:48","modified_gmt":"2022-11-24T09:30:48","slug":"qui-soc-jo","status":"publish","type":"post","link":"https:\/\/agora.xtec.cat\/escolapauvila\/grans\/6e\/qui-soc-jo\/","title":{"rendered":"QUI S\u00d3C JO?"},"content":{"rendered":"<p><a href=\"https:\/\/agora.xtec.cat\/escolapauvila\/wp-content\/uploads\/usu1565\/2022\/11\/3.jpg\"><img loading=\"lazy\" decoding=\"async\" class=\"aligncenter size-full wp-image-9131\" src=\"https:\/\/agora.xtec.cat\/escolapauvila\/wp-content\/uploads\/usu1565\/2022\/11\/3.jpg\" alt=\"\" width=\"795\" height=\"174\" srcset=\"https:\/\/agora.xtec.cat\/escolapauvila\/wp-content\/uploads\/usu1565\/2022\/11\/3.jpg 795w, https:\/\/agora.xtec.cat\/escolapauvila\/wp-content\/uploads\/usu1565\/2022\/11\/3-300x66.jpg 300w, https:\/\/agora.xtec.cat\/escolapauvila\/wp-content\/uploads\/usu1565\/2022\/11\/3-768x168.jpg 768w\" sizes=\"auto, (max-width: 795px) 100vw, 795px\" \/><\/a><\/p>\n<p><span style=\"font-weight: 400;\">Aquest curs els de 6\u00e8 a pl\u00e0stica estem fent uns autoretrats que es titulen: COM S\u00d3C JO.<\/span><\/p>\n<p><span style=\"font-weight: 400;\">Es tracta de qu\u00e8 hem de retallar la foto de l&#8217;orla per la meitat de la nostra cara i enganxar a un paper dina 3 una meitat.<\/span><\/p>\n<p><span style=\"font-weight: 400;\">\u00a0Un cop enganxada hem de dibuixar l&#8217;altra meitat de la nostra cara el mes semblant possible.<\/span><\/p>\n<p><span style=\"font-weight: 400;\">\u00a0Quan hem acabat de dibuixar i pintar agafem mig full de dina 3 i hem d&#8217;escriure la frase SAPS QUI S\u00d3C? O QUI S\u00d3C JO?<\/span><\/p>\n<p><span style=\"font-weight: 400;\">\u00a0Un cop escrit enganxem amb grapes el full on diu QUI S\u00d3C? Sobre la meitat de full amb la foto.<\/span><\/p>\n<p><span style=\"font-weight: 400;\">Un cop tot acabat ho hem penjat al passad\u00eds.Ara us retem a qu\u00e8 endevineu qui \u00e9s qui.<\/span><\/p>\n<p><a href=\"https:\/\/agora.xtec.cat\/escolapauvila\/wp-content\/uploads\/usu1565\/2022\/11\/32.jpg\"><img loading=\"lazy\" decoding=\"async\" class=\"size-full wp-image-9132 alignright\" src=\"https:\/\/agora.xtec.cat\/escolapauvila\/wp-content\/uploads\/usu1565\/2022\/11\/32.jpg\" alt=\"\" width=\"545\" height=\"707\" srcset=\"https:\/\/agora.xtec.cat\/escolapauvila\/wp-content\/uploads\/usu1565\/2022\/11\/32.jpg 545w, https:\/\/agora.xtec.cat\/escolapauvila\/wp-content\/uploads\/usu1565\/2022\/11\/32-231x300.jpg 231w\" sizes=\"auto, (max-width: 545px) 100vw, 545px\" \/><\/a> <a href=\"https:\/\/agora.xtec.cat\/escolapauvila\/wp-content\/uploads\/usu1565\/2022\/11\/31.jpg\"><img loading=\"lazy\" decoding=\"async\" class=\"aligncenter size-full wp-image-9133\" src=\"https:\/\/agora.xtec.cat\/escolapauvila\/wp-content\/uploads\/usu1565\/2022\/11\/31.jpg\" alt=\"\" width=\"499\" height=\"681\" srcset=\"https:\/\/agora.xtec.cat\/escolapauvila\/wp-content\/uploads\/usu1565\/2022\/11\/31.jpg 499w, https:\/\/agora.xtec.cat\/escolapauvila\/wp-content\/uploads\/usu1565\/2022\/11\/31-220x300.jpg 220w\" sizes=\"auto, (max-width: 499px) 100vw, 499px\" \/><\/a><\/p>\n<p>Si voleu veure algunes m\u00e9s obriu aquest <a href=\"https:\/\/photos.app.goo.gl\/NvYaKjJdHo9Tswsc7\">enlla\u00e7<\/a><\/p>\n","protected":false},"excerpt":{"rendered":"<p><a href=\"https:\/\/agora.xtec.cat\/escolapauvila\/wp-content\/uploads\/usu1565\/2022\/11\/3.jpg\"><\/a><br \/>\nAquest curs els de 6\u00e8 a pl\u00e0stica estem fent uns autoretrats que es titulen: COM S\u00d3C JO.<br \/>\nEs tracta de qu\u00e8 hem de retallar la foto de l&#8217;orla per la meitat de la nostra cara i enganxar a un paper dina 3 una meitat.<br \/>\n\u00a0Un cop&hellip;  <a href=\"https:\/\/agora.xtec.cat\/escolapauvila\/grans\/6e\/qui-soc-jo\/\" title=\"Read QUI S\u00d3C JO?\">Llegeix m\u00e9s\u00bb<\/a><\/p>\n","protected":false},"author":32,"featured_media":0,"comment_status":"open","ping_status":"closed","sticky":false,"template":"","format":"standard","meta":{"_bbp_topic_count":0,"_bbp_reply_count":0,"_bbp_total_topic_count":0,"_bbp_total_reply_count":0,"_bbp_voice_count":0,"_bbp_anonymous_reply_count":0,"_bbp_topic_count_hidden":0,"_bbp_reply_count_hidden":0,"_bbp_forum_subforum_count":0,"footnotes":""},"categories":[15,61],"tags":[286,216,90],"class_list":["post-9130","post","type-post","status-publish","format-standard","hentry","category-6e","category-grans","tag-6b22-23","tag-comunitat-grans","tag-nascuts2011"],"post_mailing_queue_ids":[],"_links":{"self":[{"href":"https:\/\/agora.xtec.cat\/escolapauvila\/wp-json\/wp\/v2\/posts\/9130","targetHints":{"allow":["GET"]}}],"collection":[{"href":"https:\/\/agora.xtec.cat\/escolapauvila\/wp-json\/wp\/v2\/posts"}],"about":[{"href":"https:\/\/agora.xtec.cat\/escolapauvila\/wp-json\/wp\/v2\/types\/post"}],"author":[{"embeddable":true,"href":"https:\/\/agora.xtec.cat\/escolapauvila\/wp-json\/wp\/v2\/users\/32"}],"replies":[{"embeddable":true,"href":"https:\/\/agora.xtec.cat\/escolapauvila\/wp-json\/wp\/v2\/comments?post=9130"}],"version-history":[{"count":1,"href":"https:\/\/agora.xtec.cat\/escolapauvila\/wp-json\/wp\/v2\/posts\/9130\/revisions"}],"predecessor-version":[{"id":9134,"href":"https:\/\/agora.xtec.cat\/escolapauvila\/wp-json\/wp\/v2\/posts\/9130\/revisions\/9134"}],"wp:attachment":[{"href":"https:\/\/agora.xtec.cat\/escolapauvila\/wp-json\/wp\/v2\/media?parent=9130"}],"wp:term":[{"taxonomy":"category","embeddable":true,"href":"https:\/\/agora.xtec.cat\/escolapauvila\/wp-json\/wp\/v2\/categories?post=9130"},{"taxonomy":"post_tag","embeddable":true,"href":"https:\/\/agora.xtec.cat\/escolapauvila\/wp-json\/wp\/v2\/tags?post=9130"}],"curies":[{"name":"wp","href":"https:\/\/api.w.org\/{rel}","templated":true}]}}