{"id":9100,"date":"2022-11-20T14:08:01","date_gmt":"2022-11-20T13:08:01","guid":{"rendered":"https:\/\/agora.xtec.cat\/escolapauvila\/?p=9100"},"modified":"2022-11-22T12:22:54","modified_gmt":"2022-11-22T11:22:54","slug":"setmana-de-la-ciencia","status":"publish","type":"post","link":"https:\/\/agora.xtec.cat\/escolapauvila\/portada\/setmana-de-la-ciencia\/","title":{"rendered":"Setmana de la Ci\u00e8ncia"},"content":{"rendered":"<p>Els\u00a0 i les alumnes de 6\u00e8 de l&#8217;escola hem participat de les activitats emmarcades en la Setmana de la Ci\u00e8ncia d&#8217;enguany que ha organitzat l&#8217;institut El Castell.<\/p>\n<p>El passat dimarts dia 15 de novembre vam assistir a un taller organitzat pels alumnes de 4t d&#8217;ESO. En aquest taller vam poder construir un cotxe amb material reciclat que es despla\u00e7ava gr\u00e0cies a la for\u00e7a de l&#8217;aire. Vam poder experimentar una de les teories de Newton a trav\u00e9s del m\u00e8tode cient\u00edfic.<\/p>\n<p>A m\u00e9s va ser una fant\u00e0stica oportunitat per a con\u00e8ixer el que podria ser el futur centre on alguns i algunes estudiaran el curs vinent.<\/p>\n<p><a href=\"https:\/\/agora.xtec.cat\/escolapauvila\/wp-content\/uploads\/usu1565\/2022\/11\/Sense-titol1.jpg\"><img loading=\"lazy\" decoding=\"async\" class=\"aligncenter size-full wp-image-9101\" src=\"https:\/\/agora.xtec.cat\/escolapauvila\/wp-content\/uploads\/usu1565\/2022\/11\/Sense-titol1.jpg\" alt=\"\" width=\"1196\" height=\"740\" srcset=\"https:\/\/agora.xtec.cat\/escolapauvila\/wp-content\/uploads\/usu1565\/2022\/11\/Sense-titol1.jpg 1196w, https:\/\/agora.xtec.cat\/escolapauvila\/wp-content\/uploads\/usu1565\/2022\/11\/Sense-titol1-300x186.jpg 300w, https:\/\/agora.xtec.cat\/escolapauvila\/wp-content\/uploads\/usu1565\/2022\/11\/Sense-titol1-1024x634.jpg 1024w, https:\/\/agora.xtec.cat\/escolapauvila\/wp-content\/uploads\/usu1565\/2022\/11\/Sense-titol1-768x475.jpg 768w\" sizes=\"auto, (max-width: 1196px) 100vw, 1196px\" \/><\/a> <a href=\"https:\/\/agora.xtec.cat\/escolapauvila\/wp-content\/uploads\/usu1565\/2022\/11\/IMG_7348.jpg\"><img loading=\"lazy\" decoding=\"async\" class=\"aligncenter size-full wp-image-9102\" src=\"https:\/\/agora.xtec.cat\/escolapauvila\/wp-content\/uploads\/usu1565\/2022\/11\/IMG_7348.jpg\" alt=\"\" width=\"1242\" height=\"770\" srcset=\"https:\/\/agora.xtec.cat\/escolapauvila\/wp-content\/uploads\/usu1565\/2022\/11\/IMG_7348.jpg 1242w, https:\/\/agora.xtec.cat\/escolapauvila\/wp-content\/uploads\/usu1565\/2022\/11\/IMG_7348-300x186.jpg 300w, https:\/\/agora.xtec.cat\/escolapauvila\/wp-content\/uploads\/usu1565\/2022\/11\/IMG_7348-1024x635.jpg 1024w, https:\/\/agora.xtec.cat\/escolapauvila\/wp-content\/uploads\/usu1565\/2022\/11\/IMG_7348-768x476.jpg 768w\" sizes=\"auto, (max-width: 1242px) 100vw, 1242px\" \/><\/a> <a href=\"https:\/\/agora.xtec.cat\/escolapauvila\/wp-content\/uploads\/usu1565\/2022\/11\/IMG_7345.jpg\"><img loading=\"lazy\" decoding=\"async\" class=\"aligncenter size-full wp-image-9103\" src=\"https:\/\/agora.xtec.cat\/escolapauvila\/wp-content\/uploads\/usu1565\/2022\/11\/IMG_7345.jpg\" alt=\"\" width=\"1250\" height=\"680\" srcset=\"https:\/\/agora.xtec.cat\/escolapauvila\/wp-content\/uploads\/usu1565\/2022\/11\/IMG_7345.jpg 1250w, https:\/\/agora.xtec.cat\/escolapauvila\/wp-content\/uploads\/usu1565\/2022\/11\/IMG_7345-300x163.jpg 300w, https:\/\/agora.xtec.cat\/escolapauvila\/wp-content\/uploads\/usu1565\/2022\/11\/IMG_7345-1024x557.jpg 1024w, https:\/\/agora.xtec.cat\/escolapauvila\/wp-content\/uploads\/usu1565\/2022\/11\/IMG_7345-768x418.jpg 768w\" sizes=\"auto, (max-width: 1250px) 100vw, 1250px\" \/><\/a><\/p>\n","protected":false},"excerpt":{"rendered":"<p>Els\u00a0 i les alumnes de 6\u00e8 de l&#8217;escola hem participat de les activitats emmarcades en la Setmana de la Ci\u00e8ncia d&#8217;enguany que ha organitzat l&#8217;institut El Castell.<br \/>\nEl passat dimarts dia 15 de novembre vam assistir a un taller organitzat pels alumnes de 4t d&#8217;ESO. En&hellip;  <a href=\"https:\/\/agora.xtec.cat\/escolapauvila\/portada\/setmana-de-la-ciencia\/\" title=\"Read Setmana de la Ci\u00e8ncia\">Llegeix m\u00e9s\u00bb<\/a><\/p>\n","protected":false},"author":32,"featured_media":9102,"comment_status":"open","ping_status":"closed","sticky":false,"template":"","format":"standard","meta":{"_bbp_topic_count":0,"_bbp_reply_count":0,"_bbp_total_topic_count":0,"_bbp_total_reply_count":0,"_bbp_voice_count":0,"_bbp_anonymous_reply_count":0,"_bbp_topic_count_hidden":0,"_bbp_reply_count_hidden":0,"_bbp_forum_subforum_count":0,"footnotes":""},"categories":[15,61,4],"tags":[281,216,90],"class_list":["post-9100","post","type-post","status-publish","format-standard","has-post-thumbnail","hentry","category-6e","category-grans","category-portada","tag-6e2022-23","tag-comunitat-grans","tag-nascuts2011"],"post_mailing_queue_ids":[],"_links":{"self":[{"href":"https:\/\/agora.xtec.cat\/escolapauvila\/wp-json\/wp\/v2\/posts\/9100","targetHints":{"allow":["GET"]}}],"collection":[{"href":"https:\/\/agora.xtec.cat\/escolapauvila\/wp-json\/wp\/v2\/posts"}],"about":[{"href":"https:\/\/agora.xtec.cat\/escolapauvila\/wp-json\/wp\/v2\/types\/post"}],"author":[{"embeddable":true,"href":"https:\/\/agora.xtec.cat\/escolapauvila\/wp-json\/wp\/v2\/users\/32"}],"replies":[{"embeddable":true,"href":"https:\/\/agora.xtec.cat\/escolapauvila\/wp-json\/wp\/v2\/comments?post=9100"}],"version-history":[{"count":1,"href":"https:\/\/agora.xtec.cat\/escolapauvila\/wp-json\/wp\/v2\/posts\/9100\/revisions"}],"predecessor-version":[{"id":9104,"href":"https:\/\/agora.xtec.cat\/escolapauvila\/wp-json\/wp\/v2\/posts\/9100\/revisions\/9104"}],"wp:featuredmedia":[{"embeddable":true,"href":"https:\/\/agora.xtec.cat\/escolapauvila\/wp-json\/wp\/v2\/media\/9102"}],"wp:attachment":[{"href":"https:\/\/agora.xtec.cat\/escolapauvila\/wp-json\/wp\/v2\/media?parent=9100"}],"wp:term":[{"taxonomy":"category","embeddable":true,"href":"https:\/\/agora.xtec.cat\/escolapauvila\/wp-json\/wp\/v2\/categories?post=9100"},{"taxonomy":"post_tag","embeddable":true,"href":"https:\/\/agora.xtec.cat\/escolapauvila\/wp-json\/wp\/v2\/tags?post=9100"}],"curies":[{"name":"wp","href":"https:\/\/api.w.org\/{rel}","templated":true}]}}