{"id":9065,"date":"2022-11-11T14:51:37","date_gmt":"2022-11-11T13:51:37","guid":{"rendered":"https:\/\/agora.xtec.cat\/escolapauvila\/?p=9065"},"modified":"2022-11-11T14:51:37","modified_gmt":"2022-11-11T13:51:37","slug":"i4-arrelats-amb-esparreguera","status":"publish","type":"post","link":"https:\/\/agora.xtec.cat\/escolapauvila\/petits\/i4-arrelats-amb-esparreguera\/","title":{"rendered":"I4 ARRELATS AMB ESPARREGUERA"},"content":{"rendered":"<p>AQUEST PASSAT DILLUNS DIA 7 ELS NENS I NENES D&#8217;I4 VAM FER LA NOSTRA PRIMERA SORTIDA RELACIONADA AMB EL PROJECTE DE L&#8217;ESCOLA: &#8220;ARRELATS&#8221;. VA SER MOLT BONICA PERQU\u00c8 VAM FER UN PASSEIG PER LA RIERA. ESTAVA PLENA DE PEDRETES I ENS COSTAVA CAMINAR, PER\u00d2 COM QUE CADA COP ESTEM M\u00c9S EN FORMA, VAM ACONSEGUIR FER TOT EL CAM\u00cd SENSE PROBLEMES. ALL\u00c0 VAM DESCOBRIR QUE HI HA HORTS I VAM TROBAR L&#8217;AVI D&#8217;UNA DE LES ALUMNES D&#8217;I4A, QUE EN CUIDA UN. I ENS VA AGRADAR MOLT VEURE TAMB\u00c9 EL SEU GOSSET.<\/p>\n<p>ABANS D&#8217;ACABAR EL RECORREGUT PER LA RIERA, VAM AGAFAR UNA PEDRA PETITA I LA VAM GUARDAR A LA MOTXILLA (LES MESTRES VAN DIR QUE ENS SERVIRIA PER FER UNA ACTIVITAT DIVERTIDA A CASA). I UN COP FET TOT EL RECORREGUT PER LA RIERA, VAM ARRIBAR FINS LES OLIVERES. ALL\u00c0 VAM VEURE CAVALLS, VAM FER UNA PARADA PER ESMORZAR I PODER AGAFAR FORCES I VAM APROFITAR PER JUGAR MOLTA ESTONA AMB ELS COMPANYS I COMPANYES. FINS QUE VA TOCAR TORNAR A L&#8217;ESCOLA PER ANAR A DINAR.<\/p>\n<p>&nbsp;<\/p>\n<p><a href=\"https:\/\/agora.xtec.cat\/escolapauvila\/wp-content\/uploads\/usu1565\/2022\/11\/CAVALLS-scaled.jpg\"><img loading=\"lazy\" decoding=\"async\" class=\"alignnone wp-image-9067 size-medium\" src=\"https:\/\/agora.xtec.cat\/escolapauvila\/wp-content\/uploads\/usu1565\/2022\/11\/CAVALLS-300x225.jpg\" alt=\"\" width=\"300\" height=\"225\" srcset=\"https:\/\/agora.xtec.cat\/escolapauvila\/wp-content\/uploads\/usu1565\/2022\/11\/CAVALLS-300x225.jpg 300w, https:\/\/agora.xtec.cat\/escolapauvila\/wp-content\/uploads\/usu1565\/2022\/11\/CAVALLS-1024x768.jpg 1024w, https:\/\/agora.xtec.cat\/escolapauvila\/wp-content\/uploads\/usu1565\/2022\/11\/CAVALLS-768x576.jpg 768w, https:\/\/agora.xtec.cat\/escolapauvila\/wp-content\/uploads\/usu1565\/2022\/11\/CAVALLS-1536x1152.jpg 1536w, https:\/\/agora.xtec.cat\/escolapauvila\/wp-content\/uploads\/usu1565\/2022\/11\/CAVALLS-2048x1536.jpg 2048w, https:\/\/agora.xtec.cat\/escolapauvila\/wp-content\/uploads\/usu1565\/2022\/11\/CAVALLS-200x150.jpg 200w\" sizes=\"auto, (max-width: 300px) 100vw, 300px\" \/><\/a> <a href=\"https:\/\/agora.xtec.cat\/escolapauvila\/wp-content\/uploads\/usu1565\/2022\/11\/IMG_8347-scaled.jpg\"><img loading=\"lazy\" decoding=\"async\" class=\"alignnone wp-image-9068 size-medium\" src=\"https:\/\/agora.xtec.cat\/escolapauvila\/wp-content\/uploads\/usu1565\/2022\/11\/IMG_8347-300x225.jpg\" alt=\"\" width=\"300\" height=\"225\" srcset=\"https:\/\/agora.xtec.cat\/escolapauvila\/wp-content\/uploads\/usu1565\/2022\/11\/IMG_8347-300x225.jpg 300w, https:\/\/agora.xtec.cat\/escolapauvila\/wp-content\/uploads\/usu1565\/2022\/11\/IMG_8347-1024x768.jpg 1024w, https:\/\/agora.xtec.cat\/escolapauvila\/wp-content\/uploads\/usu1565\/2022\/11\/IMG_8347-768x576.jpg 768w, https:\/\/agora.xtec.cat\/escolapauvila\/wp-content\/uploads\/usu1565\/2022\/11\/IMG_8347-1536x1152.jpg 1536w, https:\/\/agora.xtec.cat\/escolapauvila\/wp-content\/uploads\/usu1565\/2022\/11\/IMG_8347-2048x1536.jpg 2048w, https:\/\/agora.xtec.cat\/escolapauvila\/wp-content\/uploads\/usu1565\/2022\/11\/IMG_8347-200x150.jpg 200w\" sizes=\"auto, (max-width: 300px) 100vw, 300px\" \/><\/a><\/p>\n<p>&nbsp;<\/p>\n<p>VA SER UN MAT\u00cd MOLT AGRADABLE I DIVERTIT! JA TENIM GANES DE QUE ARRIBI LA PROPERA SORTIDA D&#8217;ARRELATS!<\/p>\n","protected":false},"excerpt":{"rendered":"<p>AQUEST PASSAT DILLUNS DIA 7 ELS NENS I NENES D&#8217;I4 VAM FER LA NOSTRA PRIMERA SORTIDA RELACIONADA AMB EL PROJECTE DE L&#8217;ESCOLA: &#8220;ARRELATS&#8221;. VA SER MOLT BONICA PERQU\u00c8 VAM FER UN PASSEIG PER LA RIERA. ESTAVA PLENA DE PEDRETES I ENS COSTAVA CAMINAR, PER\u00d2 COM&hellip;  <a href=\"https:\/\/agora.xtec.cat\/escolapauvila\/petits\/i4-arrelats-amb-esparreguera\/\" title=\"Read I4 ARRELATS AMB ESPARREGUERA\">Llegeix m\u00e9s\u00bb<\/a><\/p>\n","protected":false},"author":1,"featured_media":9066,"comment_status":"open","ping_status":"closed","sticky":false,"template":"","format":"standard","meta":{"_bbp_topic_count":0,"_bbp_reply_count":0,"_bbp_total_topic_count":0,"_bbp_total_reply_count":0,"_bbp_voice_count":0,"_bbp_anonymous_reply_count":0,"_bbp_topic_count_hidden":0,"_bbp_reply_count_hidden":0,"_bbp_forum_subforum_count":0,"footnotes":""},"categories":[2,8],"tags":[176,271,272,264,265,210],"class_list":["post-9065","post","type-post","status-publish","format-standard","has-post-thumbnail","hentry","category-petits","category-ei4","tag-comunitat-petites","tag-ei4a22-23","tag-ei4b22-23","tag-laclassedelespinguet","tag-laclassedelgalldefoc","tag-nascuts2018"],"post_mailing_queue_ids":[],"_links":{"self":[{"href":"https:\/\/agora.xtec.cat\/escolapauvila\/wp-json\/wp\/v2\/posts\/9065","targetHints":{"allow":["GET"]}}],"collection":[{"href":"https:\/\/agora.xtec.cat\/escolapauvila\/wp-json\/wp\/v2\/posts"}],"about":[{"href":"https:\/\/agora.xtec.cat\/escolapauvila\/wp-json\/wp\/v2\/types\/post"}],"author":[{"embeddable":true,"href":"https:\/\/agora.xtec.cat\/escolapauvila\/wp-json\/wp\/v2\/users\/1"}],"replies":[{"embeddable":true,"href":"https:\/\/agora.xtec.cat\/escolapauvila\/wp-json\/wp\/v2\/comments?post=9065"}],"version-history":[{"count":3,"href":"https:\/\/agora.xtec.cat\/escolapauvila\/wp-json\/wp\/v2\/posts\/9065\/revisions"}],"predecessor-version":[{"id":9071,"href":"https:\/\/agora.xtec.cat\/escolapauvila\/wp-json\/wp\/v2\/posts\/9065\/revisions\/9071"}],"wp:featuredmedia":[{"embeddable":true,"href":"https:\/\/agora.xtec.cat\/escolapauvila\/wp-json\/wp\/v2\/media\/9066"}],"wp:attachment":[{"href":"https:\/\/agora.xtec.cat\/escolapauvila\/wp-json\/wp\/v2\/media?parent=9065"}],"wp:term":[{"taxonomy":"category","embeddable":true,"href":"https:\/\/agora.xtec.cat\/escolapauvila\/wp-json\/wp\/v2\/categories?post=9065"},{"taxonomy":"post_tag","embeddable":true,"href":"https:\/\/agora.xtec.cat\/escolapauvila\/wp-json\/wp\/v2\/tags?post=9065"}],"curies":[{"name":"wp","href":"https:\/\/api.w.org\/{rel}","templated":true}]}}