{"id":8987,"date":"2022-10-24T22:01:40","date_gmt":"2022-10-24T20:01:40","guid":{"rendered":"https:\/\/agora.xtec.cat\/escolapauvila\/?p=8987"},"modified":"2022-10-24T22:01:40","modified_gmt":"2022-10-24T20:01:40","slug":"dibuix-del-natural-el-codonyer","status":"publish","type":"post","link":"https:\/\/agora.xtec.cat\/escolapauvila\/general\/dibuix-del-natural-el-codonyer\/","title":{"rendered":"DIBUIX DEL NATURAL: EL CODONYER"},"content":{"rendered":"<p><span style=\"font-weight: 400;\"><strong>LA PR\u00c0CTICA DEL DIBUIX AL NATURAL<\/strong> CONSISTEIX NO NOM\u00c9S EN LA REPRESENTACI\u00d3 DEL DIBUIX, SIN\u00d3 EN <strong>LA IMPORT\u00c0NCIA\u00a0 QUE T\u00c9 L&#8217;OBSERVACI\u00d3<\/strong>.<\/span><\/p>\n<p><span style=\"font-weight: 400;\">OBSERVAR LA LLUM, ELS COLORS, LA COMPOSICI\u00d3\u2026 TOT \u00c9S IMPORTANT QUAN DIBUIXEM DE LA NATURA.\u00a0<\/span><\/p>\n<p><img loading=\"lazy\" decoding=\"async\" class=\"alignnone wp-image-8989\" src=\"https:\/\/agora.xtec.cat\/escolapauvila\/wp-content\/uploads\/usu1565\/2022\/10\/DSC01775-1024x576.jpg\" alt=\"\" width=\"455\" height=\"256\" srcset=\"https:\/\/agora.xtec.cat\/escolapauvila\/wp-content\/uploads\/usu1565\/2022\/10\/DSC01775-1024x576.jpg 1024w, https:\/\/agora.xtec.cat\/escolapauvila\/wp-content\/uploads\/usu1565\/2022\/10\/DSC01775-300x169.jpg 300w, https:\/\/agora.xtec.cat\/escolapauvila\/wp-content\/uploads\/usu1565\/2022\/10\/DSC01775-768x432.jpg 768w, https:\/\/agora.xtec.cat\/escolapauvila\/wp-content\/uploads\/usu1565\/2022\/10\/DSC01775-1536x864.jpg 1536w, https:\/\/agora.xtec.cat\/escolapauvila\/wp-content\/uploads\/usu1565\/2022\/10\/DSC01775.jpg 1920w\" sizes=\"auto, (max-width: 455px) 100vw, 455px\" \/>\u00a0\u00a0\u00a0\u00a0\u00a0 <a href=\"https:\/\/agora.xtec.cat\/escolapauvila\/wp-content\/uploads\/usu1565\/2022\/10\/IMG_3566.jpg\"><img loading=\"lazy\" decoding=\"async\" class=\"alignnone wp-image-8992\" src=\"https:\/\/agora.xtec.cat\/escolapauvila\/wp-content\/uploads\/usu1565\/2022\/10\/IMG_3566-798x1024.jpg\" alt=\"\" width=\"196\" height=\"252\" srcset=\"https:\/\/agora.xtec.cat\/escolapauvila\/wp-content\/uploads\/usu1565\/2022\/10\/IMG_3566-798x1024.jpg 798w, https:\/\/agora.xtec.cat\/escolapauvila\/wp-content\/uploads\/usu1565\/2022\/10\/IMG_3566-234x300.jpg 234w, https:\/\/agora.xtec.cat\/escolapauvila\/wp-content\/uploads\/usu1565\/2022\/10\/IMG_3566-768x985.jpg 768w, https:\/\/agora.xtec.cat\/escolapauvila\/wp-content\/uploads\/usu1565\/2022\/10\/IMG_3566-1197x1536.jpg 1197w, https:\/\/agora.xtec.cat\/escolapauvila\/wp-content\/uploads\/usu1565\/2022\/10\/IMG_3566-1596x2048.jpg 1596w, https:\/\/agora.xtec.cat\/escolapauvila\/wp-content\/uploads\/usu1565\/2022\/10\/IMG_3566.jpg 1632w\" sizes=\"auto, (max-width: 196px) 100vw, 196px\" \/><\/a><\/p>\n<p style=\"text-align: center;\"><span style=\"font-weight: 400;\">SEGONS JOHN BERGER, EL DIBUIX SERIA L\u2019EVID\u00c8NCIA COMPLEXA D\u2019AQUEST ESTAT DE CONCENTRACI\u00d3 I OBSERVACI\u00d3.<\/span><\/p>\n<p><i><span style=\"font-weight: 400;\">\u201cDIBUIXAR \u00c9S MIRAR EXAMINANT L\u2019ESTRUCTURA DE LES APARENCES. EL DIBUIX D\u2019UN ARBRE NO MOSTRA UN ARBRE SENSE M\u00c9S, SIN\u00d3 UN ARBRE QUE EST\u00c0 SENT CONTEMPLAT\u201d.<\/span><\/i><\/p>\n<p>AL PASSAD\u00cdS HI PODREU VEURE L&#8217;EXPOSICI\u00d3 DELS DIBUIXOS DEL <span style=\"font-size: 20px;\"><strong><span style=\"color: #ff0000;\">C<\/span>ODONYER<\/strong><\/span>\u00a0 QUE HAN REALITZAT ELS NENS I NENES D&#8217;I5.<\/p>\n<p>ESPEREM QUE LES GAUDIU TANT COM HO HAN FET ELLS.<\/p>\n<p>&nbsp;<\/p>\n<p><a href=\"https:\/\/agora.xtec.cat\/escolapauvila\/wp-content\/uploads\/usu1565\/2022\/10\/DSC01775.jpg\">\u00a0 \u00a0 \u00a0 \u00a0 \u00a0 \u00a0 \u00a0<\/a><\/p>\n","protected":false},"excerpt":{"rendered":"<p>LA PR\u00c0CTICA DEL DIBUIX AL NATURAL CONSISTEIX NO NOM\u00c9S EN LA REPRESENTACI\u00d3 DEL DIBUIX, SIN\u00d3 EN LA IMPORT\u00c0NCIA\u00a0 QUE T\u00c9 L&#8217;OBSERVACI\u00d3.<br \/>\nOBSERVAR LA LLUM, ELS COLORS, LA COMPOSICI\u00d3\u2026 TOT \u00c9S IMPORTANT QUAN DIBUIXEM DE LA NATURA.\u00a0<br \/>\n\u00a0\u00a0\u00a0\u00a0\u00a0 <a href=\"https:\/\/agora.xtec.cat\/escolapauvila\/wp-content\/uploads\/usu1565\/2022\/10\/IMG_3566.jpg\"><\/a><br \/>\nSEGONS JOHN BERGER, EL DIBUIX SERIA L\u2019EVID\u00c8NCIA COMPLEXA D\u2019AQUEST&hellip;  <a href=\"https:\/\/agora.xtec.cat\/escolapauvila\/general\/dibuix-del-natural-el-codonyer\/\" title=\"Read DIBUIX DEL NATURAL: EL CODONYER\">Llegeix m\u00e9s\u00bb<\/a><\/p>\n","protected":false},"author":1,"featured_media":8989,"comment_status":"open","ping_status":"closed","sticky":false,"template":"","format":"standard","meta":{"_bbp_topic_count":0,"_bbp_reply_count":0,"_bbp_total_topic_count":0,"_bbp_total_reply_count":0,"_bbp_voice_count":0,"_bbp_anonymous_reply_count":0,"_bbp_topic_count_hidden":0,"_bbp_reply_count_hidden":0,"_bbp_forum_subforum_count":0,"footnotes":""},"categories":[2,9,1],"tags":[],"class_list":["post-8987","post","type-post","status-publish","format-standard","has-post-thumbnail","hentry","category-petits","category-ei5","category-general"],"post_mailing_queue_ids":[],"_links":{"self":[{"href":"https:\/\/agora.xtec.cat\/escolapauvila\/wp-json\/wp\/v2\/posts\/8987","targetHints":{"allow":["GET"]}}],"collection":[{"href":"https:\/\/agora.xtec.cat\/escolapauvila\/wp-json\/wp\/v2\/posts"}],"about":[{"href":"https:\/\/agora.xtec.cat\/escolapauvila\/wp-json\/wp\/v2\/types\/post"}],"author":[{"embeddable":true,"href":"https:\/\/agora.xtec.cat\/escolapauvila\/wp-json\/wp\/v2\/users\/1"}],"replies":[{"embeddable":true,"href":"https:\/\/agora.xtec.cat\/escolapauvila\/wp-json\/wp\/v2\/comments?post=8987"}],"version-history":[{"count":3,"href":"https:\/\/agora.xtec.cat\/escolapauvila\/wp-json\/wp\/v2\/posts\/8987\/revisions"}],"predecessor-version":[{"id":8999,"href":"https:\/\/agora.xtec.cat\/escolapauvila\/wp-json\/wp\/v2\/posts\/8987\/revisions\/8999"}],"wp:featuredmedia":[{"embeddable":true,"href":"https:\/\/agora.xtec.cat\/escolapauvila\/wp-json\/wp\/v2\/media\/8989"}],"wp:attachment":[{"href":"https:\/\/agora.xtec.cat\/escolapauvila\/wp-json\/wp\/v2\/media?parent=8987"}],"wp:term":[{"taxonomy":"category","embeddable":true,"href":"https:\/\/agora.xtec.cat\/escolapauvila\/wp-json\/wp\/v2\/categories?post=8987"},{"taxonomy":"post_tag","embeddable":true,"href":"https:\/\/agora.xtec.cat\/escolapauvila\/wp-json\/wp\/v2\/tags?post=8987"}],"curies":[{"name":"wp","href":"https:\/\/api.w.org\/{rel}","templated":true}]}}