{"id":8971,"date":"2022-10-21T15:00:56","date_gmt":"2022-10-21T13:00:56","guid":{"rendered":"https:\/\/agora.xtec.cat\/escolapauvila\/?p=8971"},"modified":"2022-11-05T21:26:34","modified_gmt":"2022-11-05T20:26:34","slug":"primer-tastet-dels-racons","status":"publish","type":"post","link":"https:\/\/agora.xtec.cat\/escolapauvila\/mitjans\/primer-tastet-dels-racons\/","title":{"rendered":"PRIMER TASTET DELS RACONS"},"content":{"rendered":"<p style=\"text-align: justify;\">HEM COMEN\u00c7AT A FER UN PRIMER TASTET DELS <strong><span style=\"font-size: 20px;\">RACONS DE PRIMER<\/span><\/strong>. EN AQUESTES ESTONES ESTEM <span style=\"font-size: 20px;\"><strong>DUES MESTRES<\/strong><\/span> A L&#8217;AULA I ENS DIVIDIM EN <strong><span style=\"font-size: 20px;\">5 RACONS<\/span><\/strong>, CADA SESSI\u00d3 FEM UN RAC\u00d3 DIFERENT, FINS QUE ELS HAGUEM FET TOTS. ELS NENS I LES NENES CADA SESSI\u00d3 DECIDEIXEN QUIN RAC\u00d3 VOLEN FER.<\/p>\n<p style=\"text-align: justify;\"><strong>QUINS RACONS PORTEM FENT DURANT AQUEST PRIMER TRIMESTRE?<\/strong><\/p>\n<ul>\n<li style=\"text-align: justify;\"><span style=\"color: #ff0000;\"><strong>CONS<\/strong><strong>TRUCCI\u00d3 AMB POLICUBS:<\/strong>\u00a0<\/span>EN AQUEST RAC\u00d3 PRACTIQUEM, REPRODUIM I ELABOREM DIFERENTS FIGURES AMB POLICUBS. DESPR\u00c8S HO HEM DE PLASMAR EN EL PAPER.<a href=\"https:\/\/agora.xtec.cat\/escolapauvila\/wp-content\/uploads\/usu1565\/2022\/10\/IMG20220927095224-scaled.jpg\"><img loading=\"lazy\" decoding=\"async\" class=\"wp-image-8980 aligncenter\" src=\"https:\/\/agora.xtec.cat\/escolapauvila\/wp-content\/uploads\/usu1565\/2022\/10\/IMG20220927095224-1024x578.jpg\" alt=\"\" width=\"606\" height=\"342\" srcset=\"https:\/\/agora.xtec.cat\/escolapauvila\/wp-content\/uploads\/usu1565\/2022\/10\/IMG20220927095224-1024x578.jpg 1024w, https:\/\/agora.xtec.cat\/escolapauvila\/wp-content\/uploads\/usu1565\/2022\/10\/IMG20220927095224-300x169.jpg 300w, https:\/\/agora.xtec.cat\/escolapauvila\/wp-content\/uploads\/usu1565\/2022\/10\/IMG20220927095224-768x433.jpg 768w, https:\/\/agora.xtec.cat\/escolapauvila\/wp-content\/uploads\/usu1565\/2022\/10\/IMG20220927095224-1536x866.jpg 1536w, https:\/\/agora.xtec.cat\/escolapauvila\/wp-content\/uploads\/usu1565\/2022\/10\/IMG20220927095224-2048x1155.jpg 2048w\" sizes=\"auto, (max-width: 606px) 100vw, 606px\" \/><\/a><\/li>\n<li style=\"text-align: justify;\"><span style=\"color: #ff0000;\"><strong>NUMERACI\u00d3 DEL 1 AL 20:<\/strong><\/span> EN AQUEST RAC\u00d3 HEM D\u2019ELABORAR LA RECTA NUM\u00c8RICA DEL 1 AL 20 I DESPR\u00c8S REPRESENTEM LA QUANITAT DEL N\u00daMERO EN EL PAPER.<\/li>\n<\/ul>\n<p>&nbsp;<\/p>\n<ul>\n<li><strong><span style=\"color: #ff0000;\">NUMERACI\u00d3 AMB POLICUBS: <\/span><\/strong><span style=\"color: #ff0000;\"><span style=\"color: #000000;\">REPRESENTEM LA QUANTITAT D&#8217;UN N\u00daMERO AMB ELS POLICUBS.<a href=\"https:\/\/agora.xtec.cat\/escolapauvila\/wp-content\/uploads\/usu1565\/2022\/10\/20221014_113440-scaled.jpg\"><img loading=\"lazy\" decoding=\"async\" class=\"wp-image-8975 aligncenter\" src=\"https:\/\/agora.xtec.cat\/escolapauvila\/wp-content\/uploads\/usu1565\/2022\/10\/20221014_113440-1024x768.jpg\" alt=\"\" width=\"613\" height=\"460\" srcset=\"https:\/\/agora.xtec.cat\/escolapauvila\/wp-content\/uploads\/usu1565\/2022\/10\/20221014_113440-1024x768.jpg 1024w, https:\/\/agora.xtec.cat\/escolapauvila\/wp-content\/uploads\/usu1565\/2022\/10\/20221014_113440-300x225.jpg 300w, https:\/\/agora.xtec.cat\/escolapauvila\/wp-content\/uploads\/usu1565\/2022\/10\/20221014_113440-768x576.jpg 768w, https:\/\/agora.xtec.cat\/escolapauvila\/wp-content\/uploads\/usu1565\/2022\/10\/20221014_113440-1536x1152.jpg 1536w, https:\/\/agora.xtec.cat\/escolapauvila\/wp-content\/uploads\/usu1565\/2022\/10\/20221014_113440-2048x1536.jpg 2048w, https:\/\/agora.xtec.cat\/escolapauvila\/wp-content\/uploads\/usu1565\/2022\/10\/20221014_113440-200x150.jpg 200w\" sizes=\"auto, (max-width: 613px) 100vw, 613px\" \/><\/a><\/span><\/span><\/li>\n<li><strong><span style=\"color: #ff0000;\">COMPTATGE:<\/span><\/strong> FEM UN DIBUIX AMB GOMETS DE DIFERENTS FORMES I ,DESPR\u00c8S, COMPTEM QUANS HI HAN.<\/li>\n<\/ul>\n<p><a href=\"https:\/\/agora.xtec.cat\/escolapauvila\/wp-content\/uploads\/usu1565\/2022\/10\/20220923_113033-scaled.jpg\"><img loading=\"lazy\" decoding=\"async\" class=\"wp-image-8973 aligncenter\" src=\"https:\/\/agora.xtec.cat\/escolapauvila\/wp-content\/uploads\/usu1565\/2022\/10\/20220923_113033-1024x768.jpg\" alt=\"\" width=\"615\" height=\"462\" srcset=\"https:\/\/agora.xtec.cat\/escolapauvila\/wp-content\/uploads\/usu1565\/2022\/10\/20220923_113033-1024x768.jpg 1024w, https:\/\/agora.xtec.cat\/escolapauvila\/wp-content\/uploads\/usu1565\/2022\/10\/20220923_113033-300x225.jpg 300w, https:\/\/agora.xtec.cat\/escolapauvila\/wp-content\/uploads\/usu1565\/2022\/10\/20220923_113033-768x576.jpg 768w, https:\/\/agora.xtec.cat\/escolapauvila\/wp-content\/uploads\/usu1565\/2022\/10\/20220923_113033-1536x1152.jpg 1536w, https:\/\/agora.xtec.cat\/escolapauvila\/wp-content\/uploads\/usu1565\/2022\/10\/20220923_113033-2048x1536.jpg 2048w, https:\/\/agora.xtec.cat\/escolapauvila\/wp-content\/uploads\/usu1565\/2022\/10\/20220923_113033-200x150.jpg 200w\" sizes=\"auto, (max-width: 615px) 100vw, 615px\" \/><\/a><\/p>\n<ul>\n<li style=\"text-align: justify;\"><strong><span style=\"color: #ff0000;\">GRAFISME DELS N\u00daMEROS: <\/span><\/strong><span style=\"color: #ff0000;\"><span style=\"color: #000000;\">AMB PLASTILINA HEM DE FER EL GRAFISME DELS DIFERENTS N\u00daMEROS.\u00a0<\/span><\/span><\/li>\n<\/ul>\n<p><a href=\"https:\/\/agora.xtec.cat\/escolapauvila\/wp-content\/uploads\/usu1565\/2022\/10\/WhatsApp-Image-2022-10-19-at-13.05.03-1-1.jpeg\"><img loading=\"lazy\" decoding=\"async\" class=\"wp-image-8974 aligncenter\" src=\"https:\/\/agora.xtec.cat\/escolapauvila\/wp-content\/uploads\/usu1565\/2022\/10\/WhatsApp-Image-2022-10-19-at-13.05.03-1-1-1024x768.jpeg\" alt=\"\" width=\"577\" height=\"433\" srcset=\"https:\/\/agora.xtec.cat\/escolapauvila\/wp-content\/uploads\/usu1565\/2022\/10\/WhatsApp-Image-2022-10-19-at-13.05.03-1-1-1024x768.jpeg 1024w, https:\/\/agora.xtec.cat\/escolapauvila\/wp-content\/uploads\/usu1565\/2022\/10\/WhatsApp-Image-2022-10-19-at-13.05.03-1-1-300x225.jpeg 300w, https:\/\/agora.xtec.cat\/escolapauvila\/wp-content\/uploads\/usu1565\/2022\/10\/WhatsApp-Image-2022-10-19-at-13.05.03-1-1-768x576.jpeg 768w, https:\/\/agora.xtec.cat\/escolapauvila\/wp-content\/uploads\/usu1565\/2022\/10\/WhatsApp-Image-2022-10-19-at-13.05.03-1-1-1536x1152.jpeg 1536w, https:\/\/agora.xtec.cat\/escolapauvila\/wp-content\/uploads\/usu1565\/2022\/10\/WhatsApp-Image-2022-10-19-at-13.05.03-1-1-200x150.jpeg 200w, https:\/\/agora.xtec.cat\/escolapauvila\/wp-content\/uploads\/usu1565\/2022\/10\/WhatsApp-Image-2022-10-19-at-13.05.03-1-1.jpeg 2000w\" sizes=\"auto, (max-width: 577px) 100vw, 577px\" \/><\/a><\/p>\n<ul>\n<li style=\"text-align: justify;\"><strong><span style=\"color: #cc99ff;\">ESCRIURE:<\/span><\/strong> TENIM UNS DAUS AMB OBJECTES DIBUIXATS, QUAN LLENCEM ELS DAUS, L&#8217;OBJECTE QUE SURT L&#8217;HEM D&#8217;ESCRIURE AL PAPER.<a href=\"https:\/\/agora.xtec.cat\/escolapauvila\/wp-content\/uploads\/usu1565\/2022\/10\/IMG20220920094817p.jpg\"><img loading=\"lazy\" decoding=\"async\" class=\"size-full wp-image-8983 aligncenter\" src=\"https:\/\/agora.xtec.cat\/escolapauvila\/wp-content\/uploads\/usu1565\/2022\/10\/IMG20220920094817p.jpg\" alt=\"\" width=\"591\" height=\"443\" srcset=\"https:\/\/agora.xtec.cat\/escolapauvila\/wp-content\/uploads\/usu1565\/2022\/10\/IMG20220920094817p.jpg 591w, https:\/\/agora.xtec.cat\/escolapauvila\/wp-content\/uploads\/usu1565\/2022\/10\/IMG20220920094817p-300x225.jpg 300w, https:\/\/agora.xtec.cat\/escolapauvila\/wp-content\/uploads\/usu1565\/2022\/10\/IMG20220920094817p-200x150.jpg 200w\" sizes=\"auto, (max-width: 591px) 100vw, 591px\" \/><\/a><\/li>\n<li style=\"text-align: justify;\"><strong><span style=\"color: #cc99ff;\">IMPRENTA:<\/span> <\/strong>AMB LLETRES PER ESTAMPAR , CONFEGUIM PARAULES.<a href=\"https:\/\/agora.xtec.cat\/escolapauvila\/wp-content\/uploads\/usu1565\/2022\/10\/IMG20220920094813p.jpg\"><img loading=\"lazy\" decoding=\"async\" class=\"size-full wp-image-8982 aligncenter\" src=\"https:\/\/agora.xtec.cat\/escolapauvila\/wp-content\/uploads\/usu1565\/2022\/10\/IMG20220920094813p.jpg\" alt=\"\" width=\"443\" height=\"591\" srcset=\"https:\/\/agora.xtec.cat\/escolapauvila\/wp-content\/uploads\/usu1565\/2022\/10\/IMG20220920094813p.jpg 443w, https:\/\/agora.xtec.cat\/escolapauvila\/wp-content\/uploads\/usu1565\/2022\/10\/IMG20220920094813p-225x300.jpg 225w\" sizes=\"auto, (max-width: 443px) 100vw, 443px\" \/><\/a><\/li>\n<li style=\"text-align: justify;\"><strong><span style=\"color: #cc99ff;\">OBSERVACI\u00d3:<\/span><\/strong> HEM D&#8217;ESBRINAR QUINA LLETRA FALTA A CADA PARAULA. DESPR\u00c9S LA CONFEGIM AMB LLETRES DE FUSTA.<\/li>\n<\/ul>\n<p><a href=\"https:\/\/agora.xtec.cat\/escolapauvila\/wp-content\/uploads\/usu1565\/2022\/10\/20221014_113402-scaled.jpg\"><img loading=\"lazy\" decoding=\"async\" class=\"wp-image-8976 aligncenter\" src=\"https:\/\/agora.xtec.cat\/escolapauvila\/wp-content\/uploads\/usu1565\/2022\/10\/20221014_113402-1024x768.jpg\" alt=\"\" width=\"569\" height=\"427\" srcset=\"https:\/\/agora.xtec.cat\/escolapauvila\/wp-content\/uploads\/usu1565\/2022\/10\/20221014_113402-1024x768.jpg 1024w, https:\/\/agora.xtec.cat\/escolapauvila\/wp-content\/uploads\/usu1565\/2022\/10\/20221014_113402-300x225.jpg 300w, https:\/\/agora.xtec.cat\/escolapauvila\/wp-content\/uploads\/usu1565\/2022\/10\/20221014_113402-768x576.jpg 768w, https:\/\/agora.xtec.cat\/escolapauvila\/wp-content\/uploads\/usu1565\/2022\/10\/20221014_113402-1536x1152.jpg 1536w, https:\/\/agora.xtec.cat\/escolapauvila\/wp-content\/uploads\/usu1565\/2022\/10\/20221014_113402-2048x1536.jpg 2048w, https:\/\/agora.xtec.cat\/escolapauvila\/wp-content\/uploads\/usu1565\/2022\/10\/20221014_113402-200x150.jpg 200w\" sizes=\"auto, (max-width: 569px) 100vw, 569px\" \/><\/a><\/p>\n<ul>\n<li style=\"text-align: justify;\"><strong><span style=\"color: #cc99ff;\">\u00c9S UNA LLETREA O UNA PARAULA?: <\/span><\/strong><span style=\"color: #cc99ff;\"><span style=\"color: #000000;\">DIFERENCIEM ENTRE LLETRA I PARAULES I LES CLASSIFIQUEM.\u00a0<\/span><\/span><\/li>\n<\/ul>\n<p><a href=\"https:\/\/agora.xtec.cat\/escolapauvila\/wp-content\/uploads\/usu1565\/2022\/10\/20221010_114230-scaled.jpg\"><img loading=\"lazy\" decoding=\"async\" class=\"wp-image-8977 aligncenter\" src=\"https:\/\/agora.xtec.cat\/escolapauvila\/wp-content\/uploads\/usu1565\/2022\/10\/20221010_114230-1024x768.jpg\" alt=\"\" width=\"558\" height=\"419\" srcset=\"https:\/\/agora.xtec.cat\/escolapauvila\/wp-content\/uploads\/usu1565\/2022\/10\/20221010_114230-1024x768.jpg 1024w, https:\/\/agora.xtec.cat\/escolapauvila\/wp-content\/uploads\/usu1565\/2022\/10\/20221010_114230-300x225.jpg 300w, https:\/\/agora.xtec.cat\/escolapauvila\/wp-content\/uploads\/usu1565\/2022\/10\/20221010_114230-768x576.jpg 768w, https:\/\/agora.xtec.cat\/escolapauvila\/wp-content\/uploads\/usu1565\/2022\/10\/20221010_114230-1536x1152.jpg 1536w, https:\/\/agora.xtec.cat\/escolapauvila\/wp-content\/uploads\/usu1565\/2022\/10\/20221010_114230-2048x1536.jpg 2048w, https:\/\/agora.xtec.cat\/escolapauvila\/wp-content\/uploads\/usu1565\/2022\/10\/20221010_114230-200x150.jpg 200w\" sizes=\"auto, (max-width: 558px) 100vw, 558px\" \/><\/a><\/p>\n<ul>\n<li style=\"text-align: justify;\"><strong><span style=\"color: #cc99ff;\">QUINA PARAULA S&#8217;AMAGA?: <\/span><\/strong><span style=\"color: #cc99ff;\"><span style=\"color: #000000;\">HEM DE POSAR UNA LLETRA A CADA IMATGE, UN COP COMPLETADA LA PARAULA, LLEGIM I DIBUIXEM EL QUE POSA.\u00a0<\/span><\/span><\/li>\n<\/ul>\n","protected":false},"excerpt":{"rendered":"<p>HEM COMEN\u00c7AT A FER UN PRIMER TASTET DELS RACONS DE PRIMER. EN AQUESTES ESTONES ESTEM DUES MESTRES A L&#8217;AULA I ENS DIVIDIM EN 5 RACONS, CADA SESSI\u00d3 FEM UN RAC\u00d3 DIFERENT, FINS QUE ELS HAGUEM FET TOTS. ELS NENS I LES NENES CADA SESSI\u00d3 DECIDEIXEN&hellip;  <a href=\"https:\/\/agora.xtec.cat\/escolapauvila\/mitjans\/primer-tastet-dels-racons\/\" title=\"Read PRIMER TASTET DELS RACONS\">Llegeix m\u00e9s\u00bb<\/a><\/p>\n","protected":false},"author":77,"featured_media":0,"comment_status":"open","ping_status":"closed","sticky":false,"template":"","format":"standard","meta":{"_bbp_topic_count":0,"_bbp_reply_count":0,"_bbp_total_topic_count":0,"_bbp_total_reply_count":0,"_bbp_voice_count":0,"_bbp_anonymous_reply_count":0,"_bbp_topic_count_hidden":0,"_bbp_reply_count_hidden":0,"_bbp_forum_subforum_count":0,"footnotes":""},"categories":[10,5],"tags":[],"class_list":["post-8971","post","type-post","status-publish","format-standard","hentry","category-1r","category-mitjans"],"post_mailing_queue_ids":[],"_links":{"self":[{"href":"https:\/\/agora.xtec.cat\/escolapauvila\/wp-json\/wp\/v2\/posts\/8971","targetHints":{"allow":["GET"]}}],"collection":[{"href":"https:\/\/agora.xtec.cat\/escolapauvila\/wp-json\/wp\/v2\/posts"}],"about":[{"href":"https:\/\/agora.xtec.cat\/escolapauvila\/wp-json\/wp\/v2\/types\/post"}],"author":[{"embeddable":true,"href":"https:\/\/agora.xtec.cat\/escolapauvila\/wp-json\/wp\/v2\/users\/77"}],"replies":[{"embeddable":true,"href":"https:\/\/agora.xtec.cat\/escolapauvila\/wp-json\/wp\/v2\/comments?post=8971"}],"version-history":[{"count":3,"href":"https:\/\/agora.xtec.cat\/escolapauvila\/wp-json\/wp\/v2\/posts\/8971\/revisions"}],"predecessor-version":[{"id":8985,"href":"https:\/\/agora.xtec.cat\/escolapauvila\/wp-json\/wp\/v2\/posts\/8971\/revisions\/8985"}],"wp:attachment":[{"href":"https:\/\/agora.xtec.cat\/escolapauvila\/wp-json\/wp\/v2\/media?parent=8971"}],"wp:term":[{"taxonomy":"category","embeddable":true,"href":"https:\/\/agora.xtec.cat\/escolapauvila\/wp-json\/wp\/v2\/categories?post=8971"},{"taxonomy":"post_tag","embeddable":true,"href":"https:\/\/agora.xtec.cat\/escolapauvila\/wp-json\/wp\/v2\/tags?post=8971"}],"curies":[{"name":"wp","href":"https:\/\/api.w.org\/{rel}","templated":true}]}}