{"id":8947,"date":"2022-10-15T18:27:29","date_gmt":"2022-10-15T16:27:29","guid":{"rendered":"https:\/\/agora.xtec.cat\/escolapauvila\/?p=8947"},"modified":"2022-10-15T18:27:29","modified_gmt":"2022-10-15T16:27:29","slug":"un-cor-per-les-families","status":"publish","type":"post","link":"https:\/\/agora.xtec.cat\/escolapauvila\/petits\/ei5\/un-cor-per-les-families\/","title":{"rendered":"UN COR PER LES FAM\u00cdLIES"},"content":{"rendered":"<p>BON DIA FAM\u00cdLIES!<\/p>\n<p>AQUESTA SETMANA HEM CELEBRAT AMB TOTES VOSALTRES <strong>LA REUNI\u00d3 D&#8217;INICI DE CURS<\/strong> I VAM VOLER FER <strong>UN TREBALL<\/strong> PER <strong>IMPLICAR<\/strong> TAMB\u00c9 ALS <strong>VOSTRES FILLS I FILLES<\/strong>.<\/p>\n<p><a href=\"https:\/\/agora.xtec.cat\/escolapauvila\/wp-content\/uploads\/usu1565\/2022\/10\/CORS.png\"><img loading=\"lazy\" decoding=\"async\" class=\"wp-image-8948 aligncenter\" src=\"https:\/\/agora.xtec.cat\/escolapauvila\/wp-content\/uploads\/usu1565\/2022\/10\/CORS.png\" alt=\"\" width=\"401\" height=\"246\" srcset=\"https:\/\/agora.xtec.cat\/escolapauvila\/wp-content\/uploads\/usu1565\/2022\/10\/CORS.png 1024w, https:\/\/agora.xtec.cat\/escolapauvila\/wp-content\/uploads\/usu1565\/2022\/10\/CORS-300x184.png 300w, https:\/\/agora.xtec.cat\/escolapauvila\/wp-content\/uploads\/usu1565\/2022\/10\/CORS-768x471.png 768w\" sizes=\"auto, (max-width: 401px) 100vw, 401px\" \/><\/a><\/p>\n<p>\u00c9S PER AIX\u00d2 QUE DURANT LA SETMANA ABANS VAM ESTAR TREBALLANT DE DIFERENTS MANERES LES <span style=\"font-size: 20px;\"><strong><span style=\"color: #ff0000;\">P<\/span>ARAULES<\/strong> <\/span>QUE VOL\u00cdEM DIR A <span style=\"font-size: 20px;\"><strong>LA NOSTRA FAM\u00cdLIA<\/strong><\/span>, I QUE MILLOR MANERA DE FER-VOS-LES ARRIBAR QUE MITJAN\u00c7ANT AQUESTS <strong><span style=\"font-size: 20px;\"><span style=\"color: #ff0000;\">C<\/span>ORS<\/span><\/strong> QUE US VAU TROBAR EN ARRIBAR A LA REUNI\u00d3.<a href=\"https:\/\/agora.xtec.cat\/escolapauvila\/wp-content\/uploads\/usu1565\/2022\/10\/IMG_3521.jpg\"><img loading=\"lazy\" decoding=\"async\" class=\" wp-image-8949 aligncenter\" src=\"https:\/\/agora.xtec.cat\/escolapauvila\/wp-content\/uploads\/usu1565\/2022\/10\/IMG_3521.jpg\" alt=\"\" width=\"395\" height=\"297\" srcset=\"https:\/\/agora.xtec.cat\/escolapauvila\/wp-content\/uploads\/usu1565\/2022\/10\/IMG_3521.jpg 1024w, https:\/\/agora.xtec.cat\/escolapauvila\/wp-content\/uploads\/usu1565\/2022\/10\/IMG_3521-300x225.jpg 300w, https:\/\/agora.xtec.cat\/escolapauvila\/wp-content\/uploads\/usu1565\/2022\/10\/IMG_3521-768x576.jpg 768w, https:\/\/agora.xtec.cat\/escolapauvila\/wp-content\/uploads\/usu1565\/2022\/10\/IMG_3521-200x150.jpg 200w\" sizes=\"auto, (max-width: 395px) 100vw, 395px\" \/><\/a><\/p>\n<p>AQUESTS <strong><span style=\"color: #ff0000;\">C<\/span>ORS<\/strong> HAN SUPOSAT<strong> MOLT D&#8217;ESFOR\u00c7<\/strong> PER ALS INFANTS JA QUE HAN FET UN GRAN <em>TREBALL DE GRAFISME<\/em> I DE <em>PSICOMOTRICITAT FINA<\/em> MENTRE\u00a0 ELS DIBUIXAVEN, RETALLAVEN I DECORAVEN.<\/p>\n<p>D&#8217;ALTRA BANDA HAN TREBALLAT <em>L&#8217;ESCRIPTURA<\/em> TOT <em>EXPRESSANT ELS SEUS SENTIMENTS ENVERS VOSALTRES, D&#8217;UNA MANERA BEN SIGNIFICATIVA I DES DE LA PART M\u00c9S PROFUNDA DEL SEU COR.<\/em><\/p>\n<p>LLIGAT AMB AIX\u00d2, VAM APROFITAR PER MIRAR EL CONTE <strong>&#8220;AIX\u00cd \u00c9S EL MEU COR&#8221;<\/strong><\/p>\n<p><a href=\"https:\/\/agora.xtec.cat\/escolapauvila\/wp-content\/uploads\/usu1565\/2022\/10\/cor.jpg\"><img loading=\"lazy\" decoding=\"async\" class=\" wp-image-8954 aligncenter\" src=\"https:\/\/agora.xtec.cat\/escolapauvila\/wp-content\/uploads\/usu1565\/2022\/10\/cor.jpg\" alt=\"\" width=\"334\" height=\"333\" srcset=\"https:\/\/agora.xtec.cat\/escolapauvila\/wp-content\/uploads\/usu1565\/2022\/10\/cor.jpg 499w, https:\/\/agora.xtec.cat\/escolapauvila\/wp-content\/uploads\/usu1565\/2022\/10\/cor-300x300.jpg 300w, https:\/\/agora.xtec.cat\/escolapauvila\/wp-content\/uploads\/usu1565\/2022\/10\/cor-150x150.jpg 150w\" sizes=\"auto, (max-width: 334px) 100vw, 334px\" \/><\/a><\/p>\n<p><a href=\"https:\/\/agora.xtec.cat\/escolapauvila\/wp-content\/uploads\/usu1565\/2022\/10\/IMG_3513.jpg\"><img loading=\"lazy\" decoding=\"async\" class=\" wp-image-8950 aligncenter\" src=\"https:\/\/agora.xtec.cat\/escolapauvila\/wp-content\/uploads\/usu1565\/2022\/10\/IMG_3513.jpg\" alt=\"\" width=\"454\" height=\"341\" srcset=\"https:\/\/agora.xtec.cat\/escolapauvila\/wp-content\/uploads\/usu1565\/2022\/10\/IMG_3513.jpg 1024w, https:\/\/agora.xtec.cat\/escolapauvila\/wp-content\/uploads\/usu1565\/2022\/10\/IMG_3513-300x225.jpg 300w, https:\/\/agora.xtec.cat\/escolapauvila\/wp-content\/uploads\/usu1565\/2022\/10\/IMG_3513-768x576.jpg 768w, https:\/\/agora.xtec.cat\/escolapauvila\/wp-content\/uploads\/usu1565\/2022\/10\/IMG_3513-200x150.jpg 200w\" sizes=\"auto, (max-width: 454px) 100vw, 454px\" \/><\/a><\/p>\n<p>ENTRE TOTES I TOTS VAM CREAR <strong>UN\u00a0 POT DE PARAULES BONIQUES<\/strong> PER <strong>REGALAR-LI ALS COMPANYS I LES COMPANYES<\/strong> QUAN ES <strong>SENTINT TRISTOS O NO ESTIGUIN DEL TOT B\u00c9<\/strong>.<\/p>\n<p><a href=\"https:\/\/agora.xtec.cat\/escolapauvila\/wp-content\/uploads\/usu1565\/2022\/10\/IMG_3512.jpg\"><img loading=\"lazy\" decoding=\"async\" class=\"wp-image-8951 aligncenter\" src=\"https:\/\/agora.xtec.cat\/escolapauvila\/wp-content\/uploads\/usu1565\/2022\/10\/IMG_3512.jpg\" alt=\"\" width=\"410\" height=\"307\" srcset=\"https:\/\/agora.xtec.cat\/escolapauvila\/wp-content\/uploads\/usu1565\/2022\/10\/IMG_3512.jpg 1024w, https:\/\/agora.xtec.cat\/escolapauvila\/wp-content\/uploads\/usu1565\/2022\/10\/IMG_3512-300x225.jpg 300w, https:\/\/agora.xtec.cat\/escolapauvila\/wp-content\/uploads\/usu1565\/2022\/10\/IMG_3512-768x576.jpg 768w, https:\/\/agora.xtec.cat\/escolapauvila\/wp-content\/uploads\/usu1565\/2022\/10\/IMG_3512-200x150.jpg 200w\" sizes=\"auto, (max-width: 410px) 100vw, 410px\" \/><\/a><\/p>\n<blockquote>\n<p style=\"text-align: center;\"><em>&#8220;QUAN S&#8217;OBSERVEN LES COSES BONIQUES SENZILLES AMB EL COR ES CONVERTEIXEN EN M\u00c0GIA&#8221;.<\/em><\/p>\n<p>&nbsp;<\/p><\/blockquote>\n<p>&nbsp;<\/p>\n","protected":false},"excerpt":{"rendered":"<p>BON DIA FAM\u00cdLIES!<br \/>\nAQUESTA SETMANA HEM CELEBRAT AMB TOTES VOSALTRES LA REUNI\u00d3 D&#8217;INICI DE CURS I VAM VOLER FER UN TREBALL PER IMPLICAR TAMB\u00c9 ALS VOSTRES FILLS I FILLES.<br \/>\n<a href=\"https:\/\/agora.xtec.cat\/escolapauvila\/wp-content\/uploads\/usu1565\/2022\/10\/CORS.png\"><\/a><br \/>\n\u00c9S PER AIX\u00d2 QUE DURANT LA SETMANA ABANS VAM ESTAR TREBALLANT DE DIFERENTS MANERES LES PARAULES QUE&hellip;  <a href=\"https:\/\/agora.xtec.cat\/escolapauvila\/petits\/ei5\/un-cor-per-les-families\/\" title=\"Read UN COR PER LES FAM\u00cdLIES\">Llegeix m\u00e9s\u00bb<\/a><\/p>\n","protected":false},"author":60,"featured_media":8948,"comment_status":"open","ping_status":"closed","sticky":false,"template":"","format":"standard","meta":{"_bbp_topic_count":0,"_bbp_reply_count":0,"_bbp_total_topic_count":0,"_bbp_total_reply_count":0,"_bbp_voice_count":0,"_bbp_anonymous_reply_count":0,"_bbp_topic_count_hidden":0,"_bbp_reply_count_hidden":0,"_bbp_forum_subforum_count":0,"footnotes":""},"categories":[9],"tags":[263,262,268,269,97],"class_list":["post-8947","post","type-post","status-publish","format-standard","has-post-thumbnail","hentry","category-ei5","tag-i4a22-23","tag-i4b22-23","tag-laclassedelensierru","tag-laclassedelballdegitanes","tag-nascuts2017"],"post_mailing_queue_ids":[],"_links":{"self":[{"href":"https:\/\/agora.xtec.cat\/escolapauvila\/wp-json\/wp\/v2\/posts\/8947","targetHints":{"allow":["GET"]}}],"collection":[{"href":"https:\/\/agora.xtec.cat\/escolapauvila\/wp-json\/wp\/v2\/posts"}],"about":[{"href":"https:\/\/agora.xtec.cat\/escolapauvila\/wp-json\/wp\/v2\/types\/post"}],"author":[{"embeddable":true,"href":"https:\/\/agora.xtec.cat\/escolapauvila\/wp-json\/wp\/v2\/users\/60"}],"replies":[{"embeddable":true,"href":"https:\/\/agora.xtec.cat\/escolapauvila\/wp-json\/wp\/v2\/comments?post=8947"}],"version-history":[{"count":3,"href":"https:\/\/agora.xtec.cat\/escolapauvila\/wp-json\/wp\/v2\/posts\/8947\/revisions"}],"predecessor-version":[{"id":8955,"href":"https:\/\/agora.xtec.cat\/escolapauvila\/wp-json\/wp\/v2\/posts\/8947\/revisions\/8955"}],"wp:featuredmedia":[{"embeddable":true,"href":"https:\/\/agora.xtec.cat\/escolapauvila\/wp-json\/wp\/v2\/media\/8948"}],"wp:attachment":[{"href":"https:\/\/agora.xtec.cat\/escolapauvila\/wp-json\/wp\/v2\/media?parent=8947"}],"wp:term":[{"taxonomy":"category","embeddable":true,"href":"https:\/\/agora.xtec.cat\/escolapauvila\/wp-json\/wp\/v2\/categories?post=8947"},{"taxonomy":"post_tag","embeddable":true,"href":"https:\/\/agora.xtec.cat\/escolapauvila\/wp-json\/wp\/v2\/tags?post=8947"}],"curies":[{"name":"wp","href":"https:\/\/api.w.org\/{rel}","templated":true}]}}