{"id":8894,"date":"2022-06-16T09:55:01","date_gmt":"2022-06-16T07:55:01","guid":{"rendered":"https:\/\/agora.xtec.cat\/escolapauvila\/?p=8894"},"modified":"2022-06-16T09:55:01","modified_gmt":"2022-06-16T07:55:01","slug":"obra-de-teatre-radio-gaga","status":"publish","type":"post","link":"https:\/\/agora.xtec.cat\/escolapauvila\/general\/obra-de-teatre-radio-gaga\/","title":{"rendered":"Obra de teatre RADIO GAGA"},"content":{"rendered":"<p><span style=\"color: #000000;\">El dia 3 de Juny els alumnes del batxillerat art\u00edstic del Castell, ens van convidar a veure la seva obra de teatre anomenada&#8230;RADIO GAGA!<\/span><\/p>\n<p>La obra tractava sobre les can\u00e7ons del emblem\u00e0tic grup de Queen. Representava que era un concurs on grups competien cantant les can\u00e7ons del grup, acompanyades per un petit espectacle de ballarins.<\/p>\n<p>Van fer les can\u00e7ons seg\u00fcents: Radio GA GA, Don&#8217;t stop my now, I want to Break free, We are the champions, Somebody To Love, Love of My Life&#8230;<\/p>\n<div id=\"title\" class=\"style-scope ytd-watch-metadata\"><\/div>\n<div id=\"description-and-actions\" class=\"style-scope ytd-watch-metadata\">\n<div id=\"description\" class=\"item style-scope ytd-watch-metadata\"><a href=\"https:\/\/agora.xtec.cat\/escolapauvila\/wp-content\/uploads\/usu1565\/2022\/06\/2022-06-03-is-castell-radio-gaga-2.png\"><br \/>\n<img loading=\"lazy\" decoding=\"async\" class=\"aligncenter size-medium wp-image-8900\" src=\"https:\/\/agora.xtec.cat\/escolapauvila\/wp-content\/uploads\/usu1565\/2022\/06\/2022-06-03-is-castell-radio-gaga-2-212x300.png\" alt=\"\" width=\"212\" height=\"300\" srcset=\"https:\/\/agora.xtec.cat\/escolapauvila\/wp-content\/uploads\/usu1565\/2022\/06\/2022-06-03-is-castell-radio-gaga-2-212x300.png 212w, https:\/\/agora.xtec.cat\/escolapauvila\/wp-content\/uploads\/usu1565\/2022\/06\/2022-06-03-is-castell-radio-gaga-2-724x1024.png 724w, https:\/\/agora.xtec.cat\/escolapauvila\/wp-content\/uploads\/usu1565\/2022\/06\/2022-06-03-is-castell-radio-gaga-2-768x1087.png 768w, https:\/\/agora.xtec.cat\/escolapauvila\/wp-content\/uploads\/usu1565\/2022\/06\/2022-06-03-is-castell-radio-gaga-2.png 1000w\" sizes=\"auto, (max-width: 212px) 100vw, 212px\" \/><\/a> <a href=\"https:\/\/agora.xtec.cat\/escolapauvila\/wp-content\/uploads\/usu1565\/2022\/06\/IMG20220603112729-scaled.jpg\"><img loading=\"lazy\" decoding=\"async\" class=\"aligncenter size-medium wp-image-8875\" src=\"https:\/\/agora.xtec.cat\/escolapauvila\/wp-content\/uploads\/usu1565\/2022\/06\/IMG20220603112729-225x300.jpg\" alt=\"\" width=\"225\" height=\"300\" srcset=\"https:\/\/agora.xtec.cat\/escolapauvila\/wp-content\/uploads\/usu1565\/2022\/06\/IMG20220603112729-225x300.jpg 225w, https:\/\/agora.xtec.cat\/escolapauvila\/wp-content\/uploads\/usu1565\/2022\/06\/IMG20220603112729-768x1024.jpg 768w, https:\/\/agora.xtec.cat\/escolapauvila\/wp-content\/uploads\/usu1565\/2022\/06\/IMG20220603112729-1152x1536.jpg 1152w, https:\/\/agora.xtec.cat\/escolapauvila\/wp-content\/uploads\/usu1565\/2022\/06\/IMG20220603112729-1536x2048.jpg 1536w, https:\/\/agora.xtec.cat\/escolapauvila\/wp-content\/uploads\/usu1565\/2022\/06\/IMG20220603112729-scaled.jpg 1920w\" sizes=\"auto, (max-width: 225px) 100vw, 225px\" \/><\/a><\/div>\n<\/div>\n","protected":false},"excerpt":{"rendered":"<p>El dia 3 de Juny els alumnes del batxillerat art\u00edstic del Castell, ens van convidar a veure la seva obra de teatre anomenada&#8230;RADIO GAGA!<br \/>\nLa obra tractava sobre les can\u00e7ons del emblem\u00e0tic grup de Queen. Representava que era un concurs on grups competien cantant les can\u00e7ons&hellip;  <a href=\"https:\/\/agora.xtec.cat\/escolapauvila\/general\/obra-de-teatre-radio-gaga\/\" title=\"Read Obra de teatre RADIO GAGA\">Llegeix m\u00e9s\u00bb<\/a><\/p>\n","protected":false},"author":32,"featured_media":0,"comment_status":"open","ping_status":"closed","sticky":false,"template":"","format":"standard","meta":{"_bbp_topic_count":0,"_bbp_reply_count":0,"_bbp_total_topic_count":0,"_bbp_total_reply_count":0,"_bbp_voice_count":0,"_bbp_anonymous_reply_count":0,"_bbp_topic_count_hidden":0,"_bbp_reply_count_hidden":0,"_bbp_forum_subforum_count":0,"footnotes":""},"categories":[14,61,1],"tags":[228,216,90],"class_list":["post-8894","post","type-post","status-publish","format-standard","hentry","category-5e","category-grans","category-general","tag-5b21-22","tag-comunitat-grans","tag-nascuts2011"],"post_mailing_queue_ids":[],"_links":{"self":[{"href":"https:\/\/agora.xtec.cat\/escolapauvila\/wp-json\/wp\/v2\/posts\/8894","targetHints":{"allow":["GET"]}}],"collection":[{"href":"https:\/\/agora.xtec.cat\/escolapauvila\/wp-json\/wp\/v2\/posts"}],"about":[{"href":"https:\/\/agora.xtec.cat\/escolapauvila\/wp-json\/wp\/v2\/types\/post"}],"author":[{"embeddable":true,"href":"https:\/\/agora.xtec.cat\/escolapauvila\/wp-json\/wp\/v2\/users\/32"}],"replies":[{"embeddable":true,"href":"https:\/\/agora.xtec.cat\/escolapauvila\/wp-json\/wp\/v2\/comments?post=8894"}],"version-history":[{"count":2,"href":"https:\/\/agora.xtec.cat\/escolapauvila\/wp-json\/wp\/v2\/posts\/8894\/revisions"}],"predecessor-version":[{"id":8903,"href":"https:\/\/agora.xtec.cat\/escolapauvila\/wp-json\/wp\/v2\/posts\/8894\/revisions\/8903"}],"wp:attachment":[{"href":"https:\/\/agora.xtec.cat\/escolapauvila\/wp-json\/wp\/v2\/media?parent=8894"}],"wp:term":[{"taxonomy":"category","embeddable":true,"href":"https:\/\/agora.xtec.cat\/escolapauvila\/wp-json\/wp\/v2\/categories?post=8894"},{"taxonomy":"post_tag","embeddable":true,"href":"https:\/\/agora.xtec.cat\/escolapauvila\/wp-json\/wp\/v2\/tags?post=8894"}],"curies":[{"name":"wp","href":"https:\/\/api.w.org\/{rel}","templated":true}]}}