{"id":8874,"date":"2022-06-12T19:50:20","date_gmt":"2022-06-12T17:50:20","guid":{"rendered":"https:\/\/agora.xtec.cat\/escolapauvila\/?p=8874"},"modified":"2022-06-12T20:00:59","modified_gmt":"2022-06-12T18:00:59","slug":"anem-a-veure-un-musical","status":"publish","type":"post","link":"https:\/\/agora.xtec.cat\/escolapauvila\/general\/anem-a-veure-un-musical\/","title":{"rendered":"Anem a veure un musical!"},"content":{"rendered":"<p><a href=\"https:\/\/agora.xtec.cat\/escolapauvila\/wp-content\/uploads\/usu1565\/2022\/06\/IMG20220603112729-2-scaled.jpg\"><img loading=\"lazy\" decoding=\"async\" class=\"aligncenter wp-image-8882 size-medium\" src=\"https:\/\/agora.xtec.cat\/escolapauvila\/wp-content\/uploads\/usu1565\/2022\/06\/IMG20220603112729-2-225x300.jpg\" alt=\"\" width=\"225\" height=\"300\" srcset=\"https:\/\/agora.xtec.cat\/escolapauvila\/wp-content\/uploads\/usu1565\/2022\/06\/IMG20220603112729-2-225x300.jpg 225w, https:\/\/agora.xtec.cat\/escolapauvila\/wp-content\/uploads\/usu1565\/2022\/06\/IMG20220603112729-2-768x1024.jpg 768w, https:\/\/agora.xtec.cat\/escolapauvila\/wp-content\/uploads\/usu1565\/2022\/06\/IMG20220603112729-2-1152x1536.jpg 1152w, https:\/\/agora.xtec.cat\/escolapauvila\/wp-content\/uploads\/usu1565\/2022\/06\/IMG20220603112729-2-1536x2048.jpg 1536w, https:\/\/agora.xtec.cat\/escolapauvila\/wp-content\/uploads\/usu1565\/2022\/06\/IMG20220603112729-2-scaled.jpg 1920w\" sizes=\"auto, (max-width: 225px) 100vw, 225px\" \/><\/a>El divendres 3 de junys ens van convidar els nois i nois que fan Batxillerat art\u00edstic de l&#8217;Institut El Cairat a veure el seu musical &#8220;Radio gaga&#8221; al teatre de la Passi\u00f3.<\/p>\n<p>Vam gauidir d&#8217;all\u00f2 m\u00e9s cantant les can\u00e7ons de Queen.<\/p>\n<p style=\"text-align: center;\"><a href=\"https:\/\/photos.app.goo.gl\/cwpnrY7RbURaVQmz8\">Recull de fotos<\/a><\/p>\n<p>&nbsp;<\/p>\n","protected":false},"excerpt":{"rendered":"<p><a href=\"https:\/\/agora.xtec.cat\/escolapauvila\/wp-content\/uploads\/usu1565\/2022\/06\/IMG20220603112729-2-scaled.jpg\"><\/a>El divendres 3 de junys ens van convidar els nois i nois que fan Batxillerat art\u00edstic de l&#8217;Institut El Cairat a veure el seu musical &#8220;Radio gaga&#8221; al teatre de la Passi\u00f3.<br \/>\nVam gauidir d&#8217;all\u00f2 m\u00e9s cantant les can\u00e7ons de Queen.<br \/>\n<a href=\"https:\/\/photos.app.goo.gl\/cwpnrY7RbURaVQmz8\">Recull de fotos<\/a><br \/>\n&nbsp;<\/p>\n","protected":false},"author":69,"featured_media":0,"comment_status":"open","ping_status":"closed","sticky":false,"template":"","format":"standard","meta":{"_bbp_topic_count":0,"_bbp_reply_count":0,"_bbp_total_topic_count":0,"_bbp_total_reply_count":0,"_bbp_voice_count":0,"_bbp_anonymous_reply_count":0,"_bbp_topic_count_hidden":0,"_bbp_reply_count_hidden":0,"_bbp_forum_subforum_count":0,"footnotes":""},"categories":[13,61,1],"tags":[],"class_list":["post-8874","post","type-post","status-publish","format-standard","hentry","category-4t","category-grans","category-general"],"post_mailing_queue_ids":[],"_links":{"self":[{"href":"https:\/\/agora.xtec.cat\/escolapauvila\/wp-json\/wp\/v2\/posts\/8874","targetHints":{"allow":["GET"]}}],"collection":[{"href":"https:\/\/agora.xtec.cat\/escolapauvila\/wp-json\/wp\/v2\/posts"}],"about":[{"href":"https:\/\/agora.xtec.cat\/escolapauvila\/wp-json\/wp\/v2\/types\/post"}],"author":[{"embeddable":true,"href":"https:\/\/agora.xtec.cat\/escolapauvila\/wp-json\/wp\/v2\/users\/69"}],"replies":[{"embeddable":true,"href":"https:\/\/agora.xtec.cat\/escolapauvila\/wp-json\/wp\/v2\/comments?post=8874"}],"version-history":[{"count":3,"href":"https:\/\/agora.xtec.cat\/escolapauvila\/wp-json\/wp\/v2\/posts\/8874\/revisions"}],"predecessor-version":[{"id":8885,"href":"https:\/\/agora.xtec.cat\/escolapauvila\/wp-json\/wp\/v2\/posts\/8874\/revisions\/8885"}],"wp:attachment":[{"href":"https:\/\/agora.xtec.cat\/escolapauvila\/wp-json\/wp\/v2\/media?parent=8874"}],"wp:term":[{"taxonomy":"category","embeddable":true,"href":"https:\/\/agora.xtec.cat\/escolapauvila\/wp-json\/wp\/v2\/categories?post=8874"},{"taxonomy":"post_tag","embeddable":true,"href":"https:\/\/agora.xtec.cat\/escolapauvila\/wp-json\/wp\/v2\/tags?post=8874"}],"curies":[{"name":"wp","href":"https:\/\/api.w.org\/{rel}","templated":true}]}}