{"id":8851,"date":"2022-06-14T10:18:58","date_gmt":"2022-06-14T08:18:58","guid":{"rendered":"https:\/\/agora.xtec.cat\/escolapauvila\/?p=8851"},"modified":"2022-06-14T10:18:58","modified_gmt":"2022-06-14T08:18:58","slug":"la-verola-del-mico","status":"publish","type":"post","link":"https:\/\/agora.xtec.cat\/escolapauvila\/general\/la-verola-del-mico\/","title":{"rendered":"LA VEROLA DEL MICO"},"content":{"rendered":"<p>LA VEROLA DEL MICO&#8230;<\/p>\n<p>La verola del mico es un virus que actualment es mes perill\u00f3s que el Covid-19.<\/p>\n<p>COM ES TRANSMET?<\/p>\n<p>Es transmet per la respiraci\u00f3, per els petons, per la sang, etc&#8230; Per sort no es molt contagi\u00f3s per\u00f2 pot augmentar.<\/p>\n<p>QUINS SIMPTOMAS T\u00c9 LA VEROLA DEL MICO?<\/p>\n<p>Els principals simptomas son: febre, inflamaci\u00f3 dels ganglis limf\u00e0tics, dolor muscular, mal de cap, debilitat intensa i erupcions cut\u00e0nies (3 dies despr\u00e9s de la febre).<\/p>\n<p>Aqu\u00ed us deixem un video on us ho explica tot.<\/p>\n<p>&nbsp;<\/p>\n<pre id=\"tw-target-text\" class=\"tw-data-text tw-text-large tw-ta\" dir=\"ltr\" data-placeholder=\"Traducci\u00f3\"><span class=\"Y2IQFc\" lang=\"ca\">\u00a0<\/span><\/pre>\n<p><iframe loading=\"lazy\" title=\"YouTube video player\" src=\"\/\/www.youtube.com\/embed\/e5Yikbjy7sY\" width=\"560\" height=\"315\" frameborder=\"0\" allowfullscreen=\"allowfullscreen\"><\/iframe><\/p>\n<p>Fet per Rayan i Yago<\/p>\n","protected":false},"excerpt":{"rendered":"<p>LA VEROLA DEL MICO&#8230;<br \/>\nLa verola del mico es un virus que actualment es mes perill\u00f3s que el Covid-19.<br \/>\nCOM ES TRANSMET?<br \/>\nEs transmet per la respiraci\u00f3, per els petons, per la sang, etc&#8230; Per sort no es molt contagi\u00f3s per\u00f2 pot augmentar.<br \/>\nQUINS SIMPTOMAS T\u00c9 LA VEROLA DEL&hellip;  <a href=\"https:\/\/agora.xtec.cat\/escolapauvila\/general\/la-verola-del-mico\/\" title=\"Read LA VEROLA DEL MICO\">Llegeix m\u00e9s\u00bb<\/a><\/p>\n","protected":false},"author":32,"featured_media":8891,"comment_status":"open","ping_status":"closed","sticky":false,"template":"","format":"standard","meta":{"_bbp_topic_count":0,"_bbp_reply_count":0,"_bbp_total_topic_count":0,"_bbp_total_reply_count":0,"_bbp_voice_count":0,"_bbp_anonymous_reply_count":0,"_bbp_topic_count_hidden":0,"_bbp_reply_count_hidden":0,"_bbp_forum_subforum_count":0,"footnotes":""},"categories":[1],"tags":[234,216,90],"class_list":["post-8851","post","type-post","status-publish","format-standard","has-post-thumbnail","hentry","category-general","tag-5eb21-22","tag-comunitat-grans","tag-nascuts2011"],"post_mailing_queue_ids":[],"_links":{"self":[{"href":"https:\/\/agora.xtec.cat\/escolapauvila\/wp-json\/wp\/v2\/posts\/8851","targetHints":{"allow":["GET"]}}],"collection":[{"href":"https:\/\/agora.xtec.cat\/escolapauvila\/wp-json\/wp\/v2\/posts"}],"about":[{"href":"https:\/\/agora.xtec.cat\/escolapauvila\/wp-json\/wp\/v2\/types\/post"}],"author":[{"embeddable":true,"href":"https:\/\/agora.xtec.cat\/escolapauvila\/wp-json\/wp\/v2\/users\/32"}],"replies":[{"embeddable":true,"href":"https:\/\/agora.xtec.cat\/escolapauvila\/wp-json\/wp\/v2\/comments?post=8851"}],"version-history":[{"count":2,"href":"https:\/\/agora.xtec.cat\/escolapauvila\/wp-json\/wp\/v2\/posts\/8851\/revisions"}],"predecessor-version":[{"id":8892,"href":"https:\/\/agora.xtec.cat\/escolapauvila\/wp-json\/wp\/v2\/posts\/8851\/revisions\/8892"}],"wp:featuredmedia":[{"embeddable":true,"href":"https:\/\/agora.xtec.cat\/escolapauvila\/wp-json\/wp\/v2\/media\/8891"}],"wp:attachment":[{"href":"https:\/\/agora.xtec.cat\/escolapauvila\/wp-json\/wp\/v2\/media?parent=8851"}],"wp:term":[{"taxonomy":"category","embeddable":true,"href":"https:\/\/agora.xtec.cat\/escolapauvila\/wp-json\/wp\/v2\/categories?post=8851"},{"taxonomy":"post_tag","embeddable":true,"href":"https:\/\/agora.xtec.cat\/escolapauvila\/wp-json\/wp\/v2\/tags?post=8851"}],"curies":[{"name":"wp","href":"https:\/\/api.w.org\/{rel}","templated":true}]}}