{"id":8817,"date":"2022-06-03T15:38:03","date_gmt":"2022-06-03T13:38:03","guid":{"rendered":"https:\/\/agora.xtec.cat\/escolapauvila\/?p=8817"},"modified":"2022-06-03T15:38:03","modified_gmt":"2022-06-03T13:38:03","slug":"ultima-setmana-de-jornada-sencera","status":"publish","type":"post","link":"https:\/\/agora.xtec.cat\/escolapauvila\/general\/ultima-setmana-de-jornada-sencera\/","title":{"rendered":"\u00daLTIMA SETMANA DE JORNADA SENCERA!"},"content":{"rendered":"<p>HOLA<strong><span style=\"font-size: 28px;\"><span style=\"color: #ff0000;\"> F<\/span>AM\u00cdLIES<\/span><\/strong>!<\/p>\n<p>S&#8217;APROPA L&#8217;ESTIU I A PARTIR DE <strong><span style=\"font-size: 28px;\"><span style=\"color: #ff0000;\">D<\/span>ILLUNS<\/span> <\/strong>JA NO VINDREM A LES TARDES! \u00c9S PER AIX\u00d2 QUE HEM APROFITAT AQUESTA SETMANA PER FER DIVERSES ACTIVITATS.<\/p>\n<p><strong><span style=\"font-size: 28px;\"><span style=\"color: #ff0000;\">D<\/span>IMECRES<\/span><\/strong> VAM FER UNA SORTIDA PEL POBLE. VAM APROFITAR QUE ELS NENS I LES NENS DE 3R PARTICIPAVEN A &#8220;3R EN DANSA&#8221; I ELS VAM ANAR A VEURE!<\/p>\n<p><a href=\"https:\/\/agora.xtec.cat\/escolapauvila\/wp-content\/uploads\/usu1565\/2022\/06\/IMG_9423.jpg\"><img loading=\"lazy\" decoding=\"async\" class=\"size-full wp-image-8818 aligncenter\" src=\"https:\/\/agora.xtec.cat\/escolapauvila\/wp-content\/uploads\/usu1565\/2022\/06\/IMG_9423.jpg\" alt=\"\" width=\"320\" height=\"240\" srcset=\"https:\/\/agora.xtec.cat\/escolapauvila\/wp-content\/uploads\/usu1565\/2022\/06\/IMG_9423.jpg 320w, https:\/\/agora.xtec.cat\/escolapauvila\/wp-content\/uploads\/usu1565\/2022\/06\/IMG_9423-300x225.jpg 300w, https:\/\/agora.xtec.cat\/escolapauvila\/wp-content\/uploads\/usu1565\/2022\/06\/IMG_9423-200x150.jpg 200w\" sizes=\"auto, (max-width: 320px) 100vw, 320px\" \/><\/a>TOT SEGUIT VAM ESMORZAR AL PARC DEL COSTAT DE LA PLA\u00c7A DE LA VILA I VAM JUGAR MOLTA ESTONA.<\/p>\n<p>VOL\u00cdEM VEURE ALTRES PARCS D&#8217;<span style=\"font-size: 28px;\"><strong><span style=\"color: #ff0000;\">E<\/span>SPARREGUERA<span style=\"font-size: 16px;\">\u00a0<\/span><\/strong><span style=\"font-size: 16px;\">AIX\u00cd QUE VAM FER VIA CAP AL PARC DE LA VILA ON VAM DINAR I JUGAR MOLTA ESTONA. PEL CAM\u00cd ENS VAM TROBAR A MOLTES FAM\u00cdLIES I TAMB\u00c9 VAM PODER VEURE ELS GEGANTS DEL NOSTRE POBLE.<\/span> <\/span><\/p>\n<p><a href=\"https:\/\/agora.xtec.cat\/escolapauvila\/wp-content\/uploads\/usu1565\/2022\/06\/IMG_9418.jpg\"><img loading=\"lazy\" decoding=\"async\" class=\"size-full wp-image-8819 aligncenter\" src=\"https:\/\/agora.xtec.cat\/escolapauvila\/wp-content\/uploads\/usu1565\/2022\/06\/IMG_9418.jpg\" alt=\"\" width=\"640\" height=\"480\" srcset=\"https:\/\/agora.xtec.cat\/escolapauvila\/wp-content\/uploads\/usu1565\/2022\/06\/IMG_9418.jpg 640w, https:\/\/agora.xtec.cat\/escolapauvila\/wp-content\/uploads\/usu1565\/2022\/06\/IMG_9418-300x225.jpg 300w, https:\/\/agora.xtec.cat\/escolapauvila\/wp-content\/uploads\/usu1565\/2022\/06\/IMG_9418-200x150.jpg 200w\" sizes=\"auto, (max-width: 640px) 100vw, 640px\" \/><\/a><\/p>\n<p><span style=\"font-size: 28px;\"><strong><span style=\"color: #ff0000;\">D<\/span>IJOUS<\/strong> <\/span>AL MAT\u00cd VAM FER UNA PSICOMOTRICITAT MOLT ESPECIAL. COM QUE JA ENS PODEM BARREJAR, ERI\u00c7ONS I PING\u00dcINS VAM GAUDIR D&#8217;UNA SESSI\u00d3 CONJUNTA. ALGUNS EST\u00c0VEM DINS EL GIMN\u00c0S I ALTRES A LA PART DE FORA:<\/p>\n<p style=\"text-align: center;\"><a href=\"https:\/\/agora.xtec.cat\/escolapauvila\/wp-content\/uploads\/usu1565\/2022\/06\/IMG_9478.jpg\"><img loading=\"lazy\" decoding=\"async\" class=\"alignnone size-full wp-image-8822\" src=\"https:\/\/agora.xtec.cat\/escolapauvila\/wp-content\/uploads\/usu1565\/2022\/06\/IMG_9478.jpg\" alt=\"\" width=\"320\" height=\"240\" srcset=\"https:\/\/agora.xtec.cat\/escolapauvila\/wp-content\/uploads\/usu1565\/2022\/06\/IMG_9478.jpg 320w, https:\/\/agora.xtec.cat\/escolapauvila\/wp-content\/uploads\/usu1565\/2022\/06\/IMG_9478-300x225.jpg 300w, https:\/\/agora.xtec.cat\/escolapauvila\/wp-content\/uploads\/usu1565\/2022\/06\/IMG_9478-200x150.jpg 200w\" sizes=\"auto, (max-width: 320px) 100vw, 320px\" \/><\/a> <a href=\"https:\/\/agora.xtec.cat\/escolapauvila\/wp-content\/uploads\/usu1565\/2022\/06\/IMG_9467.jpg\"><img loading=\"lazy\" decoding=\"async\" class=\"alignnone size-full wp-image-8821\" src=\"https:\/\/agora.xtec.cat\/escolapauvila\/wp-content\/uploads\/usu1565\/2022\/06\/IMG_9467.jpg\" alt=\"\" width=\"320\" height=\"240\" srcset=\"https:\/\/agora.xtec.cat\/escolapauvila\/wp-content\/uploads\/usu1565\/2022\/06\/IMG_9467.jpg 320w, https:\/\/agora.xtec.cat\/escolapauvila\/wp-content\/uploads\/usu1565\/2022\/06\/IMG_9467-300x225.jpg 300w, https:\/\/agora.xtec.cat\/escolapauvila\/wp-content\/uploads\/usu1565\/2022\/06\/IMG_9467-200x150.jpg 200w\" sizes=\"auto, (max-width: 320px) 100vw, 320px\" \/><\/a><\/p>\n<p>AQUELL MATEIX DIA, A LA TARDA, VAU PODER ENTRAR A L&#8217;ESCOLA I FER EL BERENAR DE COMIAT D&#8217;AQUEST CURS.<\/p>\n<p style=\"text-align: center;\"><a href=\"https:\/\/agora.xtec.cat\/escolapauvila\/wp-content\/uploads\/usu1565\/2022\/06\/IMG_9573.jpg\"><img loading=\"lazy\" decoding=\"async\" class=\"alignnone size-full wp-image-8823\" src=\"https:\/\/agora.xtec.cat\/escolapauvila\/wp-content\/uploads\/usu1565\/2022\/06\/IMG_9573.jpg\" alt=\"\" width=\"640\" height=\"480\" srcset=\"https:\/\/agora.xtec.cat\/escolapauvila\/wp-content\/uploads\/usu1565\/2022\/06\/IMG_9573.jpg 640w, https:\/\/agora.xtec.cat\/escolapauvila\/wp-content\/uploads\/usu1565\/2022\/06\/IMG_9573-300x225.jpg 300w, https:\/\/agora.xtec.cat\/escolapauvila\/wp-content\/uploads\/usu1565\/2022\/06\/IMG_9573-200x150.jpg 200w\" sizes=\"auto, (max-width: 640px) 100vw, 640px\" \/><\/a><\/p>\n<p style=\"text-align: center;\">\n","protected":false},"excerpt":{"rendered":"<p>HOLA FAM\u00cdLIES!<br \/>\nS&#8217;APROPA L&#8217;ESTIU I A PARTIR DE DILLUNS JA NO VINDREM A LES TARDES! \u00c9S PER AIX\u00d2 QUE HEM APROFITAT AQUESTA SETMANA PER FER DIVERSES ACTIVITATS.<br \/>\nDIMECRES VAM FER UNA SORTIDA PEL POBLE. VAM APROFITAR QUE ELS NENS I LES NENS DE 3R PARTICIPAVEN A &#8220;3R&hellip;  <a href=\"https:\/\/agora.xtec.cat\/escolapauvila\/general\/ultima-setmana-de-jornada-sencera\/\" title=\"Read \u00daLTIMA SETMANA DE JORNADA SENCERA!\">Llegeix m\u00e9s\u00bb<\/a><\/p>\n","protected":false},"author":60,"featured_media":8823,"comment_status":"open","ping_status":"closed","sticky":false,"template":"","format":"standard","meta":{"_bbp_topic_count":0,"_bbp_reply_count":0,"_bbp_total_topic_count":0,"_bbp_total_reply_count":0,"_bbp_voice_count":0,"_bbp_anonymous_reply_count":0,"_bbp_topic_count_hidden":0,"_bbp_reply_count_hidden":0,"_bbp_forum_subforum_count":0,"footnotes":""},"categories":[2,8,1],"tags":[198,199,214,213,97],"class_list":["post-8817","post","type-post","status-publish","format-standard","has-post-thumbnail","hentry","category-petits","category-ei4","category-general","tag-ei4a21-22","tag-ei4b21-22","tag-la-classe-dels-ericons","tag-la-classe-dels-pinguins","tag-nascuts2017"],"post_mailing_queue_ids":[],"_links":{"self":[{"href":"https:\/\/agora.xtec.cat\/escolapauvila\/wp-json\/wp\/v2\/posts\/8817","targetHints":{"allow":["GET"]}}],"collection":[{"href":"https:\/\/agora.xtec.cat\/escolapauvila\/wp-json\/wp\/v2\/posts"}],"about":[{"href":"https:\/\/agora.xtec.cat\/escolapauvila\/wp-json\/wp\/v2\/types\/post"}],"author":[{"embeddable":true,"href":"https:\/\/agora.xtec.cat\/escolapauvila\/wp-json\/wp\/v2\/users\/60"}],"replies":[{"embeddable":true,"href":"https:\/\/agora.xtec.cat\/escolapauvila\/wp-json\/wp\/v2\/comments?post=8817"}],"version-history":[{"count":1,"href":"https:\/\/agora.xtec.cat\/escolapauvila\/wp-json\/wp\/v2\/posts\/8817\/revisions"}],"predecessor-version":[{"id":8830,"href":"https:\/\/agora.xtec.cat\/escolapauvila\/wp-json\/wp\/v2\/posts\/8817\/revisions\/8830"}],"wp:featuredmedia":[{"embeddable":true,"href":"https:\/\/agora.xtec.cat\/escolapauvila\/wp-json\/wp\/v2\/media\/8823"}],"wp:attachment":[{"href":"https:\/\/agora.xtec.cat\/escolapauvila\/wp-json\/wp\/v2\/media?parent=8817"}],"wp:term":[{"taxonomy":"category","embeddable":true,"href":"https:\/\/agora.xtec.cat\/escolapauvila\/wp-json\/wp\/v2\/categories?post=8817"},{"taxonomy":"post_tag","embeddable":true,"href":"https:\/\/agora.xtec.cat\/escolapauvila\/wp-json\/wp\/v2\/tags?post=8817"}],"curies":[{"name":"wp","href":"https:\/\/api.w.org\/{rel}","templated":true}]}}