{"id":8804,"date":"2022-06-02T12:08:26","date_gmt":"2022-06-02T10:08:26","guid":{"rendered":"https:\/\/agora.xtec.cat\/escolapauvila\/?p=8804"},"modified":"2022-06-02T12:10:02","modified_gmt":"2022-06-02T10:10:02","slug":"taller-de-fruita-verdura-i-lactics","status":"publish","type":"post","link":"https:\/\/agora.xtec.cat\/escolapauvila\/general\/taller-de-fruita-verdura-i-lactics\/","title":{"rendered":"TALLER DE FRUITA, VERDURA I L\u00c0CTICS"},"content":{"rendered":"<p>HOLAAAAA!<\/p>\n<p>LA SETMANA PASSADA VAM TENIR L&#8217;OPORTUNITAT DE GAUDIR D&#8217;UN TALLER RELACIONAT AMB LA FRUITA, LA VERDURA I ELS L\u00c0CTICS.<\/p>\n<p>ENS VAN EXPLICAR LA IMPORT\u00c0NCIA QUE TENEN AQUESTS ALIMENTS EN LA NOSTRA ALIMENTACI\u00d3. TAMB\u00c9 VAM CON\u00c8IXER EL RECORREGUT QUE FAN AQUESTS ALIMENTS, DES QUE ELS RECULLEN, FINS QUE ELS COMPREM NOSALTRES AL MERCAT.<\/p>\n<p>VA SER MOLT INTERESSANT! VAM PODER TASTAR UNA POMA, UNA PASTANAGA I UN IOGURT.<\/p>\n<p>I PER ACABAR, ENS VAN REGALAR UNS ALIMENTS!!<\/p>\n<p>US DEIXEM ALGUNES FOTOGRAFIES AL SEG\u00dcENT ENLLA\u00c7:\u00a0<a href=\"https:\/\/photos.app.goo.gl\/ppz9mWzkn9vEkhLU7\">https:\/\/photos.app.goo.gl\/ppz9mWzkn9vEkhLU7<\/a><\/p>\n","protected":false},"excerpt":{"rendered":"<p>HOLAAAAA!<br \/>\nLA SETMANA PASSADA VAM TENIR L&#8217;OPORTUNITAT DE GAUDIR D&#8217;UN TALLER RELACIONAT AMB LA FRUITA, LA VERDURA I ELS L\u00c0CTICS.<br \/>\nENS VAN EXPLICAR LA IMPORT\u00c0NCIA QUE TENEN AQUESTS ALIMENTS EN LA NOSTRA ALIMENTACI\u00d3. TAMB\u00c9 VAM CON\u00c8IXER EL RECORREGUT QUE FAN AQUESTS ALIMENTS, DES QUE ELS RECULLEN, FINS&hellip;  <a href=\"https:\/\/agora.xtec.cat\/escolapauvila\/general\/taller-de-fruita-verdura-i-lactics\/\" title=\"Read TALLER DE FRUITA, VERDURA I L\u00c0CTICS\">Llegeix m\u00e9s\u00bb<\/a><\/p>\n","protected":false},"author":1,"featured_media":0,"comment_status":"open","ping_status":"closed","sticky":false,"template":"","format":"standard","meta":{"_bbp_topic_count":0,"_bbp_reply_count":0,"_bbp_total_topic_count":0,"_bbp_total_reply_count":0,"_bbp_voice_count":0,"_bbp_anonymous_reply_count":0,"_bbp_topic_count_hidden":0,"_bbp_reply_count_hidden":0,"_bbp_forum_subforum_count":0,"footnotes":""},"categories":[10,5,1],"tags":[],"class_list":["post-8804","post","type-post","status-publish","format-standard","hentry","category-1r","category-mitjans","category-general"],"post_mailing_queue_ids":[],"_links":{"self":[{"href":"https:\/\/agora.xtec.cat\/escolapauvila\/wp-json\/wp\/v2\/posts\/8804","targetHints":{"allow":["GET"]}}],"collection":[{"href":"https:\/\/agora.xtec.cat\/escolapauvila\/wp-json\/wp\/v2\/posts"}],"about":[{"href":"https:\/\/agora.xtec.cat\/escolapauvila\/wp-json\/wp\/v2\/types\/post"}],"author":[{"embeddable":true,"href":"https:\/\/agora.xtec.cat\/escolapauvila\/wp-json\/wp\/v2\/users\/1"}],"replies":[{"embeddable":true,"href":"https:\/\/agora.xtec.cat\/escolapauvila\/wp-json\/wp\/v2\/comments?post=8804"}],"version-history":[{"count":1,"href":"https:\/\/agora.xtec.cat\/escolapauvila\/wp-json\/wp\/v2\/posts\/8804\/revisions"}],"predecessor-version":[{"id":8805,"href":"https:\/\/agora.xtec.cat\/escolapauvila\/wp-json\/wp\/v2\/posts\/8804\/revisions\/8805"}],"wp:attachment":[{"href":"https:\/\/agora.xtec.cat\/escolapauvila\/wp-json\/wp\/v2\/media?parent=8804"}],"wp:term":[{"taxonomy":"category","embeddable":true,"href":"https:\/\/agora.xtec.cat\/escolapauvila\/wp-json\/wp\/v2\/categories?post=8804"},{"taxonomy":"post_tag","embeddable":true,"href":"https:\/\/agora.xtec.cat\/escolapauvila\/wp-json\/wp\/v2\/tags?post=8804"}],"curies":[{"name":"wp","href":"https:\/\/api.w.org\/{rel}","templated":true}]}}