{"id":8800,"date":"2022-06-09T09:43:22","date_gmt":"2022-06-09T07:43:22","guid":{"rendered":"https:\/\/agora.xtec.cat\/escolapauvila\/?p=8800"},"modified":"2022-06-09T09:47:45","modified_gmt":"2022-06-09T07:47:45","slug":"projecte-del-cinema","status":"publish","type":"post","link":"https:\/\/agora.xtec.cat\/escolapauvila\/general\/projecte-del-cinema\/","title":{"rendered":"PROJECTE DEL CINEMA"},"content":{"rendered":"<p>Hola som l&#8217;Ares i la J\u00falia de 5\u00e8 B avui us explicarem un taller que vam fer amb l&#8217;ajuda de una companyia que es diu el Bombeto, ja que tenim el projecte del cinema el dia 6 de maig ens vam dedicar a gravar uns curtmetratges amb un professional que ens va explicar coses sobre el cinema dels m\u00e8lies.<\/p>\n<p>Vam parlar sobre la primera pel\u00b7l\u00edcula amb efectes especials. Ens van mostrar v\u00eddeos i imatges per entendre de la hist\u00f2ria del cinema.<\/p>\n<p>Els curtmetratges eren molt divertits, ens va explicar que hav\u00edem de fer i despr\u00e8s ens vam posar a l&#8217;acci\u00f3.<\/p>\n<p>Vam fer quatre curtmetratges d&#8217;hist\u00f2ries molt diferent, el primer anava sobre un hort que creixien cols humanes, la segona anava d&#8217;una bruixa que feia desapar\u00e8ixer uns habitants del bosc, la tercera anava d&#8217;una cova m\u00e0gica on hi havia una bruixa que va fer apar\u00e8ixer uns monstres per que en mengessin els turistes i per \u00faltim el quart curtmetratge anava de uns nois que ca\u00e7aven &#8220;gamusinos&#8221;.<\/p>\n<p>&nbsp;<\/p>\n<p>&nbsp;<\/p>\n<p><span style=\"color: #9a11d9;\">\u00a0Si voleu veure com van quedar editats cliqueu aqu\u00ed<\/span><\/p>\n<p><iframe loading=\"lazy\" title=\"YouTube video player\" src=\"\/\/www.youtube.com\/embed\/DBpPlNngvGg\" width=\"560\" height=\"315\" frameborder=\"0\" allowfullscreen=\"allowfullscreen\"><\/iframe><\/p>\n<p>&nbsp;<\/p>\n<p><span style=\"color: #9a11d9;\">Si voleu veure com es van editar cliqueu aqu\u00ed\u00a0 \u00a0 <\/span><\/p>\n<p><iframe loading=\"lazy\" title=\"YouTube video player\" src=\"\/\/www.youtube.com\/embed\/vP3h_QrbFZE\" width=\"560\" height=\"315\" frameborder=\"0\" allowfullscreen=\"allowfullscreen\"><\/iframe><\/p>\n","protected":false},"excerpt":{"rendered":"<p>Hola som l&#8217;Ares i la J\u00falia de 5\u00e8 B avui us explicarem un taller que vam fer amb l&#8217;ajuda de una companyia que es diu el Bombeto, ja que tenim el projecte del cinema el dia 6 de maig ens vam dedicar a gravar uns&hellip;  <a href=\"https:\/\/agora.xtec.cat\/escolapauvila\/general\/projecte-del-cinema\/\" title=\"Read PROJECTE DEL CINEMA\">Llegeix m\u00e9s\u00bb<\/a><\/p>\n","protected":false},"author":32,"featured_media":8843,"comment_status":"open","ping_status":"closed","sticky":false,"template":"","format":"standard","meta":{"_bbp_topic_count":0,"_bbp_reply_count":0,"_bbp_total_topic_count":0,"_bbp_total_reply_count":0,"_bbp_voice_count":0,"_bbp_anonymous_reply_count":0,"_bbp_topic_count_hidden":0,"_bbp_reply_count_hidden":0,"_bbp_forum_subforum_count":0,"footnotes":""},"categories":[14,61,1],"tags":[234,216,90],"class_list":["post-8800","post","type-post","status-publish","format-standard","has-post-thumbnail","hentry","category-5e","category-grans","category-general","tag-5eb21-22","tag-comunitat-grans","tag-nascuts2011"],"post_mailing_queue_ids":[],"_links":{"self":[{"href":"https:\/\/agora.xtec.cat\/escolapauvila\/wp-json\/wp\/v2\/posts\/8800","targetHints":{"allow":["GET"]}}],"collection":[{"href":"https:\/\/agora.xtec.cat\/escolapauvila\/wp-json\/wp\/v2\/posts"}],"about":[{"href":"https:\/\/agora.xtec.cat\/escolapauvila\/wp-json\/wp\/v2\/types\/post"}],"author":[{"embeddable":true,"href":"https:\/\/agora.xtec.cat\/escolapauvila\/wp-json\/wp\/v2\/users\/32"}],"replies":[{"embeddable":true,"href":"https:\/\/agora.xtec.cat\/escolapauvila\/wp-json\/wp\/v2\/comments?post=8800"}],"version-history":[{"count":3,"href":"https:\/\/agora.xtec.cat\/escolapauvila\/wp-json\/wp\/v2\/posts\/8800\/revisions"}],"predecessor-version":[{"id":8845,"href":"https:\/\/agora.xtec.cat\/escolapauvila\/wp-json\/wp\/v2\/posts\/8800\/revisions\/8845"}],"wp:featuredmedia":[{"embeddable":true,"href":"https:\/\/agora.xtec.cat\/escolapauvila\/wp-json\/wp\/v2\/media\/8843"}],"wp:attachment":[{"href":"https:\/\/agora.xtec.cat\/escolapauvila\/wp-json\/wp\/v2\/media?parent=8800"}],"wp:term":[{"taxonomy":"category","embeddable":true,"href":"https:\/\/agora.xtec.cat\/escolapauvila\/wp-json\/wp\/v2\/categories?post=8800"},{"taxonomy":"post_tag","embeddable":true,"href":"https:\/\/agora.xtec.cat\/escolapauvila\/wp-json\/wp\/v2\/tags?post=8800"}],"curies":[{"name":"wp","href":"https:\/\/api.w.org\/{rel}","templated":true}]}}