{"id":8763,"date":"2022-06-03T15:00:26","date_gmt":"2022-06-03T13:00:26","guid":{"rendered":"https:\/\/agora.xtec.cat\/escolapauvila\/?p=8763"},"modified":"2022-06-03T10:51:01","modified_gmt":"2022-06-03T08:51:01","slug":"comiat-amb-les-families-di3","status":"publish","type":"post","link":"https:\/\/agora.xtec.cat\/escolapauvila\/general\/comiat-amb-les-families-di3\/","title":{"rendered":"COMIAT AMB LES FAM\u00cdLIES D&#8217;I3"},"content":{"rendered":"<p>PER SORT HEM POGUT RECUPERAR EL TANT ESPERAT <span style=\"font-size: 24px; color: #ff6600;\">COMIAT AMB FAM\u00cdLIES<\/span>, QUE CADA ANY LA COMUNITAT DE PETITS I PETITES ORGANITZEM ABANS DE COMEN\u00c7AR LA JORNADA INTENSIVA.<\/p>\n<p>\u00c9S UNA TROBADA ON FAM\u00cdLIES I ESCOLA GAUDIM D&#8217;UNA TARDA, FENT JOCS I BALLANT UNA DANSA TOTES I TOTS PLEGATS.<\/p>\n<p>AQUEST ANY HEM POGUT GAUDIR DEL <span style=\"font-size: 20px; color: #ff6600;\">JOC DELS CERCLES.<\/span>\u00a0AL RITME DE LA M\u00daSICA ENS MOV\u00cdEM PER\u00d2&#8230; ALERTA! QUAN LA M\u00daSICA NO SONA , DINS DEL CERCLE ENS POSEM!!!<\/p>\n<p><a href=\"https:\/\/agora.xtec.cat\/escolapauvila\/wp-content\/uploads\/usu1565\/2022\/05\/20220530_155006-scaled.jpg\"><img loading=\"lazy\" decoding=\"async\" class=\"alignnone size-large wp-image-8764\" src=\"https:\/\/agora.xtec.cat\/escolapauvila\/wp-content\/uploads\/usu1565\/2022\/05\/20220530_155006-1024x768.jpg\" alt=\"\" width=\"1024\" height=\"768\" srcset=\"https:\/\/agora.xtec.cat\/escolapauvila\/wp-content\/uploads\/usu1565\/2022\/05\/20220530_155006-1024x768.jpg 1024w, https:\/\/agora.xtec.cat\/escolapauvila\/wp-content\/uploads\/usu1565\/2022\/05\/20220530_155006-300x225.jpg 300w, https:\/\/agora.xtec.cat\/escolapauvila\/wp-content\/uploads\/usu1565\/2022\/05\/20220530_155006-768x576.jpg 768w, https:\/\/agora.xtec.cat\/escolapauvila\/wp-content\/uploads\/usu1565\/2022\/05\/20220530_155006-1536x1152.jpg 1536w, https:\/\/agora.xtec.cat\/escolapauvila\/wp-content\/uploads\/usu1565\/2022\/05\/20220530_155006-2048x1536.jpg 2048w, https:\/\/agora.xtec.cat\/escolapauvila\/wp-content\/uploads\/usu1565\/2022\/05\/20220530_155006-200x150.jpg 200w\" sizes=\"auto, (max-width: 1024px) 100vw, 1024px\" \/><\/a><\/p>\n<p>A CONTINUACI\u00d3 HEM BALLAT UNA DANSA AFRICANA. QUINES FAM\u00cdLIES M\u00c9S ANIMADES QUE TENIM! HO HAN DONAT TOT A LA PISTA!!!<\/p>\n<p><a href=\"https:\/\/agora.xtec.cat\/escolapauvila\/wp-content\/uploads\/usu1565\/2022\/05\/FOTO1-1.jpg\"><img loading=\"lazy\" decoding=\"async\" class=\"alignnone size-large wp-image-8770\" src=\"https:\/\/agora.xtec.cat\/escolapauvila\/wp-content\/uploads\/usu1565\/2022\/05\/FOTO1-1-1024x768.jpg\" alt=\"\" width=\"1024\" height=\"768\" srcset=\"https:\/\/agora.xtec.cat\/escolapauvila\/wp-content\/uploads\/usu1565\/2022\/05\/FOTO1-1-1024x768.jpg 1024w, https:\/\/agora.xtec.cat\/escolapauvila\/wp-content\/uploads\/usu1565\/2022\/05\/FOTO1-1-300x225.jpg 300w, https:\/\/agora.xtec.cat\/escolapauvila\/wp-content\/uploads\/usu1565\/2022\/05\/FOTO1-1-768x576.jpg 768w, https:\/\/agora.xtec.cat\/escolapauvila\/wp-content\/uploads\/usu1565\/2022\/05\/FOTO1-1-1536x1152.jpg 1536w, https:\/\/agora.xtec.cat\/escolapauvila\/wp-content\/uploads\/usu1565\/2022\/05\/FOTO1-1-200x150.jpg 200w, https:\/\/agora.xtec.cat\/escolapauvila\/wp-content\/uploads\/usu1565\/2022\/05\/FOTO1-1.jpg 1672w\" sizes=\"auto, (max-width: 1024px) 100vw, 1024px\" \/><\/a><\/p>\n<p>AQU\u00cd US DEIXEM L&#8217;ENLLA\u00c7 DE LA DANSA PER SI LA VOLEU BALLAR A CASA I PASSAR UNA BONA ESTONA.<a href=\"https:\/\/www.youtube.com\/watch?v=o8Nxcp8maYo\">https:\/\/www.youtube.com\/watch?v=o8Nxcp8maYo<\/a><\/p>\n<p>I PER RECUPERAR ENERGIA HEM FET UN BERENAR BEN FRESQUET DE <span style=\"font-size: 24px;\">SINDR\u00cdA I MEL\u00d3!!!<\/span><\/p>\n<p><a href=\"https:\/\/agora.xtec.cat\/escolapauvila\/wp-content\/uploads\/usu1565\/2022\/05\/20220530_160447-scaled.jpg\"><img loading=\"lazy\" decoding=\"async\" class=\"wp-image-8765 aligncenter\" src=\"https:\/\/agora.xtec.cat\/escolapauvila\/wp-content\/uploads\/usu1565\/2022\/05\/20220530_160447-1024x768.jpg\" alt=\"\" width=\"739\" height=\"554\" srcset=\"https:\/\/agora.xtec.cat\/escolapauvila\/wp-content\/uploads\/usu1565\/2022\/05\/20220530_160447-1024x768.jpg 1024w, https:\/\/agora.xtec.cat\/escolapauvila\/wp-content\/uploads\/usu1565\/2022\/05\/20220530_160447-300x225.jpg 300w, https:\/\/agora.xtec.cat\/escolapauvila\/wp-content\/uploads\/usu1565\/2022\/05\/20220530_160447-768x576.jpg 768w, https:\/\/agora.xtec.cat\/escolapauvila\/wp-content\/uploads\/usu1565\/2022\/05\/20220530_160447-1536x1152.jpg 1536w, https:\/\/agora.xtec.cat\/escolapauvila\/wp-content\/uploads\/usu1565\/2022\/05\/20220530_160447-2048x1536.jpg 2048w, https:\/\/agora.xtec.cat\/escolapauvila\/wp-content\/uploads\/usu1565\/2022\/05\/20220530_160447-200x150.jpg 200w\" sizes=\"auto, (max-width: 739px) 100vw, 739px\" \/><\/a><\/p>\n<p><a href=\"https:\/\/agora.xtec.cat\/escolapauvila\/wp-content\/uploads\/usu1565\/2022\/05\/20220530_152016-scaled.jpg\"><img loading=\"lazy\" decoding=\"async\" class=\"wp-image-8767 aligncenter\" src=\"https:\/\/agora.xtec.cat\/escolapauvila\/wp-content\/uploads\/usu1565\/2022\/05\/20220530_152016-1024x768.jpg\" alt=\"\" width=\"750\" height=\"562\" srcset=\"https:\/\/agora.xtec.cat\/escolapauvila\/wp-content\/uploads\/usu1565\/2022\/05\/20220530_152016-1024x768.jpg 1024w, https:\/\/agora.xtec.cat\/escolapauvila\/wp-content\/uploads\/usu1565\/2022\/05\/20220530_152016-300x225.jpg 300w, https:\/\/agora.xtec.cat\/escolapauvila\/wp-content\/uploads\/usu1565\/2022\/05\/20220530_152016-768x576.jpg 768w, https:\/\/agora.xtec.cat\/escolapauvila\/wp-content\/uploads\/usu1565\/2022\/05\/20220530_152016-1536x1152.jpg 1536w, https:\/\/agora.xtec.cat\/escolapauvila\/wp-content\/uploads\/usu1565\/2022\/05\/20220530_152016-2048x1536.jpg 2048w, https:\/\/agora.xtec.cat\/escolapauvila\/wp-content\/uploads\/usu1565\/2022\/05\/20220530_152016-200x150.jpg 200w\" sizes=\"auto, (max-width: 750px) 100vw, 750px\" \/><\/a><\/p>\n<p>VOLEM AGRAIR A TOTES LES FAM\u00cdLIES QUE HAN POGUT VENIR I GAUDIR D&#8217;AQUEST COMIAT, I A LES FAM\u00cdLIES QUE HAN AJUDAT EN LA PREPARACI\u00d3 DEL BERENAR.<\/p>\n<p><a href=\"https:\/\/agora.xtec.cat\/escolapauvila\/wp-content\/uploads\/usu1565\/2022\/05\/20220530_161722-scaled.jpg\"><img loading=\"lazy\" decoding=\"async\" class=\"alignnone size-large wp-image-8766\" src=\"https:\/\/agora.xtec.cat\/escolapauvila\/wp-content\/uploads\/usu1565\/2022\/05\/20220530_161722-1024x768.jpg\" alt=\"\" width=\"1024\" height=\"768\" srcset=\"https:\/\/agora.xtec.cat\/escolapauvila\/wp-content\/uploads\/usu1565\/2022\/05\/20220530_161722-1024x768.jpg 1024w, https:\/\/agora.xtec.cat\/escolapauvila\/wp-content\/uploads\/usu1565\/2022\/05\/20220530_161722-300x225.jpg 300w, https:\/\/agora.xtec.cat\/escolapauvila\/wp-content\/uploads\/usu1565\/2022\/05\/20220530_161722-768x576.jpg 768w, https:\/\/agora.xtec.cat\/escolapauvila\/wp-content\/uploads\/usu1565\/2022\/05\/20220530_161722-1536x1152.jpg 1536w, https:\/\/agora.xtec.cat\/escolapauvila\/wp-content\/uploads\/usu1565\/2022\/05\/20220530_161722-2048x1536.jpg 2048w, https:\/\/agora.xtec.cat\/escolapauvila\/wp-content\/uploads\/usu1565\/2022\/05\/20220530_161722-200x150.jpg 200w\" sizes=\"auto, (max-width: 1024px) 100vw, 1024px\" \/><\/a><\/p>\n<p style=\"text-align: center;\"><strong><span style=\"color: #800080; font-size: 36px;\">MOLTES GR\u00c0CIES A TOTS I TOTES!!!<\/span><\/strong><\/p>\n","protected":false},"excerpt":{"rendered":"<p>PER SORT HEM POGUT RECUPERAR EL TANT ESPERAT COMIAT AMB FAM\u00cdLIES, QUE CADA ANY LA COMUNITAT DE PETITS I PETITES ORGANITZEM ABANS DE COMEN\u00c7AR LA JORNADA INTENSIVA.<br \/>\n\u00c9S UNA TROBADA ON FAM\u00cdLIES I ESCOLA GAUDIM D&#8217;UNA TARDA, FENT JOCS I BALLANT UNA DANSA TOTES I TOTS&hellip;  <a href=\"https:\/\/agora.xtec.cat\/escolapauvila\/general\/comiat-amb-les-families-di3\/\" title=\"Read COMIAT AMB LES FAM\u00cdLIES D&#8217;I3\">Llegeix m\u00e9s\u00bb<\/a><\/p>\n","protected":false},"author":14,"featured_media":8766,"comment_status":"open","ping_status":"closed","sticky":false,"template":"","format":"standard","meta":{"_bbp_topic_count":0,"_bbp_reply_count":0,"_bbp_total_topic_count":0,"_bbp_total_reply_count":0,"_bbp_voice_count":0,"_bbp_anonymous_reply_count":0,"_bbp_topic_count_hidden":0,"_bbp_reply_count_hidden":0,"_bbp_forum_subforum_count":0,"footnotes":""},"categories":[2,3,1],"tags":[211,212,210],"class_list":["post-8763","post","type-post","status-publish","format-standard","has-post-thumbnail","hentry","category-petits","category-ei3","category-general","tag-ei3a21-22","tag-ei3b21-22","tag-nascuts2018"],"post_mailing_queue_ids":[],"_links":{"self":[{"href":"https:\/\/agora.xtec.cat\/escolapauvila\/wp-json\/wp\/v2\/posts\/8763","targetHints":{"allow":["GET"]}}],"collection":[{"href":"https:\/\/agora.xtec.cat\/escolapauvila\/wp-json\/wp\/v2\/posts"}],"about":[{"href":"https:\/\/agora.xtec.cat\/escolapauvila\/wp-json\/wp\/v2\/types\/post"}],"author":[{"embeddable":true,"href":"https:\/\/agora.xtec.cat\/escolapauvila\/wp-json\/wp\/v2\/users\/14"}],"replies":[{"embeddable":true,"href":"https:\/\/agora.xtec.cat\/escolapauvila\/wp-json\/wp\/v2\/comments?post=8763"}],"version-history":[{"count":3,"href":"https:\/\/agora.xtec.cat\/escolapauvila\/wp-json\/wp\/v2\/posts\/8763\/revisions"}],"predecessor-version":[{"id":8793,"href":"https:\/\/agora.xtec.cat\/escolapauvila\/wp-json\/wp\/v2\/posts\/8763\/revisions\/8793"}],"wp:featuredmedia":[{"embeddable":true,"href":"https:\/\/agora.xtec.cat\/escolapauvila\/wp-json\/wp\/v2\/media\/8766"}],"wp:attachment":[{"href":"https:\/\/agora.xtec.cat\/escolapauvila\/wp-json\/wp\/v2\/media?parent=8763"}],"wp:term":[{"taxonomy":"category","embeddable":true,"href":"https:\/\/agora.xtec.cat\/escolapauvila\/wp-json\/wp\/v2\/categories?post=8763"},{"taxonomy":"post_tag","embeddable":true,"href":"https:\/\/agora.xtec.cat\/escolapauvila\/wp-json\/wp\/v2\/tags?post=8763"}],"curies":[{"name":"wp","href":"https:\/\/api.w.org\/{rel}","templated":true}]}}