{"id":8725,"date":"2022-05-27T21:58:17","date_gmt":"2022-05-27T19:58:17","guid":{"rendered":"https:\/\/agora.xtec.cat\/escolapauvila\/?p=8725"},"modified":"2022-05-27T22:25:14","modified_gmt":"2022-05-27T20:25:14","slug":"les-colonies-i5-a-can-putxet","status":"publish","type":"post","link":"https:\/\/agora.xtec.cat\/escolapauvila\/general\/les-colonies-i5-a-can-putxet\/","title":{"rendered":"LES COL\u00d2NIES I5 A CAN PUTXET"},"content":{"rendered":"<p><a href=\"https:\/\/agora.xtec.cat\/escolapauvila\/wp-content\/uploads\/usu1565\/2022\/05\/IMG_5216-scaled.jpg\"><img loading=\"lazy\" decoding=\"async\" class=\"alignnone size-large wp-image-8730\" src=\"https:\/\/agora.xtec.cat\/escolapauvila\/wp-content\/uploads\/usu1565\/2022\/05\/IMG_5216-1024x663.jpg\" alt=\"\" width=\"1024\" height=\"663\" srcset=\"https:\/\/agora.xtec.cat\/escolapauvila\/wp-content\/uploads\/usu1565\/2022\/05\/IMG_5216-1024x663.jpg 1024w, https:\/\/agora.xtec.cat\/escolapauvila\/wp-content\/uploads\/usu1565\/2022\/05\/IMG_5216-300x194.jpg 300w, https:\/\/agora.xtec.cat\/escolapauvila\/wp-content\/uploads\/usu1565\/2022\/05\/IMG_5216-768x498.jpg 768w, https:\/\/agora.xtec.cat\/escolapauvila\/wp-content\/uploads\/usu1565\/2022\/05\/IMG_5216-1536x995.jpg 1536w, https:\/\/agora.xtec.cat\/escolapauvila\/wp-content\/uploads\/usu1565\/2022\/05\/IMG_5216-2048x1327.jpg 2048w\" sizes=\"auto, (max-width: 1024px) 100vw, 1024px\" \/><\/a><\/p>\n<p>QUINA EMOCI\u00d3 VAM SENTIR EL PASSAT <strong><span style=\"font-size: 24px;\"><span style=\"color: #ff0000;\">D<\/span>IMARTS 24<\/span><\/strong> DE <span style=\"font-size: 28px;\"><strong><span style=\"color: #ff0000;\">M<\/span>AIG <\/strong><span style=\"font-size: 16px;\">QUAN AL MARXAR DE L&#8217;ESCOLA, ENS VAM ACOMIADAR DE LES FAM\u00cdLIES, SENT PRESENT TAMB\u00c9 TOTA LA COMUNITAT DE PETITS I PETITES. MOMENTS QUE GUARDAREM SEMPRE ALS NOSTRES CORS, VISCA LA PREUADA NORMALITAT!<\/span><\/span><\/p>\n<p><a href=\"https:\/\/agora.xtec.cat\/escolapauvila\/wp-content\/uploads\/usu1565\/2022\/05\/20220524_093340-scaled.jpg\"><img loading=\"lazy\" decoding=\"async\" class=\"alignnone size-large wp-image-8737\" src=\"https:\/\/agora.xtec.cat\/escolapauvila\/wp-content\/uploads\/usu1565\/2022\/05\/20220524_093340-1024x498.jpg\" alt=\"\" width=\"1024\" height=\"498\" srcset=\"https:\/\/agora.xtec.cat\/escolapauvila\/wp-content\/uploads\/usu1565\/2022\/05\/20220524_093340-1024x498.jpg 1024w, https:\/\/agora.xtec.cat\/escolapauvila\/wp-content\/uploads\/usu1565\/2022\/05\/20220524_093340-300x146.jpg 300w, https:\/\/agora.xtec.cat\/escolapauvila\/wp-content\/uploads\/usu1565\/2022\/05\/20220524_093340-768x373.jpg 768w, https:\/\/agora.xtec.cat\/escolapauvila\/wp-content\/uploads\/usu1565\/2022\/05\/20220524_093340-1536x746.jpg 1536w, https:\/\/agora.xtec.cat\/escolapauvila\/wp-content\/uploads\/usu1565\/2022\/05\/20220524_093340-2048x995.jpg 2048w\" sizes=\"auto, (max-width: 1024px) 100vw, 1024px\" \/><\/a><\/p>\n<p>DE SEGUIDA VAM ARRIBAR A <span style=\"font-size: 28px;\"><strong><span style=\"color: #ff0000;\">C<\/span>AN <span style=\"color: #ff0000;\">P<\/span>UTXET<\/strong><span style=\"font-size: 16px;\">,<\/span><\/span> LA CASA EST\u00c0 UBICADA A <span style=\"font-size: 24px;\"><strong><span style=\"color: #ff0000;\">S<\/span>ANT <span style=\"color: #ff0000;\">C<\/span>ELONI<\/strong><\/span>, ENVOLTADA D&#8217;UNA NATURA PRECIOSA. EN TEN\u00cdEM MOLTES GANES D&#8217;ANAR-HI, AIX\u00d2 VA FER QUE TOT I EL TEMPS POC FAVORABLE, HO VAM PASSAR D&#8217;ALL\u00d2 M\u00c9S B\u00c9.<\/p>\n<p>LES COL\u00d2NIES ESTAVEN AMBIENTADES AL VOLTANT DELS <strong><span style=\"font-size: 28px;\"><span style=\"color: #ff0000;\">I<\/span>NDIS<\/span><\/strong>, AMB EL <strong><span style=\"font-size: 28px;\"><span style=\"color: #ff0000;\">G<\/span>RAN <span style=\"color: #ff0000;\">P<\/span>ATER<\/span><\/strong> COM A PROTAGONISTA. VAM FER DIFERENTS TALLERS COM CONSTRUIR UN PETIT VAIXELL, FER EXCURSIONS ALS VOLTANTS, EXPERIMENTAR EN UN RECORREGUT SENSORIAL, ANAR AL PARC D&#8217;AVENTURA I GAUDIR DE DIVERSOS JOCS &#8230;<\/p>\n<p><a href=\"https:\/\/agora.xtec.cat\/escolapauvila\/wp-content\/uploads\/usu1565\/2022\/05\/IMG_5298-scaled.jpg\"><img loading=\"lazy\" decoding=\"async\" class=\"alignnone size-large wp-image-8731\" src=\"https:\/\/agora.xtec.cat\/escolapauvila\/wp-content\/uploads\/usu1565\/2022\/05\/IMG_5298-1024x768.jpg\" alt=\"\" width=\"1024\" height=\"768\" srcset=\"https:\/\/agora.xtec.cat\/escolapauvila\/wp-content\/uploads\/usu1565\/2022\/05\/IMG_5298-1024x768.jpg 1024w, https:\/\/agora.xtec.cat\/escolapauvila\/wp-content\/uploads\/usu1565\/2022\/05\/IMG_5298-300x225.jpg 300w, https:\/\/agora.xtec.cat\/escolapauvila\/wp-content\/uploads\/usu1565\/2022\/05\/IMG_5298-768x576.jpg 768w, https:\/\/agora.xtec.cat\/escolapauvila\/wp-content\/uploads\/usu1565\/2022\/05\/IMG_5298-1536x1152.jpg 1536w, https:\/\/agora.xtec.cat\/escolapauvila\/wp-content\/uploads\/usu1565\/2022\/05\/IMG_5298-2048x1536.jpg 2048w, https:\/\/agora.xtec.cat\/escolapauvila\/wp-content\/uploads\/usu1565\/2022\/05\/IMG_5298-200x150.jpg 200w\" sizes=\"auto, (max-width: 1024px) 100vw, 1024px\" \/><\/a><\/p>\n<p>ABANS DE MARXAR DE COL\u00d2NIES VAM FER ALGUNES ACTIVITATS QUE ENS HAN AJUDAT MOLT PER PREPARAR L&#8217;ORGANITZACI\u00d3 PR\u00c8VIA I A LA MATEIXA CASA. AIX\u00cd DONCS VAM PENSAR QU\u00c8 NECESSIT\u00c0VEM PORTAR, HO VAM ORGANITZAR I VAM PREPARAR UNES <strong><span style=\"font-size: 24px;\"><span style=\"color: #ff0000;\">E<\/span>TIQUETES<\/span><\/strong> PER ENGANXAR A LES BOSSES DE TELA, ON GUARD\u00c0VEM TOT EL QUE NECESSIT\u00c0VEM. D&#8217;AQUESTA MANERA VAM SER MOLT CONEIXEDORS\/ES D&#8217;ALL\u00d2 QUE PORT\u00c0VEM I ENS VA AJUDAR A SER M\u00c9S AUT\u00d2NOMS\/ES, A LA VEGADA QUE VAM FER UN TREBALL D&#8217;ESCRIPTURA I DIBUIX COMPARTIT AMB ELS ALTRES.<\/p>\n<p><a href=\"https:\/\/agora.xtec.cat\/escolapauvila\/wp-content\/uploads\/usu1565\/2022\/05\/IMG_4530-scaled.jpg\"><img loading=\"lazy\" decoding=\"async\" class=\"alignnone size-large wp-image-8729\" src=\"https:\/\/agora.xtec.cat\/escolapauvila\/wp-content\/uploads\/usu1565\/2022\/05\/IMG_4530-1024x768.jpg\" alt=\"\" width=\"1024\" height=\"768\" srcset=\"https:\/\/agora.xtec.cat\/escolapauvila\/wp-content\/uploads\/usu1565\/2022\/05\/IMG_4530-1024x768.jpg 1024w, https:\/\/agora.xtec.cat\/escolapauvila\/wp-content\/uploads\/usu1565\/2022\/05\/IMG_4530-300x225.jpg 300w, https:\/\/agora.xtec.cat\/escolapauvila\/wp-content\/uploads\/usu1565\/2022\/05\/IMG_4530-768x576.jpg 768w, https:\/\/agora.xtec.cat\/escolapauvila\/wp-content\/uploads\/usu1565\/2022\/05\/IMG_4530-1536x1152.jpg 1536w, https:\/\/agora.xtec.cat\/escolapauvila\/wp-content\/uploads\/usu1565\/2022\/05\/IMG_4530-2048x1536.jpg 2048w, https:\/\/agora.xtec.cat\/escolapauvila\/wp-content\/uploads\/usu1565\/2022\/05\/IMG_4530-200x150.jpg 200w\" sizes=\"auto, (max-width: 1024px) 100vw, 1024px\" \/><\/a><\/p>\n<p><a href=\"https:\/\/agora.xtec.cat\/escolapauvila\/wp-content\/uploads\/usu1565\/2022\/05\/IMG_4578-scaled.jpg\"><img loading=\"lazy\" decoding=\"async\" class=\"alignnone size-large wp-image-8733\" src=\"https:\/\/agora.xtec.cat\/escolapauvila\/wp-content\/uploads\/usu1565\/2022\/05\/IMG_4578-1024x768.jpg\" alt=\"\" width=\"1024\" height=\"768\" srcset=\"https:\/\/agora.xtec.cat\/escolapauvila\/wp-content\/uploads\/usu1565\/2022\/05\/IMG_4578-1024x768.jpg 1024w, https:\/\/agora.xtec.cat\/escolapauvila\/wp-content\/uploads\/usu1565\/2022\/05\/IMG_4578-300x225.jpg 300w, https:\/\/agora.xtec.cat\/escolapauvila\/wp-content\/uploads\/usu1565\/2022\/05\/IMG_4578-768x576.jpg 768w, https:\/\/agora.xtec.cat\/escolapauvila\/wp-content\/uploads\/usu1565\/2022\/05\/IMG_4578-1536x1152.jpg 1536w, https:\/\/agora.xtec.cat\/escolapauvila\/wp-content\/uploads\/usu1565\/2022\/05\/IMG_4578-2048x1536.jpg 2048w, https:\/\/agora.xtec.cat\/escolapauvila\/wp-content\/uploads\/usu1565\/2022\/05\/IMG_4578-200x150.jpg 200w\" sizes=\"auto, (max-width: 1024px) 100vw, 1024px\" \/><\/a><\/p>\n<p>TAMB\u00c9 VAM POSAR-NOS D&#8217;ACORD I VAM CONSTRUIR LA NOSTRA PR\u00d2PIA <strong><span style=\"font-size: 24px;\"><span style=\"color: #ff0000;\">LL<\/span>ITERA<\/span><\/strong> AMB EL NOSTRE COMPANY\/A. TOTHOM ERA CONSCIENT AMB QUI DORMIA I ENS VA AJUDAR A SITUAR-NOS.<\/p>\n<p><a href=\"https:\/\/agora.xtec.cat\/escolapauvila\/wp-content\/uploads\/usu1565\/2022\/05\/IMG_4462-scaled.jpg\"><img loading=\"lazy\" decoding=\"async\" class=\"alignnone size-large wp-image-8726\" src=\"https:\/\/agora.xtec.cat\/escolapauvila\/wp-content\/uploads\/usu1565\/2022\/05\/IMG_4462-1024x829.jpg\" alt=\"\" width=\"1024\" height=\"829\" srcset=\"https:\/\/agora.xtec.cat\/escolapauvila\/wp-content\/uploads\/usu1565\/2022\/05\/IMG_4462-1024x829.jpg 1024w, https:\/\/agora.xtec.cat\/escolapauvila\/wp-content\/uploads\/usu1565\/2022\/05\/IMG_4462-300x243.jpg 300w, https:\/\/agora.xtec.cat\/escolapauvila\/wp-content\/uploads\/usu1565\/2022\/05\/IMG_4462-768x622.jpg 768w, https:\/\/agora.xtec.cat\/escolapauvila\/wp-content\/uploads\/usu1565\/2022\/05\/IMG_4462-1536x1244.jpg 1536w, https:\/\/agora.xtec.cat\/escolapauvila\/wp-content\/uploads\/usu1565\/2022\/05\/IMG_4462-2048x1658.jpg 2048w\" sizes=\"auto, (max-width: 1024px) 100vw, 1024px\" \/><\/a> <a href=\"https:\/\/agora.xtec.cat\/escolapauvila\/wp-content\/uploads\/usu1565\/2022\/05\/IMG_4474-scaled.jpg\"><img loading=\"lazy\" decoding=\"async\" class=\"alignnone size-large wp-image-8727\" src=\"https:\/\/agora.xtec.cat\/escolapauvila\/wp-content\/uploads\/usu1565\/2022\/05\/IMG_4474-1024x768.jpg\" alt=\"\" width=\"1024\" height=\"768\" srcset=\"https:\/\/agora.xtec.cat\/escolapauvila\/wp-content\/uploads\/usu1565\/2022\/05\/IMG_4474-1024x768.jpg 1024w, https:\/\/agora.xtec.cat\/escolapauvila\/wp-content\/uploads\/usu1565\/2022\/05\/IMG_4474-300x225.jpg 300w, https:\/\/agora.xtec.cat\/escolapauvila\/wp-content\/uploads\/usu1565\/2022\/05\/IMG_4474-768x576.jpg 768w, https:\/\/agora.xtec.cat\/escolapauvila\/wp-content\/uploads\/usu1565\/2022\/05\/IMG_4474-1536x1152.jpg 1536w, https:\/\/agora.xtec.cat\/escolapauvila\/wp-content\/uploads\/usu1565\/2022\/05\/IMG_4474-2048x1536.jpg 2048w, https:\/\/agora.xtec.cat\/escolapauvila\/wp-content\/uploads\/usu1565\/2022\/05\/IMG_4474-200x150.jpg 200w\" sizes=\"auto, (max-width: 1024px) 100vw, 1024px\" \/><\/a><\/p>\n<p>COM ACTIVITATS PR\u00c8VIES TAMB\u00c9 VAM ELABORAR LA NOSTRA <strong><span style=\"font-size: 24px;\"><span style=\"color: #ff0000;\">C<\/span>APSA <span style=\"color: #ff0000;\">D<\/span>ELS <span style=\"color: #ff0000;\">P<\/span>ETONS<\/span><\/strong> AMB LA FAM\u00cdLIA O L&#8217;ESCOLA.\u00a0 VAM FER UN BONIC TREBALL, ON VAM CREAR LA NOSTRA <span style=\"font-size: 24px;\"><strong><span style=\"color: #ff0000;\">C<\/span>ASA<\/strong><\/span> I VAM VEURE COM AQUESTES ESTAVEN CONNECTADES ENTRE ELLES I A L&#8217;ESCOLA.<\/p>\n<p>UN COP HEM TORNAT DE LES COL\u00d2NIES ESTEM ELABORANT UN <span style=\"font-size: 24px;\"><strong><span style=\"color: #ff0000;\">D<\/span>IARI<\/strong><\/span> DE TOT EL QUE HEM VISCUT DURANT AQUESTS DIES, QUAN EL TINGUEM ACABAT US HO FAREM ARRIBAR.<\/p>\n<p>US DEIXEM M\u00c9S FOTOGRAFIES I V\u00cdDEOS D&#8217;AQUESTS MOMENTS AL CLASSROOM, ESPEREM QUE ELS GAUDIU TANT COM ELS VOSTRES FILLS I FILLES.<\/p>\n<p><a href=\"https:\/\/agora.xtec.cat\/escolapauvila\/wp-content\/uploads\/usu1565\/2022\/05\/IMG_5538-scaled.jpg\"><img loading=\"lazy\" decoding=\"async\" class=\"alignnone size-large wp-image-8732\" src=\"https:\/\/agora.xtec.cat\/escolapauvila\/wp-content\/uploads\/usu1565\/2022\/05\/IMG_5538-1024x768.jpg\" alt=\"\" width=\"1024\" height=\"768\" srcset=\"https:\/\/agora.xtec.cat\/escolapauvila\/wp-content\/uploads\/usu1565\/2022\/05\/IMG_5538-1024x768.jpg 1024w, https:\/\/agora.xtec.cat\/escolapauvila\/wp-content\/uploads\/usu1565\/2022\/05\/IMG_5538-300x225.jpg 300w, https:\/\/agora.xtec.cat\/escolapauvila\/wp-content\/uploads\/usu1565\/2022\/05\/IMG_5538-768x576.jpg 768w, https:\/\/agora.xtec.cat\/escolapauvila\/wp-content\/uploads\/usu1565\/2022\/05\/IMG_5538-1536x1152.jpg 1536w, https:\/\/agora.xtec.cat\/escolapauvila\/wp-content\/uploads\/usu1565\/2022\/05\/IMG_5538-2048x1536.jpg 2048w, https:\/\/agora.xtec.cat\/escolapauvila\/wp-content\/uploads\/usu1565\/2022\/05\/IMG_5538-200x150.jpg 200w\" sizes=\"auto, (max-width: 1024px) 100vw, 1024px\" \/><\/a><\/p>\n","protected":false},"excerpt":{"rendered":"<p><a href=\"https:\/\/agora.xtec.cat\/escolapauvila\/wp-content\/uploads\/usu1565\/2022\/05\/IMG_5216-scaled.jpg\"><\/a><br \/>\nQUINA EMOCI\u00d3 VAM SENTIR EL PASSAT DIMARTS 24 DE MAIG QUAN AL MARXAR DE L&#8217;ESCOLA, ENS VAM ACOMIADAR DE LES FAM\u00cdLIES, SENT PRESENT TAMB\u00c9 TOTA LA COMUNITAT DE PETITS I PETITES. MOMENTS QUE GUARDAREM SEMPRE ALS NOSTRES CORS, VISCA LA PREUADA NORMALITAT!<br \/>\n<a href=\"https:\/\/agora.xtec.cat\/escolapauvila\/wp-content\/uploads\/usu1565\/2022\/05\/20220524_093340-scaled.jpg\"><\/a><br \/>\nDE SEGUIDA&hellip;  <a href=\"https:\/\/agora.xtec.cat\/escolapauvila\/general\/les-colonies-i5-a-can-putxet\/\" title=\"Read LES COL\u00d2NIES I5 A CAN PUTXET\">Llegeix m\u00e9s\u00bb<\/a><\/p>\n","protected":false},"author":16,"featured_media":8730,"comment_status":"open","ping_status":"closed","sticky":false,"template":"","format":"standard","meta":{"_bbp_topic_count":0,"_bbp_reply_count":0,"_bbp_total_topic_count":0,"_bbp_total_reply_count":0,"_bbp_voice_count":0,"_bbp_anonymous_reply_count":0,"_bbp_topic_count_hidden":0,"_bbp_reply_count_hidden":0,"_bbp_forum_subforum_count":0,"footnotes":""},"categories":[2,9,1,4],"tags":[261,246,224,225,227,226],"class_list":["post-8725","post","type-post","status-publish","format-standard","has-post-thumbnail","hentry","category-petits","category-ei5","category-general","category-portada","tag-colonies","tag-comunitat-petits-i-petites","tag-ei5a21-22","tag-ei5b21-22","tag-la-classe-de-larc-de-sant-marti","tag-la-classe-dels-suricates"],"post_mailing_queue_ids":[],"_links":{"self":[{"href":"https:\/\/agora.xtec.cat\/escolapauvila\/wp-json\/wp\/v2\/posts\/8725","targetHints":{"allow":["GET"]}}],"collection":[{"href":"https:\/\/agora.xtec.cat\/escolapauvila\/wp-json\/wp\/v2\/posts"}],"about":[{"href":"https:\/\/agora.xtec.cat\/escolapauvila\/wp-json\/wp\/v2\/types\/post"}],"author":[{"embeddable":true,"href":"https:\/\/agora.xtec.cat\/escolapauvila\/wp-json\/wp\/v2\/users\/16"}],"replies":[{"embeddable":true,"href":"https:\/\/agora.xtec.cat\/escolapauvila\/wp-json\/wp\/v2\/comments?post=8725"}],"version-history":[{"count":3,"href":"https:\/\/agora.xtec.cat\/escolapauvila\/wp-json\/wp\/v2\/posts\/8725\/revisions"}],"predecessor-version":[{"id":8738,"href":"https:\/\/agora.xtec.cat\/escolapauvila\/wp-json\/wp\/v2\/posts\/8725\/revisions\/8738"}],"wp:featuredmedia":[{"embeddable":true,"href":"https:\/\/agora.xtec.cat\/escolapauvila\/wp-json\/wp\/v2\/media\/8730"}],"wp:attachment":[{"href":"https:\/\/agora.xtec.cat\/escolapauvila\/wp-json\/wp\/v2\/media?parent=8725"}],"wp:term":[{"taxonomy":"category","embeddable":true,"href":"https:\/\/agora.xtec.cat\/escolapauvila\/wp-json\/wp\/v2\/categories?post=8725"},{"taxonomy":"post_tag","embeddable":true,"href":"https:\/\/agora.xtec.cat\/escolapauvila\/wp-json\/wp\/v2\/tags?post=8725"}],"curies":[{"name":"wp","href":"https:\/\/api.w.org\/{rel}","templated":true}]}}