{"id":8699,"date":"2022-05-20T19:39:12","date_gmt":"2022-05-20T17:39:12","guid":{"rendered":"https:\/\/agora.xtec.cat\/escolapauvila\/?p=8699"},"modified":"2022-05-20T19:39:12","modified_gmt":"2022-05-20T17:39:12","slug":"sortida-cultural-al-parc-guell","status":"publish","type":"post","link":"https:\/\/agora.xtec.cat\/escolapauvila\/general\/sortida-cultural-al-parc-guell\/","title":{"rendered":"SORTIDA CULTURAL AL PARC G\u00dcELL"},"content":{"rendered":"<p>ELS <span style=\"font-size: 20px;\"><strong><span style=\"color: #ff0000;\">P<\/span>ING\u00dcINS<\/strong><\/span> I ELS <span style=\"font-size: 20px;\"><strong><span style=\"color: #ff0000;\">E<\/span>RI\u00c7ONS<\/strong><\/span> FEM UNA SORTIA AL PARC G\u00dcELL PER CONCLOURE TOT EL TREBALL QUE HEM\u00a0 ANAT REALITZANT SOBRE L<strong>\u2019<span style=\"font-size: 20px;\"><span style=\"color: #ff0000;\">A<\/span>RT<\/span><\/strong><span style=\"font-size: 20px;\">.<\/span><\/p>\n<p>AQUESTA SORTIDA HA ESTAT MOLT ESPERADA I TEN\u00cdEM MOLTA IL\u00b7LUSI\u00d3 DE DESCOBRIR, CON\u00c8IXER I VEURE TOTES LES COSES QUE HEM ESTAT TREBALLANT SOBRE L\u2019ART DEL<strong> <span style=\"font-size: 20px;\"><span style=\"color: #ff0000;\">G<\/span>AUD\u00cd<\/span><\/strong>: EL <span style=\"font-size: 20px;\"><span style=\"color: #ff0000;\">T<\/span>RENCAD\u00cdS<\/span> EN LES SEVES CREACIONS, ELS <strong><span style=\"font-size: 20px;\"><span style=\"color: #ff0000;\">B<\/span>ANCS<\/span><\/strong> EN FORMA D\u2019ONADES I EL <strong><span style=\"font-size: 20px;\"><span style=\"color: #ff0000;\">D<\/span>RAC.<\/span><\/strong><\/p>\n<p>LA BRUNA I LA LAURA ENS FAN DE GUIA I ENS EXPLIQUEN MOLTES COSES INTERESSANTS DE LA CONSTRUCCI\u00d3 DEL PARC, DE LA SEVA ARQUITECTURA I DE LA SEVA EST\u00c8TICA I FUNCIONALITAT.<\/p>\n<p>HEM IMAGINAT A PARTIR D\u2019UNES IMATGES QUINES FORMES RELACIONADES AMB LA NATURA REPRESENTEN LES SEVES CONSTRUCCIONS: ARBRES I PLANTES, FORMES DE CARGOL, UN RUSC D\u2019ABELLES&#8230;<\/p>\n<p>GAUD\u00cd APROFITAVA MATERIALS PER RECICLAR-LOS I A LA VEGADA REALITZAVA CONSTRUCCIONS FUNCIONALS I EST\u00c8TIQUES.<\/p>\n<p>HEM BUSCAT <span style=\"color: #ff0000;\"><strong><span style=\"font-size: 20px;\">4<\/span><\/strong><\/span> <strong><span style=\"font-size: 20px;\"><span style=\"color: #ff0000;\">S<\/span>OLS<\/span> <\/strong>QUE CADA UN REPRESENTA UNA ESTACI\u00d3 DE L\u2019ANY, ESTAVEN AL SOSTRE ON HI HA LA SALA DE LES <span style=\"color: #ff0000; font-size: 20px;\">100<\/span> <strong><span style=\"color: #ff0000;\">C<\/span>OLUMNES!<\/strong><\/p>\n<p>HEM TROBAT <span style=\"color: #ff0000; font-size: 20px;\"><strong>5<\/strong><\/span> ANIMALS: EL<span style=\"font-size: 20px;\"><strong><span style=\"color: #ff0000;\"> LL<\/span>E\u00d3<\/strong>,<\/span> L\u2019<span style=\"font-size: 20px;\"><strong><span style=\"color: #ff0000;\">E<\/span>LEFANT<\/strong>,<\/span> EL <strong><span style=\"font-size: 20px;\"><span style=\"color: #ff0000;\">P<\/span>OP<\/span><\/strong>, EL <strong><span style=\"font-size: 20px;\"><span style=\"color: #ff0000;\">D<\/span>RAC<\/span><\/strong> I LA <strong><span style=\"font-size: 20px;\"><span style=\"color: #ff0000;\">S<\/span>ERP<\/span><\/strong><\/p>\n<p>HA ESTAT UNA SORTIDA DIVERTIDA, INTERESSANT I PLENA D\u2019EMOCI\u00d3 EN VEURE EL DRAC QUE TANT N\u2019HEM PARLAT A LA CLASSE.<\/p>\n<p>EN TORNAR A L&#8217;ESCOLA ENS HEM TROBAT UNA SORPRESA! LES LLETRES QUE V\u00c0REM CREAR EL DIA DE LA MOSTRA LES TENIM EXPOSADES AL VEST\u00cdBUL!!!<\/p>\n<p>GR\u00c0CIES FAM\u00cdLIES PER PARTICIPAR I AJUDAR-NOS A CREAR LA PARAULA <span style=\"font-size: 20px;\"><strong><span style=\"color: #ff0000;\">P<\/span>AUVILART!<\/strong><\/span><\/p>\n<p style=\"text-align: center;\"><strong><em>\u201cORIGINAL ES ALL\u00d2 QUE ES TORNA A LA SIMPLICITAT DE LA PRIMERES SOLUCIONS\u201d<\/em><\/strong><\/p>\n<p style=\"text-align: center;\"><em>ANTONI GAUD\u00cd<\/em><\/p>\n","protected":false},"excerpt":{"rendered":"<p>ELS PING\u00dcINS I ELS ERI\u00c7ONS FEM UNA SORTIA AL PARC G\u00dcELL PER CONCLOURE TOT EL TREBALL QUE HEM\u00a0 ANAT REALITZANT SOBRE L\u2019ART.<br \/>\nAQUESTA SORTIDA HA ESTAT MOLT ESPERADA I TEN\u00cdEM MOLTA IL\u00b7LUSI\u00d3 DE DESCOBRIR, CON\u00c8IXER I VEURE TOTES LES COSES QUE HEM ESTAT TREBALLANT SOBRE L\u2019ART&hellip;  <a href=\"https:\/\/agora.xtec.cat\/escolapauvila\/general\/sortida-cultural-al-parc-guell\/\" title=\"Read SORTIDA CULTURAL AL PARC G\u00dcELL\">Llegeix m\u00e9s\u00bb<\/a><\/p>\n","protected":false},"author":10,"featured_media":8701,"comment_status":"open","ping_status":"closed","sticky":false,"template":"","format":"standard","meta":{"_bbp_topic_count":0,"_bbp_reply_count":0,"_bbp_total_topic_count":0,"_bbp_total_reply_count":0,"_bbp_voice_count":0,"_bbp_anonymous_reply_count":0,"_bbp_topic_count_hidden":0,"_bbp_reply_count_hidden":0,"_bbp_forum_subforum_count":0,"footnotes":""},"categories":[2,8,1],"tags":[198,97,16],"class_list":["post-8699","post","type-post","status-publish","format-standard","has-post-thumbnail","hentry","category-petits","category-ei4","category-general","tag-ei4a21-22","tag-nascuts2017","tag-sortides"],"post_mailing_queue_ids":[],"_links":{"self":[{"href":"https:\/\/agora.xtec.cat\/escolapauvila\/wp-json\/wp\/v2\/posts\/8699","targetHints":{"allow":["GET"]}}],"collection":[{"href":"https:\/\/agora.xtec.cat\/escolapauvila\/wp-json\/wp\/v2\/posts"}],"about":[{"href":"https:\/\/agora.xtec.cat\/escolapauvila\/wp-json\/wp\/v2\/types\/post"}],"author":[{"embeddable":true,"href":"https:\/\/agora.xtec.cat\/escolapauvila\/wp-json\/wp\/v2\/users\/10"}],"replies":[{"embeddable":true,"href":"https:\/\/agora.xtec.cat\/escolapauvila\/wp-json\/wp\/v2\/comments?post=8699"}],"version-history":[{"count":2,"href":"https:\/\/agora.xtec.cat\/escolapauvila\/wp-json\/wp\/v2\/posts\/8699\/revisions"}],"predecessor-version":[{"id":8702,"href":"https:\/\/agora.xtec.cat\/escolapauvila\/wp-json\/wp\/v2\/posts\/8699\/revisions\/8702"}],"wp:featuredmedia":[{"embeddable":true,"href":"https:\/\/agora.xtec.cat\/escolapauvila\/wp-json\/wp\/v2\/media\/8701"}],"wp:attachment":[{"href":"https:\/\/agora.xtec.cat\/escolapauvila\/wp-json\/wp\/v2\/media?parent=8699"}],"wp:term":[{"taxonomy":"category","embeddable":true,"href":"https:\/\/agora.xtec.cat\/escolapauvila\/wp-json\/wp\/v2\/categories?post=8699"},{"taxonomy":"post_tag","embeddable":true,"href":"https:\/\/agora.xtec.cat\/escolapauvila\/wp-json\/wp\/v2\/tags?post=8699"}],"curies":[{"name":"wp","href":"https:\/\/api.w.org\/{rel}","templated":true}]}}