{"id":8557,"date":"2022-04-28T10:48:59","date_gmt":"2022-04-28T08:48:59","guid":{"rendered":"https:\/\/agora.xtec.cat\/escolapauvila\/?p=8557"},"modified":"2022-04-28T10:49:03","modified_gmt":"2022-04-28T08:49:03","slug":"racons-5","status":"publish","type":"post","link":"https:\/\/agora.xtec.cat\/escolapauvila\/grans\/5e\/racons-5\/","title":{"rendered":"RACONS"},"content":{"rendered":"<p><span style=\"color: #ff99cc;\">Hola fam\u00edlies<\/span><span style=\"color: #ff99cc;\"> del Pau Vila<\/span><\/p>\n<p>Els nens i nenes de 5\u00e8 B hem comen\u00e7at a fer els <span style=\"color: #000000;\">RACONS i els mestres que ens fan racons s\u00f3n: <span style=\"color: #99ccff;\">L &#8216;Alejandro<\/span>, <span style=\"color: #cc99ff;\">la<\/span> <span style=\"color: #cc99ff;\">C\u00e8lia<\/span> i <span style=\"color: #ff99cc;\">l&#8217;Elena.<\/span><\/span><\/p>\n<p>Els racons que fem s\u00f3n:<\/p>\n<ul>\n<li><span style=\"color: #ffcc99;\">REPORTERS: S&#8217;HA D&#8217;ESCRIURE UN BLOC A L&#8217;AULA (COM ESTEM FENT ARA)<\/span><\/li>\n<li><span style=\"color: #ff99cc;\">FAM\u00cdLIA: 1. CREAR UNA ESCENA AMB UNS PERSONATGES, 2. GRABAR UN AUDIO DE LA ESCENA I 3. EL TEU COMPANY\/A L&#8217;HAUR\u00c0 DE RECREAR.<\/span><\/li>\n<li><span style=\"color: #ff0000;\">GEOPL\u00c0: CREA AMB EL GEOPL\u00c0 FIGURES GEOM\u00c9TRIQUES, IDENTIFICA ELS ELEMENTS I COMPR\u00c8N EL PER\u00cdMETRE I L&#8217;AREA.<\/span><\/li>\n<li><span style=\"color: #00ff00;\">FRACCIONS+COMARQUES: REALITZA OPERACIONS DE SUMES I RESTES I LOCALITZA TOTA LA INFORMACI\u00d3 REQUERIDA.<\/span><\/li>\n<li><span style=\"color: #99ccff;\">FRACCIONS I MESURES: RESOL PROBLEMES MATEM\u00c0TICS AMB MESURES DE LONGITUD, CAPACITAT I MASSA<\/span><\/li>\n<li><span style=\"color: #cc99ff;\">KAHOOT: ELABORA UN KAHOOT SOBRE PREGUNTES DELS ARTICLES.<\/span><\/li>\n<\/ul>\n<p>Ad\u00e9u<\/p>\n<p>Editat per Itzel i Ainhoa<\/p>\n","protected":false},"excerpt":{"rendered":"<p>Hola fam\u00edlies del Pau Vila<br \/>\nEls nens i nenes de 5\u00e8 B hem comen\u00e7at a fer els RACONS i els mestres que ens fan racons s\u00f3n: L &#8216;Alejandro, la C\u00e8lia i l&#8217;Elena.<br \/>\nEls racons que fem s\u00f3n:<\/p>\n<ul>\n<li>REPORTERS: S&#8217;HA D&#8217;ESCRIURE UN BLOC A L&#8217;AULA (COM ESTEM FENT ARA)<\/li>\n<li>FAM\u00cdLIA:&hellip;  <a href=\"https:\/\/agora.xtec.cat\/escolapauvila\/grans\/5e\/racons-5\/\" title=\"Read RACONS\">Llegeix m\u00e9s\u00bb<\/a><br \/>\n","protected":false},"author":32,"featured_media":0,"comment_status":"open","ping_status":"closed","sticky":false,"template":"","format":"standard","meta":{"_bbp_topic_count":0,"_bbp_reply_count":0,"_bbp_total_topic_count":0,"_bbp_total_reply_count":0,"_bbp_voice_count":0,"_bbp_anonymous_reply_count":0,"_bbp_topic_count_hidden":0,"_bbp_reply_count_hidden":0,"_bbp_forum_subforum_count":0,"footnotes":""},"categories":[14,61],"tags":[234],"class_list":["post-8557","post","type-post","status-publish","format-standard","hentry","category-5e","category-grans","tag-5eb21-22"],"post_mailing_queue_ids":[],"_links":{"self":[{"href":"https:\/\/agora.xtec.cat\/escolapauvila\/wp-json\/wp\/v2\/posts\/8557","targetHints":{"allow":["GET"]}}],"collection":[{"href":"https:\/\/agora.xtec.cat\/escolapauvila\/wp-json\/wp\/v2\/posts"}],"about":[{"href":"https:\/\/agora.xtec.cat\/escolapauvila\/wp-json\/wp\/v2\/types\/post"}],"author":[{"embeddable":true,"href":"https:\/\/agora.xtec.cat\/escolapauvila\/wp-json\/wp\/v2\/users\/32"}],"replies":[{"embeddable":true,"href":"https:\/\/agora.xtec.cat\/escolapauvila\/wp-json\/wp\/v2\/comments?post=8557"}],"version-history":[{"count":1,"href":"https:\/\/agora.xtec.cat\/escolapauvila\/wp-json\/wp\/v2\/posts\/8557\/revisions"}],"predecessor-version":[{"id":8558,"href":"https:\/\/agora.xtec.cat\/escolapauvila\/wp-json\/wp\/v2\/posts\/8557\/revisions\/8558"}],"wp:attachment":[{"href":"https:\/\/agora.xtec.cat\/escolapauvila\/wp-json\/wp\/v2\/media?parent=8557"}],"wp:term":[{"taxonomy":"category","embeddable":true,"href":"https:\/\/agora.xtec.cat\/escolapauvila\/wp-json\/wp\/v2\/categories?post=8557"},{"taxonomy":"post_tag","embeddable":true,"href":"https:\/\/agora.xtec.cat\/escolapauvila\/wp-json\/wp\/v2\/tags?post=8557"}],"curies":[{"name":"wp","href":"https:\/\/api.w.org\/{rel}","templated":true}]}}