{"id":8546,"date":"2022-04-28T10:18:45","date_gmt":"2022-04-28T08:18:45","guid":{"rendered":"https:\/\/agora.xtec.cat\/escolapauvila\/?p=8546"},"modified":"2022-04-28T10:18:59","modified_gmt":"2022-04-28T08:18:59","slug":"el-certamen-literari","status":"publish","type":"post","link":"https:\/\/agora.xtec.cat\/escolapauvila\/grans\/5e\/el-certamen-literari\/","title":{"rendered":"EL CERTAMEN LITERARI"},"content":{"rendered":"<p>Hola pauvilers i pauvileres<\/p>\n<p>El divendres 22 d&#8217;abril els nens\/es de 3rA, 4tA, 5\u00e8A, B i 6\u00e8B vam anar a la Passi\u00f3 d&#8217;ESPARREGUERA, per veure el <span style=\"color: #cc99ff;\"><span style=\"color: #ff0000;\">C<\/span><span style=\"color: #ff6600;\">E<\/span><span style=\"color: #ffff99;\">R<span style=\"color: #ccffcc;\">T<\/span><\/span><span style=\"color: #ccffff;\">A<\/span>M<span style=\"color: #ff99cc;\">E<\/span><span style=\"color: #ffcc99;\">N<\/span><span style=\"color: #ffff99;\"> L<\/span><span style=\"color: #ccffcc;\">I<\/span><span style=\"color: #ccffff;\">T<\/span>E<span style=\"color: #000000;\">RARI<\/span>,<\/span> perqu\u00e8 unes nenes de la nostre classe havien quedat finalistes i tamb\u00e9 perqu\u00e8 dues companyes sortien a l&#8217;orquestra.<\/p>\n<p>Va ser aix\u00ed: primer van donar els premis, despr\u00e9s l&#8217;orquestra de m\u00fasica d&#8217; Esparreguera va tocar una can\u00e7\u00f3 i despr\u00e9s vam veure la obra de teatre de <span style=\"color: #ff00ff;\">LA CERTA HIST\u00d2RIA DE SANT JORDI.<\/span><\/p>\n<p>Van donar dos premis per categoria, las categories son:<\/p>\n<ul>\n<li>Categoria Joana Raspall: Cicle infantil i cicle inicial de prim\u00e0ria (creaci\u00f3 individual)<\/li>\n<li>Categoria Miquel Mart\u00ed i Pol: Cicle mitj\u00e0 de prim\u00e0ria (creaci\u00f3 individual)<\/li>\n<li>Categoria Maria Barbal: Cicle superior de prim\u00e0ria (creaci\u00f3 individual)<\/li>\n<li>Categoria Maria Aur\u00e8lia Capmany: 1er. i 2on d\u2019ESO (creaci\u00f3 individual)<\/li>\n<li>Categoria Josep Carner: 3er i 4t. d\u2019ESO (creaci\u00f3 individual)<\/li>\n<li>Categoria \u00c0ngel Guimer\u00e0: Treballs de classe (creaci\u00f3 col\u00b7lectiva)<\/li>\n<\/ul>\n<p>En el certamen hi estava l&#8217;alcalde, Eduard R. i Juan Jurado, entre d&#8217;altres.<\/p>\n<p>No vam quedar guanyadors per\u00f2 ens ho vam passar molt be.\ud83d\udc47<\/p>\n<p>Ad\u00e9u fam\u00edlies del Pau Vila<img loading=\"lazy\" decoding=\"async\" class=\"alignleft\" src=\"https:\/\/pbs.twimg.com\/media\/FQzC3AWXIA4v2C3.jpg\" alt=\"\u0422\u0443\u0438\u0442\u043e\u0432\u0435 \u0441 \u043e\u0442\u0433\u043e\u0432\u043e\u0440\u0438 \u043e\u0442 Ajuntament d'Esparreguera (@esparreguera) \/ Twitter\" width=\"527\" height=\"744\" \/><\/p>\n<p>Editat per l&#8217;Itzel i l&#8217;Ainhoa.<img decoding=\"async\" src=\"https:\/\/esparreguera.cat\/recursos\/adjunts\/news\/image\/certamen-web\" alt=\"Actualitat - Ajuntament d'Esparreguera\" \/><!--more--><\/p>\n","protected":false},"excerpt":{"rendered":"<p>Hola pauvilers i pauvileres<br \/>\nEl divendres 22 d&#8217;abril els nens\/es de 3rA, 4tA, 5\u00e8A, B i 6\u00e8B vam anar a la Passi\u00f3 d&#8217;ESPARREGUERA, per veure el CERTAMEN LITERARI, perqu\u00e8 unes nenes de la nostre classe havien quedat finalistes i tamb\u00e9 perqu\u00e8 dues companyes sortien a l&#8217;orquestra.<br \/>\nVa&hellip;  <a href=\"https:\/\/agora.xtec.cat\/escolapauvila\/grans\/5e\/el-certamen-literari\/\" title=\"Read EL CERTAMEN LITERARI\">Llegeix m\u00e9s\u00bb<\/a><\/p>\n","protected":false},"author":1,"featured_media":0,"comment_status":"open","ping_status":"closed","sticky":false,"template":"","format":"standard","meta":{"_bbp_topic_count":0,"_bbp_reply_count":0,"_bbp_total_topic_count":0,"_bbp_total_reply_count":0,"_bbp_voice_count":0,"_bbp_anonymous_reply_count":0,"_bbp_topic_count_hidden":0,"_bbp_reply_count_hidden":0,"_bbp_forum_subforum_count":0,"footnotes":""},"categories":[14,61],"tags":[234],"class_list":["post-8546","post","type-post","status-publish","format-standard","hentry","category-5e","category-grans","tag-5eb21-22"],"post_mailing_queue_ids":[],"_links":{"self":[{"href":"https:\/\/agora.xtec.cat\/escolapauvila\/wp-json\/wp\/v2\/posts\/8546","targetHints":{"allow":["GET"]}}],"collection":[{"href":"https:\/\/agora.xtec.cat\/escolapauvila\/wp-json\/wp\/v2\/posts"}],"about":[{"href":"https:\/\/agora.xtec.cat\/escolapauvila\/wp-json\/wp\/v2\/types\/post"}],"author":[{"embeddable":true,"href":"https:\/\/agora.xtec.cat\/escolapauvila\/wp-json\/wp\/v2\/users\/1"}],"replies":[{"embeddable":true,"href":"https:\/\/agora.xtec.cat\/escolapauvila\/wp-json\/wp\/v2\/comments?post=8546"}],"version-history":[{"count":3,"href":"https:\/\/agora.xtec.cat\/escolapauvila\/wp-json\/wp\/v2\/posts\/8546\/revisions"}],"predecessor-version":[{"id":8556,"href":"https:\/\/agora.xtec.cat\/escolapauvila\/wp-json\/wp\/v2\/posts\/8546\/revisions\/8556"}],"wp:attachment":[{"href":"https:\/\/agora.xtec.cat\/escolapauvila\/wp-json\/wp\/v2\/media?parent=8546"}],"wp:term":[{"taxonomy":"category","embeddable":true,"href":"https:\/\/agora.xtec.cat\/escolapauvila\/wp-json\/wp\/v2\/categories?post=8546"},{"taxonomy":"post_tag","embeddable":true,"href":"https:\/\/agora.xtec.cat\/escolapauvila\/wp-json\/wp\/v2\/tags?post=8546"}],"curies":[{"name":"wp","href":"https:\/\/api.w.org\/{rel}","templated":true}]}}