{"id":8537,"date":"2022-04-29T09:50:22","date_gmt":"2022-04-29T07:50:22","guid":{"rendered":"https:\/\/agora.xtec.cat\/escolapauvila\/?p=8537"},"modified":"2022-04-29T10:00:38","modified_gmt":"2022-04-29T08:00:38","slug":"taller-percussio-corporal","status":"publish","type":"post","link":"https:\/\/agora.xtec.cat\/escolapauvila\/grans\/5e\/taller-percussio-corporal\/","title":{"rendered":"Taller percussi\u00f3 corporal"},"content":{"rendered":"<p><span style=\"font-size: 20px;\">Hola pauvilers i pauvileres som el Biel i el Nil i avui us explicarem que vam fer en el taller de percussi\u00f3 corporal.<\/span><\/p>\n<p><span style=\"font-size: 20px;\">Primer vam aplaudir de diferents formes, les vam practicar i despr\u00e9s les vam fer totes seguides amb m\u00fasica.<\/span><\/p>\n<p><span style=\"font-size: 20px;\">Despr\u00e9s la professora ens va ensenyar balls, els vam ajuntar i els vam ballar amb m\u00fasica i va ser molt divertit.<\/span><\/p>\n<p><span style=\"font-size: 20px;\">Aqu\u00ed us deixem unes fotos i v\u00eddeos perqu\u00e8 ho pogueu veure com ho vam passar!\u00a0<\/span><\/p>\n<p><a href=\"https:\/\/photos.app.goo.gl\/j2Hb1n1UpuWJcMYeA\"><span style=\"font-size: 20px;\">https:\/\/photos.app.goo.gl\/j2Hb1n1UpuWJcMYeA<\/span><\/a><\/p>\n<p>&nbsp;<\/p>\n<p><iframe loading=\"lazy\" src=\"\/\/giphy.com\/embed\/KBDUTu5dYXkvdTzpgo\" width=\"480\" height=\"480\" frameborder=\"0\" allowfullscreen=\"allowfullscreen\"><\/iframe><\/p>\n<p>&nbsp;<\/p>\n","protected":false},"excerpt":{"rendered":"<p>Hola pauvilers i pauvileres som el Biel i el Nil i avui us explicarem que vam fer en el taller de percussi\u00f3 corporal.<br \/>\nPrimer vam aplaudir de diferents formes, les vam practicar i despr\u00e9s les vam fer totes seguides amb m\u00fasica.<br \/>\nDespr\u00e9s la professora ens va ensenyar&hellip;  <a href=\"https:\/\/agora.xtec.cat\/escolapauvila\/grans\/5e\/taller-percussio-corporal\/\" title=\"Read Taller percussi\u00f3 corporal\">Llegeix m\u00e9s\u00bb<\/a><\/p>\n","protected":false},"author":1,"featured_media":0,"comment_status":"open","ping_status":"closed","sticky":false,"template":"","format":"standard","meta":{"_bbp_topic_count":0,"_bbp_reply_count":0,"_bbp_total_topic_count":0,"_bbp_total_reply_count":0,"_bbp_voice_count":0,"_bbp_anonymous_reply_count":0,"_bbp_topic_count_hidden":0,"_bbp_reply_count_hidden":0,"_bbp_forum_subforum_count":0,"footnotes":""},"categories":[14,61],"tags":[235,216,90],"class_list":["post-8537","post","type-post","status-publish","format-standard","hentry","category-5e","category-grans","tag-5ea21-22","tag-comunitat-grans","tag-nascuts2011"],"post_mailing_queue_ids":[],"_links":{"self":[{"href":"https:\/\/agora.xtec.cat\/escolapauvila\/wp-json\/wp\/v2\/posts\/8537","targetHints":{"allow":["GET"]}}],"collection":[{"href":"https:\/\/agora.xtec.cat\/escolapauvila\/wp-json\/wp\/v2\/posts"}],"about":[{"href":"https:\/\/agora.xtec.cat\/escolapauvila\/wp-json\/wp\/v2\/types\/post"}],"author":[{"embeddable":true,"href":"https:\/\/agora.xtec.cat\/escolapauvila\/wp-json\/wp\/v2\/users\/1"}],"replies":[{"embeddable":true,"href":"https:\/\/agora.xtec.cat\/escolapauvila\/wp-json\/wp\/v2\/comments?post=8537"}],"version-history":[{"count":3,"href":"https:\/\/agora.xtec.cat\/escolapauvila\/wp-json\/wp\/v2\/posts\/8537\/revisions"}],"predecessor-version":[{"id":8572,"href":"https:\/\/agora.xtec.cat\/escolapauvila\/wp-json\/wp\/v2\/posts\/8537\/revisions\/8572"}],"wp:attachment":[{"href":"https:\/\/agora.xtec.cat\/escolapauvila\/wp-json\/wp\/v2\/media?parent=8537"}],"wp:term":[{"taxonomy":"category","embeddable":true,"href":"https:\/\/agora.xtec.cat\/escolapauvila\/wp-json\/wp\/v2\/categories?post=8537"},{"taxonomy":"post_tag","embeddable":true,"href":"https:\/\/agora.xtec.cat\/escolapauvila\/wp-json\/wp\/v2\/tags?post=8537"}],"curies":[{"name":"wp","href":"https:\/\/api.w.org\/{rel}","templated":true}]}}