{"id":8490,"date":"2022-04-21T10:09:50","date_gmt":"2022-04-21T08:09:50","guid":{"rendered":"https:\/\/agora.xtec.cat\/escolapauvila\/?p=8490"},"modified":"2022-04-22T16:18:17","modified_gmt":"2022-04-22T14:18:17","slug":"llista-provisional-al-barem","status":"publish","type":"post","link":"https:\/\/agora.xtec.cat\/escolapauvila\/general\/llista-provisional-al-barem\/","title":{"rendered":"LLista provisional al barem"},"content":{"rendered":"<p>Benvolgudes fam\u00edlies,<\/p>\n<p>Avui s&#8217;ha publicat la<b>\u00a0llista de sol\u00b7licituds de preinscripci\u00f3 amb la puntuaci\u00f3 provisional<\/b>. Aquesta llista que \u00e9s\u00a0<b>anonimitzada\u00a0<\/b>la trobareu penjada tant al taulell d\u2019anuncis com al web del centre.<\/p>\n<div><a href=\"https:\/\/agora.xtec.cat\/escolapauvila\/wp-content\/uploads\/usu1565\/2022\/04\/BAREM-PROVISIONAL-1.jpg\"><img loading=\"lazy\" decoding=\"async\" class=\"alignnone size-large wp-image-8492\" src=\"https:\/\/agora.xtec.cat\/escolapauvila\/wp-content\/uploads\/usu1565\/2022\/04\/BAREM-PROVISIONAL-1.jpg\" alt=\"\" width=\"610\" height=\"762\" srcset=\"https:\/\/agora.xtec.cat\/escolapauvila\/wp-content\/uploads\/usu1565\/2022\/04\/BAREM-PROVISIONAL-1.jpg 610w, https:\/\/agora.xtec.cat\/escolapauvila\/wp-content\/uploads\/usu1565\/2022\/04\/BAREM-PROVISIONAL-1-240x300.jpg 240w\" sizes=\"auto, (max-width: 610px) 100vw, 610px\" \/><\/a> <a href=\"https:\/\/agora.xtec.cat\/escolapauvila\/wp-content\/uploads\/usu1565\/2022\/04\/BAREM-PROVISIONAL-2.jpg\"><img loading=\"lazy\" decoding=\"async\" class=\"alignnone size-large wp-image-8493\" src=\"https:\/\/agora.xtec.cat\/escolapauvila\/wp-content\/uploads\/usu1565\/2022\/04\/BAREM-PROVISIONAL-2.jpg\" alt=\"\" width=\"606\" height=\"769\" srcset=\"https:\/\/agora.xtec.cat\/escolapauvila\/wp-content\/uploads\/usu1565\/2022\/04\/BAREM-PROVISIONAL-2.jpg 606w, https:\/\/agora.xtec.cat\/escolapauvila\/wp-content\/uploads\/usu1565\/2022\/04\/BAREM-PROVISIONAL-2-236x300.jpg 236w\" sizes=\"auto, (max-width: 606px) 100vw, 606px\" \/><\/a> <a href=\"https:\/\/agora.xtec.cat\/escolapauvila\/wp-content\/uploads\/usu1565\/2022\/04\/BAREM-PROVISIONAL-3-1.jpg\"><img loading=\"lazy\" decoding=\"async\" class=\"alignnone size-full wp-image-8496\" src=\"https:\/\/agora.xtec.cat\/escolapauvila\/wp-content\/uploads\/usu1565\/2022\/04\/BAREM-PROVISIONAL-3-1.jpg\" alt=\"\" width=\"606\" height=\"162\" srcset=\"https:\/\/agora.xtec.cat\/escolapauvila\/wp-content\/uploads\/usu1565\/2022\/04\/BAREM-PROVISIONAL-3-1.jpg 606w, https:\/\/agora.xtec.cat\/escolapauvila\/wp-content\/uploads\/usu1565\/2022\/04\/BAREM-PROVISIONAL-3-1-300x80.jpg 300w\" sizes=\"auto, (max-width: 606px) 100vw, 606px\" \/><\/a><\/div>\n<div>\n<h2>El per\u00edode per presentar reclamacions, en cas que ho necessiteu, va del 22 al 28 d&#8217;abril de 2022. Cal presentar una reclamaci\u00f3 si:<\/h2>\n<div>\n<div>\n<ul>\n<li>No est\u00e0s d&#8217;acord amb la puntuaci\u00f3 provisional, o detectes alguna errada o anomalia, pots presentar una\u00a0<b>reclamaci\u00f3<\/b>. En la consulta individual trobar\u00e0s l&#8217;enlla\u00e7 per presentar-la.<\/li>\n<li>No pots accedir a la consulta individual o no trobes la sol\u00b7licitud a la llista amb la puntuaci\u00f3 provisional pots adre\u00e7ar-te al centre o a l&#8217;oficina municipal d&#8217;escolaritzaci\u00f3 per demanar informaci\u00f3. Tamb\u00e9 pots presentar una\u00a0<b>reclamaci\u00f3<\/b>\u00a0mitjan\u00e7ant els seg\u00fcents accessos, en funci\u00f3 del tipus de sol\u00b7licitud de preinscripci\u00f3 utilitzada:\n<ul>\n<li><a href=\"https:\/\/ctti.queue-it.net\/?c=ctti&amp;e=preins&amp;t=https%3A%2F%2Faplicacions.ensenyament.gencat.cat%2FGEDAC%2FGEDACSOL_SE_MOD_CAT.html\" target=\"_blank\" rel=\"noopener\" data-saferedirecturl=\"https:\/\/www.google.com\/url?q=https:\/\/ctti.queue-it.net\/?c%3Dctti%26e%3Dpreins%26t%3Dhttps%253A%252F%252Faplicacions.ensenyament.gencat.cat%252FGEDAC%252FGEDACSOL_SE_MOD_CAT.html&amp;source=gmail&amp;ust=1650614431894000&amp;usg=AOvVaw000QPUP4SUkaolJkIHmdQn\">Si vas presentar una sol\u00b7licitud electr\u00f2nica<\/a><\/li>\n<li><a href=\"https:\/\/ctti.queue-it.net\/?c=ctti&amp;e=qpreinscripcioapexpr&amp;t=https%3A%2F%2Faplicacions.ensenyament.gencat.cat%2FGEDAC%2FGEDACSOL_SI_MOD_CAT.html\" target=\"_blank\" rel=\"noopener\" data-saferedirecturl=\"https:\/\/www.google.com\/url?q=https:\/\/ctti.queue-it.net\/?c%3Dctti%26e%3Dqpreinscripcioapexpr%26t%3Dhttps%253A%252F%252Faplicacions.ensenyament.gencat.cat%252FGEDAC%252FGEDACSOL_SI_MOD_CAT.html&amp;source=gmail&amp;ust=1650614431894000&amp;usg=AOvVaw1QugAivqnmKNK7UodZoutC\">Si vas presentar una sol\u00b7licitud en suport inform\u00e0tic<\/a><\/li>\n<\/ul>\n<\/li>\n<\/ul>\n<\/div>\n<\/div>\n<\/div>\n","protected":false},"excerpt":{"rendered":"<p>Benvolgudes fam\u00edlies,<br \/>\nAvui s&#8217;ha publicat la\u00a0llista de sol\u00b7licituds de preinscripci\u00f3 amb la puntuaci\u00f3 provisional. Aquesta llista que \u00e9s\u00a0anonimitzada\u00a0la trobareu penjada tant al taulell d\u2019anuncis com al web del centre.<br \/>\n<a href=\"https:\/\/agora.xtec.cat\/escolapauvila\/wp-content\/uploads\/usu1565\/2022\/04\/BAREM-PROVISIONAL-1.jpg\"><\/a> <a href=\"https:\/\/agora.xtec.cat\/escolapauvila\/wp-content\/uploads\/usu1565\/2022\/04\/BAREM-PROVISIONAL-2.jpg\"><\/a> <a href=\"https:\/\/agora.xtec.cat\/escolapauvila\/wp-content\/uploads\/usu1565\/2022\/04\/BAREM-PROVISIONAL-3-1.jpg\"><\/a><\/p>\n<p>El per\u00edode per presentar reclamacions, en cas que ho necessiteu, va del 22&hellip;  <a href=\"https:\/\/agora.xtec.cat\/escolapauvila\/general\/llista-provisional-al-barem\/\" title=\"Read LLista provisional al barem\">Llegeix m\u00e9s\u00bb<\/a><\/p>\n","protected":false},"author":1,"featured_media":8492,"comment_status":"open","ping_status":"closed","sticky":false,"template":"","format":"standard","meta":{"_bbp_topic_count":0,"_bbp_reply_count":0,"_bbp_total_topic_count":0,"_bbp_total_reply_count":0,"_bbp_voice_count":0,"_bbp_anonymous_reply_count":0,"_bbp_topic_count_hidden":0,"_bbp_reply_count_hidden":0,"_bbp_forum_subforum_count":0,"footnotes":""},"categories":[1,4,243],"tags":[242],"class_list":["post-8490","post","type-post","status-publish","format-standard","has-post-thumbnail","hentry","category-general","category-portada","category-preinscripcio-22-23","tag-preinscripcio-22-23"],"post_mailing_queue_ids":[],"_links":{"self":[{"href":"https:\/\/agora.xtec.cat\/escolapauvila\/wp-json\/wp\/v2\/posts\/8490","targetHints":{"allow":["GET"]}}],"collection":[{"href":"https:\/\/agora.xtec.cat\/escolapauvila\/wp-json\/wp\/v2\/posts"}],"about":[{"href":"https:\/\/agora.xtec.cat\/escolapauvila\/wp-json\/wp\/v2\/types\/post"}],"author":[{"embeddable":true,"href":"https:\/\/agora.xtec.cat\/escolapauvila\/wp-json\/wp\/v2\/users\/1"}],"replies":[{"embeddable":true,"href":"https:\/\/agora.xtec.cat\/escolapauvila\/wp-json\/wp\/v2\/comments?post=8490"}],"version-history":[{"count":3,"href":"https:\/\/agora.xtec.cat\/escolapauvila\/wp-json\/wp\/v2\/posts\/8490\/revisions"}],"predecessor-version":[{"id":8503,"href":"https:\/\/agora.xtec.cat\/escolapauvila\/wp-json\/wp\/v2\/posts\/8490\/revisions\/8503"}],"wp:featuredmedia":[{"embeddable":true,"href":"https:\/\/agora.xtec.cat\/escolapauvila\/wp-json\/wp\/v2\/media\/8492"}],"wp:attachment":[{"href":"https:\/\/agora.xtec.cat\/escolapauvila\/wp-json\/wp\/v2\/media?parent=8490"}],"wp:term":[{"taxonomy":"category","embeddable":true,"href":"https:\/\/agora.xtec.cat\/escolapauvila\/wp-json\/wp\/v2\/categories?post=8490"},{"taxonomy":"post_tag","embeddable":true,"href":"https:\/\/agora.xtec.cat\/escolapauvila\/wp-json\/wp\/v2\/tags?post=8490"}],"curies":[{"name":"wp","href":"https:\/\/api.w.org\/{rel}","templated":true}]}}