{"id":8458,"date":"2022-04-07T19:32:40","date_gmt":"2022-04-07T17:32:40","guid":{"rendered":"https:\/\/agora.xtec.cat\/escolapauvila\/?p=8458"},"modified":"2022-05-25T13:10:37","modified_gmt":"2022-05-25T11:10:37","slug":"taller-de-dansa-expressio-i-percussio-corporal","status":"publish","type":"post","link":"https:\/\/agora.xtec.cat\/escolapauvila\/general\/taller-de-dansa-expressio-i-percussio-corporal\/","title":{"rendered":"TALLER DE DANSA, EXPRESSI\u00d3 I PERCUSSI\u00d3 CORPORAL"},"content":{"rendered":"<p>Aquest any l&#8217;eix de l&#8217;escola \u00e9s l&#8217;art i els nois i noies de la comunitat de grans hem fet un taller de dansa, expressi\u00f3 i percussi\u00f3 corporal amb l&#8217;ajut de l&#8217;Anna Llombart.<\/p>\n<p>Avui els nens i nenes\u00a0 de 4t hem fet un taller on el nostre cos sonava i es movia al ritme de la m\u00fasica.<\/p>\n<p>Gr\u00e0cies a l&#8217;Anna hem fet una petita coreografia que us mostrem a continuaci\u00f3 amb aquest recull de fotos i v\u00eddeos.<\/p>\n<p>Ens ho hem passat molt b\u00e9. \ud83d\ude09<\/p>\n<p style=\"text-align: center;\"><a href=\"https:\/\/photos.app.goo.gl\/rwyetjo26838KCJ18\">FOTOS I V\u00cdDEO 4t A<\/a><\/p>\n<p style=\"text-align: center;\"><a href=\"https:\/\/photos.app.goo.gl\/UB2WkahZtiVbUTuR9\">FOTOS I V\u00cdDEO 4t B<\/a><\/p>\n","protected":false},"excerpt":{"rendered":"<p>Aquest any l&#8217;eix de l&#8217;escola \u00e9s l&#8217;art i els nois i noies de la comunitat de grans hem fet un taller de dansa, expressi\u00f3 i percussi\u00f3 corporal amb l&#8217;ajut de l&#8217;Anna Llombart.<br \/>\nAvui els nens i nenes\u00a0 de 4t hem fet un taller on el nostre&hellip;  <a href=\"https:\/\/agora.xtec.cat\/escolapauvila\/general\/taller-de-dansa-expressio-i-percussio-corporal\/\" title=\"Read TALLER DE DANSA, EXPRESSI\u00d3 I PERCUSSI\u00d3 CORPORAL\">Llegeix m\u00e9s\u00bb<\/a><\/p>\n","protected":false},"author":69,"featured_media":8469,"comment_status":"open","ping_status":"closed","sticky":false,"template":"","format":"standard","meta":{"_bbp_topic_count":0,"_bbp_reply_count":0,"_bbp_total_topic_count":0,"_bbp_total_reply_count":0,"_bbp_voice_count":0,"_bbp_anonymous_reply_count":0,"_bbp_topic_count_hidden":0,"_bbp_reply_count_hidden":0,"_bbp_forum_subforum_count":0,"footnotes":""},"categories":[13,61,1,4],"tags":[124,229],"class_list":["post-8458","post","type-post","status-publish","format-standard","has-post-thumbnail","hentry","category-4t","category-grans","category-general","category-portada","tag-nascuts2012","tag-pauvilart"],"post_mailing_queue_ids":[],"_links":{"self":[{"href":"https:\/\/agora.xtec.cat\/escolapauvila\/wp-json\/wp\/v2\/posts\/8458","targetHints":{"allow":["GET"]}}],"collection":[{"href":"https:\/\/agora.xtec.cat\/escolapauvila\/wp-json\/wp\/v2\/posts"}],"about":[{"href":"https:\/\/agora.xtec.cat\/escolapauvila\/wp-json\/wp\/v2\/types\/post"}],"author":[{"embeddable":true,"href":"https:\/\/agora.xtec.cat\/escolapauvila\/wp-json\/wp\/v2\/users\/69"}],"replies":[{"embeddable":true,"href":"https:\/\/agora.xtec.cat\/escolapauvila\/wp-json\/wp\/v2\/comments?post=8458"}],"version-history":[{"count":2,"href":"https:\/\/agora.xtec.cat\/escolapauvila\/wp-json\/wp\/v2\/posts\/8458\/revisions"}],"predecessor-version":[{"id":8460,"href":"https:\/\/agora.xtec.cat\/escolapauvila\/wp-json\/wp\/v2\/posts\/8458\/revisions\/8460"}],"wp:featuredmedia":[{"embeddable":true,"href":"https:\/\/agora.xtec.cat\/escolapauvila\/wp-json\/wp\/v2\/media\/8469"}],"wp:attachment":[{"href":"https:\/\/agora.xtec.cat\/escolapauvila\/wp-json\/wp\/v2\/media?parent=8458"}],"wp:term":[{"taxonomy":"category","embeddable":true,"href":"https:\/\/agora.xtec.cat\/escolapauvila\/wp-json\/wp\/v2\/categories?post=8458"},{"taxonomy":"post_tag","embeddable":true,"href":"https:\/\/agora.xtec.cat\/escolapauvila\/wp-json\/wp\/v2\/tags?post=8458"}],"curies":[{"name":"wp","href":"https:\/\/api.w.org\/{rel}","templated":true}]}}