{"id":8455,"date":"2022-04-07T11:01:59","date_gmt":"2022-04-07T09:01:59","guid":{"rendered":"https:\/\/agora.xtec.cat\/escolapauvila\/?p=8455"},"modified":"2022-04-07T11:01:59","modified_gmt":"2022-04-07T09:01:59","slug":"esport-adaptat-i-discapacitat-visual","status":"publish","type":"post","link":"https:\/\/agora.xtec.cat\/escolapauvila\/portada\/esport-adaptat-i-discapacitat-visual\/","title":{"rendered":"Esport adaptat i discapacitat visual"},"content":{"rendered":"<p>Des de l&#8217;\u00e0rea d&#8217;Educaci\u00f3 F\u00edsica, l&#8217;alumnat de 5\u00e8 ha estat treballant diferents esports i activitats f\u00edsiques adaptades. En aquest marc, hem contactat amb l&#8217;entitat esparreguerina <a href=\"https:\/\/www.facebook.com\/petjadesdecolors\/\">Petjades de Colors<\/a>, persones amb diversitat funcional que treballen per un m\u00f3n on qualsevol pugui fer all\u00f2 que es proposa.<\/p>\n<p>Un dels seus membres, l&#8217;Ani, ens ha visitat aquesta setmana. Ell \u00e9s un corredor habitual, tant en asfalt com de muntanya, que pateix una discapacitat visual. Ens ha explicat la seva experi\u00e8ncia, com \u00e9s el seu dia a dia, com podem ajudar quan una persona cega ens necessiti, i moltes coses m\u00e9s! A m\u00e9s, hem pogut posar-nos a la seva pell sortint a l&#8217;exterior de l&#8217;escola amb ulleres fosques, bastons, cordes i barres direccionals.<\/p>\n<p>Ha estat una experi\u00e8ncia molt profitosa, divertida, i que ens ha ensenyat valors com la capacitat de superaci\u00f3, l&#8217;esfor\u00e7 i la resili\u00e8ncia.<\/p>\n<p><a href=\"https:\/\/photos.google.com\/u\/1\/share\/AF1QipN063DTnsFhtnif2X45ZA5axDqVRV9F1hRon6jJIP9leIfgloFFn00_GVxoiSKsfw?key=RlN1cmpvbXNIWFcwWm5aZnR6UURGSWhDaXctazJB\"><img loading=\"lazy\" decoding=\"async\" class=\"alignnone wp-image-8456 size-large\" src=\"https:\/\/agora.xtec.cat\/escolapauvila\/wp-content\/uploads\/usu1565\/2022\/04\/IMG_6013-1024x768.jpg\" alt=\"\" width=\"1024\" height=\"768\" srcset=\"https:\/\/agora.xtec.cat\/escolapauvila\/wp-content\/uploads\/usu1565\/2022\/04\/IMG_6013-1024x768.jpg 1024w, https:\/\/agora.xtec.cat\/escolapauvila\/wp-content\/uploads\/usu1565\/2022\/04\/IMG_6013-300x225.jpg 300w, https:\/\/agora.xtec.cat\/escolapauvila\/wp-content\/uploads\/usu1565\/2022\/04\/IMG_6013-768x576.jpg 768w, https:\/\/agora.xtec.cat\/escolapauvila\/wp-content\/uploads\/usu1565\/2022\/04\/IMG_6013-200x150.jpg 200w, https:\/\/agora.xtec.cat\/escolapauvila\/wp-content\/uploads\/usu1565\/2022\/04\/IMG_6013.jpg 1155w\" sizes=\"auto, (max-width: 1024px) 100vw, 1024px\" \/><\/a><\/p>\n<p>Si feu clic sobre la imatge podreu veure totes les fotos.<\/p>\n<p>Moltes gr\u00e0cies, Ani! Esperem retrobar-nos ben aviat.<\/p>\n","protected":false},"excerpt":{"rendered":"<p>Des de l&#8217;\u00e0rea d&#8217;Educaci\u00f3 F\u00edsica, l&#8217;alumnat de 5\u00e8 ha estat treballant diferents esports i activitats f\u00edsiques adaptades. En aquest marc, hem contactat amb l&#8217;entitat esparreguerina <a href=\"https:\/\/www.facebook.com\/petjadesdecolors\/\">Petjades de Colors<\/a>, persones amb diversitat funcional que treballen per un m\u00f3n on qualsevol pugui fer all\u00f2 que es&hellip;  <a href=\"https:\/\/agora.xtec.cat\/escolapauvila\/portada\/esport-adaptat-i-discapacitat-visual\/\" title=\"Read Esport adaptat i discapacitat visual\">Llegeix m\u00e9s\u00bb<\/a><\/p>\n","protected":false},"author":1,"featured_media":8456,"comment_status":"open","ping_status":"closed","sticky":false,"template":"","format":"standard","meta":{"_bbp_topic_count":0,"_bbp_reply_count":0,"_bbp_total_topic_count":0,"_bbp_total_reply_count":0,"_bbp_voice_count":0,"_bbp_anonymous_reply_count":0,"_bbp_topic_count_hidden":0,"_bbp_reply_count_hidden":0,"_bbp_forum_subforum_count":0,"footnotes":""},"categories":[14,61,4],"tags":[235,234,90],"class_list":["post-8455","post","type-post","status-publish","format-standard","has-post-thumbnail","hentry","category-5e","category-grans","category-portada","tag-5ea21-22","tag-5eb21-22","tag-nascuts2011"],"post_mailing_queue_ids":[],"_links":{"self":[{"href":"https:\/\/agora.xtec.cat\/escolapauvila\/wp-json\/wp\/v2\/posts\/8455","targetHints":{"allow":["GET"]}}],"collection":[{"href":"https:\/\/agora.xtec.cat\/escolapauvila\/wp-json\/wp\/v2\/posts"}],"about":[{"href":"https:\/\/agora.xtec.cat\/escolapauvila\/wp-json\/wp\/v2\/types\/post"}],"author":[{"embeddable":true,"href":"https:\/\/agora.xtec.cat\/escolapauvila\/wp-json\/wp\/v2\/users\/1"}],"replies":[{"embeddable":true,"href":"https:\/\/agora.xtec.cat\/escolapauvila\/wp-json\/wp\/v2\/comments?post=8455"}],"version-history":[{"count":1,"href":"https:\/\/agora.xtec.cat\/escolapauvila\/wp-json\/wp\/v2\/posts\/8455\/revisions"}],"predecessor-version":[{"id":8457,"href":"https:\/\/agora.xtec.cat\/escolapauvila\/wp-json\/wp\/v2\/posts\/8455\/revisions\/8457"}],"wp:featuredmedia":[{"embeddable":true,"href":"https:\/\/agora.xtec.cat\/escolapauvila\/wp-json\/wp\/v2\/media\/8456"}],"wp:attachment":[{"href":"https:\/\/agora.xtec.cat\/escolapauvila\/wp-json\/wp\/v2\/media?parent=8455"}],"wp:term":[{"taxonomy":"category","embeddable":true,"href":"https:\/\/agora.xtec.cat\/escolapauvila\/wp-json\/wp\/v2\/categories?post=8455"},{"taxonomy":"post_tag","embeddable":true,"href":"https:\/\/agora.xtec.cat\/escolapauvila\/wp-json\/wp\/v2\/tags?post=8455"}],"curies":[{"name":"wp","href":"https:\/\/api.w.org\/{rel}","templated":true}]}}