{"id":8453,"date":"2022-04-06T10:22:29","date_gmt":"2022-04-06T08:22:29","guid":{"rendered":"https:\/\/agora.xtec.cat\/escolapauvila\/?p=8453"},"modified":"2022-04-06T10:22:29","modified_gmt":"2022-04-06T08:22:29","slug":"els-racons-de-primer","status":"publish","type":"post","link":"https:\/\/agora.xtec.cat\/escolapauvila\/mitjans\/els-racons-de-primer\/","title":{"rendered":"ELS RACONS DE PRIMER"},"content":{"rendered":"<p>BON\u00a0<span class=\"hiddenSpellError\">DIAA<\/span>!!<\/p>\n<p>AVUI VOLEM COMPARTIR AMB VOSALTRES LES TASQUES QUE FEM A RACONS.<\/p>\n<p>ES TRACTA DE 6 ESPAIS REPARTITS PER L&#8217;AULA. ENS DIVIDIM PER GRUPS I FEM LA PROPOSTA QUE ENS TOCA. CADA SETMANA FEM UN RAC\u00d3 DIFERENT, \u00c9S MOLT DIVERTIT!!<\/p>\n<p>EN UN DELS RACONS CONSTRU\u00cfM FIGURES A PARTIR DE MODELS. DESPR\u00c9S, INTENTEM REPRODUIR LA FIGURA AL PAPER, D&#8217;AQUESTA MANERA TREBALLEM L&#8217;ORIENTACI\u00d3 ESPACIAL.<\/p>\n<p>EN EL RAC\u00d3 ART\u00cdSTIC HEM DISSENYAT ROBA PER DUES FIGURES HUMANES, TREBALLANT AIX\u00cd LES PARTS DEL COS I LA ROBA D&#8217;HIVERN.<\/p>\n<p>EN EL RAC\u00d3 DE CONSTRUCCIONS\u00a0REPRODU\u00cfM\u00a0UNA FIGURA I ANEM FENT CANVIS SEGONS LES\u00a0INSTRUCCIONS\u00a0QUE LLEGIM. PER\u00a0ACABAR\u00a0INTENTEM REPRODUIR LA FIGURA FINAL AL PAPER.<\/p>\n<p>EN EL RAC\u00d3 DE LLEGIR FRASES PARTIM D&#8217;UNES L\u00c0MINES AMB IMATGES ON ELS NENS I LES NENES HAN D&#8217;IDENTIFICAR QUINA FRASE VA AMB CADA IMATGE.<\/p>\n<p>EN EL RAC\u00d3 DE\u00a0CONSTRUIR\u00a0FRASES ELS HI PROPOSEM ESCRIURE FRASES A PARTIR D&#8217;UNES\u00a0CONSIGNES\u00a0DONADES. PER EXEMPLE: ESCRIU UNA FRASE SOBRE EL POBLE ON VIUS.<\/p>\n<p>EN EL RAC\u00d3 D&#8217;EMBOLIC DE CONTES, ELS INFANTS HAN D&#8217;ENDRE\u00c7AR ELS CONTES PROPOSATS, I PER ACABAR, ESCRIURE DUES O TRES FRASES DE CADA CONTE.<\/p>\n<p>US DEIXEM ALGUNES FOTOGRAFIES. ESPEREM QUE US AGRADI!!<\/p>\n<p>UNA ABRA\u00c7ADA.<\/p>\n<p><a href=\"https:\/\/photos.app.goo.gl\/bktrALNN9jgsvpKn8\">https:\/\/photos.app.goo.gl\/bktrALNN9jgsvpKn8<\/a><\/p>\n","protected":false},"excerpt":{"rendered":"<p>BON\u00a0DIAA!!<br \/>\nAVUI VOLEM COMPARTIR AMB VOSALTRES LES TASQUES QUE FEM A RACONS.<br \/>\nES TRACTA DE 6 ESPAIS REPARTITS PER L&#8217;AULA. ENS DIVIDIM PER GRUPS I FEM LA PROPOSTA QUE ENS TOCA. CADA SETMANA FEM UN RAC\u00d3 DIFERENT, \u00c9S MOLT DIVERTIT!!<br \/>\nEN UN DELS RACONS CONSTRU\u00cfM FIGURES A PARTIR&hellip;  <a href=\"https:\/\/agora.xtec.cat\/escolapauvila\/mitjans\/els-racons-de-primer\/\" title=\"Read ELS RACONS DE PRIMER\">Llegeix m\u00e9s\u00bb<\/a><\/p>\n","protected":false},"author":1,"featured_media":0,"comment_status":"open","ping_status":"closed","sticky":false,"template":"","format":"standard","meta":{"_bbp_topic_count":0,"_bbp_reply_count":0,"_bbp_total_topic_count":0,"_bbp_total_reply_count":0,"_bbp_voice_count":0,"_bbp_anonymous_reply_count":0,"_bbp_topic_count_hidden":0,"_bbp_reply_count_hidden":0,"_bbp_forum_subforum_count":0,"footnotes":""},"categories":[10,5],"tags":[],"class_list":["post-8453","post","type-post","status-publish","format-standard","hentry","category-1r","category-mitjans"],"post_mailing_queue_ids":[],"_links":{"self":[{"href":"https:\/\/agora.xtec.cat\/escolapauvila\/wp-json\/wp\/v2\/posts\/8453","targetHints":{"allow":["GET"]}}],"collection":[{"href":"https:\/\/agora.xtec.cat\/escolapauvila\/wp-json\/wp\/v2\/posts"}],"about":[{"href":"https:\/\/agora.xtec.cat\/escolapauvila\/wp-json\/wp\/v2\/types\/post"}],"author":[{"embeddable":true,"href":"https:\/\/agora.xtec.cat\/escolapauvila\/wp-json\/wp\/v2\/users\/1"}],"replies":[{"embeddable":true,"href":"https:\/\/agora.xtec.cat\/escolapauvila\/wp-json\/wp\/v2\/comments?post=8453"}],"version-history":[{"count":1,"href":"https:\/\/agora.xtec.cat\/escolapauvila\/wp-json\/wp\/v2\/posts\/8453\/revisions"}],"predecessor-version":[{"id":8454,"href":"https:\/\/agora.xtec.cat\/escolapauvila\/wp-json\/wp\/v2\/posts\/8453\/revisions\/8454"}],"wp:attachment":[{"href":"https:\/\/agora.xtec.cat\/escolapauvila\/wp-json\/wp\/v2\/media?parent=8453"}],"wp:term":[{"taxonomy":"category","embeddable":true,"href":"https:\/\/agora.xtec.cat\/escolapauvila\/wp-json\/wp\/v2\/categories?post=8453"},{"taxonomy":"post_tag","embeddable":true,"href":"https:\/\/agora.xtec.cat\/escolapauvila\/wp-json\/wp\/v2\/tags?post=8453"}],"curies":[{"name":"wp","href":"https:\/\/api.w.org\/{rel}","templated":true}]}}