{"id":8422,"date":"2022-03-30T10:21:08","date_gmt":"2022-03-30T08:21:08","guid":{"rendered":"https:\/\/agora.xtec.cat\/escolapauvila\/?p=8422"},"modified":"2022-03-30T10:22:57","modified_gmt":"2022-03-30T08:22:57","slug":"experimentacio-al-segon-trimestre","status":"publish","type":"post","link":"https:\/\/agora.xtec.cat\/escolapauvila\/general\/experimentacio-al-segon-trimestre\/","title":{"rendered":"EXPERIMENTACI\u00d3 AL SEGON TRIMESTRE"},"content":{"rendered":"<p>ELS <span style=\"font-size: 20px;\"><span style=\"color: #ff0000;\">C<\/span>OLORS<\/span> I LES <span style=\"font-size: 20px;\"><span style=\"color: #ff0000;\">LL<\/span>UMS<\/span> HEM CONTINUAT EXPERIMENTANT EN AQUEST SEGON TRIMESTRE!<\/p>\n<p><a href=\"https:\/\/agora.xtec.cat\/escolapauvila\/wp-content\/uploads\/usu1565\/2022\/03\/IMG_2172-min-scaled.jpg\"><img loading=\"lazy\" decoding=\"async\" class=\"alignnone size-large wp-image-8425\" src=\"https:\/\/agora.xtec.cat\/escolapauvila\/wp-content\/uploads\/usu1565\/2022\/03\/IMG_2172-min-1024x768.jpg\" alt=\"\" width=\"1024\" height=\"768\" srcset=\"https:\/\/agora.xtec.cat\/escolapauvila\/wp-content\/uploads\/usu1565\/2022\/03\/IMG_2172-min-1024x768.jpg 1024w, https:\/\/agora.xtec.cat\/escolapauvila\/wp-content\/uploads\/usu1565\/2022\/03\/IMG_2172-min-300x225.jpg 300w, https:\/\/agora.xtec.cat\/escolapauvila\/wp-content\/uploads\/usu1565\/2022\/03\/IMG_2172-min-768x576.jpg 768w, https:\/\/agora.xtec.cat\/escolapauvila\/wp-content\/uploads\/usu1565\/2022\/03\/IMG_2172-min-1536x1152.jpg 1536w, https:\/\/agora.xtec.cat\/escolapauvila\/wp-content\/uploads\/usu1565\/2022\/03\/IMG_2172-min-2048x1536.jpg 2048w, https:\/\/agora.xtec.cat\/escolapauvila\/wp-content\/uploads\/usu1565\/2022\/03\/IMG_2172-min-200x150.jpg 200w\" sizes=\"auto, (max-width: 1024px) 100vw, 1024px\" \/><\/a><\/p>\n<ul>\n<li>V\u00c0REM COMEN\u00c7AR L&#8217;HIVERN FENT <strong><span style=\"font-size: 20px;\"><span style=\"color: #ff0000;\">N<\/span>EU<\/span><\/strong>! S\u00cd, SI, NEU!!! \u00a0BARREJANT <span style=\"font-size: 20px;\"><span style=\"color: #ff0000;\">B<\/span>ICARBONAT<\/span> I <span style=\"font-size: 20px;\"><span style=\"color: #ff0000;\">A<\/span>IGUA<\/span> FREDA VAM ACONSEGUIR FER NEU ARTIFICIAL I TOCAR LA SEVA TEXTURA I LA SEVA FREDOR. A ALGUNS ENS VA AGRADAR EMBRUTAR-NOS LES MANS I MANIPULAR ELS INGREDIENTS; A ALTRES, NO TANT!<\/li>\n<\/ul>\n<p>&nbsp;<\/p>\n<ul>\n<li>AMB <span style=\"font-size: 20px;\"><span style=\"color: #ff0000;\">S<\/span>AL<\/span>, <span style=\"font-size: 20px;\"><span style=\"color: #ff0000;\">F<\/span>ARINA<\/span> I <span style=\"font-size: 20px;\"><span style=\"color: #ff0000;\">A<\/span>IGUA<\/span> VAM FER <strong><span style=\"font-size: 20px;\"><span style=\"color: #ff0000;\">P<\/span>ASTA <span style=\"color: #ff0000;\">D<\/span>E <span style=\"color: #ff0000;\">S<\/span>A<\/span><span style=\"color: #000000; font-size: 20px;\">L<\/span><\/strong>. VAM HAVER DE MESURAR B\u00c9 LES QUANTITATS PERQU\u00c8 SORT\u00cdS AMB \u00c8XIT LA PASTA. \u00a0QUAN LA VAM TENIR FETA ENS VA SERVIR PER CONFEGIR LA NOSTRA <span style=\"font-size: 20px;\"><span style=\"color: #ff0000;\">I<\/span>NICIAL<\/span>!<\/li>\n<\/ul>\n<p><a href=\"https:\/\/agora.xtec.cat\/escolapauvila\/wp-content\/uploads\/usu1565\/2022\/03\/sal-scaled.jpg\"><img loading=\"lazy\" decoding=\"async\" class=\"alignnone size-large wp-image-8428\" src=\"https:\/\/agora.xtec.cat\/escolapauvila\/wp-content\/uploads\/usu1565\/2022\/03\/sal-1024x768.jpg\" alt=\"\" width=\"1024\" height=\"768\" srcset=\"https:\/\/agora.xtec.cat\/escolapauvila\/wp-content\/uploads\/usu1565\/2022\/03\/sal-1024x768.jpg 1024w, https:\/\/agora.xtec.cat\/escolapauvila\/wp-content\/uploads\/usu1565\/2022\/03\/sal-300x225.jpg 300w, https:\/\/agora.xtec.cat\/escolapauvila\/wp-content\/uploads\/usu1565\/2022\/03\/sal-768x576.jpg 768w, https:\/\/agora.xtec.cat\/escolapauvila\/wp-content\/uploads\/usu1565\/2022\/03\/sal-1536x1152.jpg 1536w, https:\/\/agora.xtec.cat\/escolapauvila\/wp-content\/uploads\/usu1565\/2022\/03\/sal-2048x1536.jpg 2048w, https:\/\/agora.xtec.cat\/escolapauvila\/wp-content\/uploads\/usu1565\/2022\/03\/sal-200x150.jpg 200w\" sizes=\"auto, (max-width: 1024px) 100vw, 1024px\" \/><\/a><\/p>\n<p>&nbsp;<\/p>\n<ul style=\"list-style-type: disc;\">\n<li>HEM EXPERIMENTAT AMB ELS <strong><span style=\"font-size: 20px;\"><span style=\"color: #ff0000;\">C<\/span>OLORS <span style=\"color: #ff0000;\">P<\/span>RIMARIS<\/span><\/strong> I CREAT DE NOUS. EL LLIBRE DE L&#8217;<span style=\"font-size: 20px; color: #000000;\">HERV\u00c9 TULLET<\/span>, <span style=\"font-size: 20px;\"><span style=\"color: #ff0000;\">C<\/span>OLORS<\/span>, ENS HA PERM\u00c8S DESCOBRIR NOUS COLORS AMB LA BARREJA DEL COLORS <span style=\"font-size: 20px;\"><span style=\"color: #ff0000;\">B<\/span>LAU<\/span>, <span style=\"font-size: 20px;\"><span style=\"color: #ff0000;\">V<\/span>ERMELL<\/span> I <span style=\"font-size: 20px;\"><span style=\"color: #ff0000;\">G<\/span>ROC.<\/span>\u00a0PER EXPERIMENTAR-HO HEM FET DE TOT! HEM\u00a0PINTAT ARR\u00d2S I HEM POGUT OBSERVAR QUE SI BARREGEM DOS D&#8217;AQUESTS COLORS EN SURTEN D&#8217;ALTRES COM EL <span style=\"font-size: 20px;\"><span style=\"color: #ff0000;\">V<\/span>ERD<\/span>, EL <span style=\"font-size: 20px;\"><span style=\"color: #ff0000;\">L<\/span>ILA<\/span> O EL <span style=\"font-size: 20px;\"><span style=\"color: #ff0000;\">T<\/span>ARONJA<\/span>! TAMB\u00c9 HO HEM POGUT DESCOBRIR PINTANT SOBRE PAPER, AMB LA TAULA DE LLUM, AMB LES PIPETES O FENT M\u00c0GIA PINTANT L&#8217;AIGUA DE COLORS I CREANT AMPOLLES!<\/li>\n<\/ul>\n<p>&nbsp;<\/p>\n<ul>\n<li>HEM PINTAT AMB <span style=\"font-size: 20px;\"><strong><span style=\"color: #ff0000;\">X<\/span>OCOLATA<\/strong><\/span> DESFETA I HEM CREAT ELS NOSTRES <span style=\"font-size: 20px;\"><span style=\"color: #ff0000;\">O<\/span>US<\/span> DE PASQUA. HEM OLORAT, TASTAT, TOCAT I DESPERTAT ELS NOSTRES SENTITS AMB LA XOCOLATA!<\/li>\n<\/ul>\n<p><strong>US ANIMEU A EXPERIMENTAR TAMB\u00c9 A CASA? NO ESPEREU RAONAMENTS CIENT\u00cdFICS! <span style=\"font-size: 16px;\">NOM\u00c9S<\/span> QUE ELS VOSTRES FILLS I FILLES TOQUIN, PROVIN, ES FACIN PREGUNTES, OBSERVIN, DESCOBREIXIN I QUEDIN MERAVELLATS AMB ELS RESULTATS!!!<\/strong><\/p>\n","protected":false},"excerpt":{"rendered":"<p>ELS COLORS I LES LLUMS HEM CONTINUAT EXPERIMENTANT EN AQUEST SEGON TRIMESTRE!<br \/>\n<a href=\"https:\/\/agora.xtec.cat\/escolapauvila\/wp-content\/uploads\/usu1565\/2022\/03\/IMG_2172-min-scaled.jpg\"><\/a><\/p>\n<ul>\n<li>V\u00c0REM COMEN\u00c7AR L&#8217;HIVERN FENT NEU! S\u00cd, SI, NEU!!! \u00a0BARREJANT BICARBONAT I AIGUA FREDA VAM ACONSEGUIR FER NEU ARTIFICIAL I TOCAR LA SEVA TEXTURA I LA SEVA FREDOR. A ALGUNS ENS VA AGRADAR EMBRUTAR-NOS&hellip;  <a href=\"https:\/\/agora.xtec.cat\/escolapauvila\/general\/experimentacio-al-segon-trimestre\/\" title=\"Read EXPERIMENTACI\u00d3 AL SEGON TRIMESTRE\">Llegeix m\u00e9s\u00bb<\/a><br \/>\n","protected":false},"author":1,"featured_media":8423,"comment_status":"open","ping_status":"closed","sticky":false,"template":"","format":"standard","meta":{"_bbp_topic_count":0,"_bbp_reply_count":0,"_bbp_total_topic_count":0,"_bbp_total_reply_count":0,"_bbp_voice_count":0,"_bbp_anonymous_reply_count":0,"_bbp_topic_count_hidden":0,"_bbp_reply_count_hidden":0,"_bbp_forum_subforum_count":0,"footnotes":""},"categories":[2,3,1],"tags":[211,212,210],"class_list":["post-8422","post","type-post","status-publish","format-standard","has-post-thumbnail","hentry","category-petits","category-ei3","category-general","tag-ei3a21-22","tag-ei3b21-22","tag-nascuts2018"],"post_mailing_queue_ids":[],"_links":{"self":[{"href":"https:\/\/agora.xtec.cat\/escolapauvila\/wp-json\/wp\/v2\/posts\/8422","targetHints":{"allow":["GET"]}}],"collection":[{"href":"https:\/\/agora.xtec.cat\/escolapauvila\/wp-json\/wp\/v2\/posts"}],"about":[{"href":"https:\/\/agora.xtec.cat\/escolapauvila\/wp-json\/wp\/v2\/types\/post"}],"author":[{"embeddable":true,"href":"https:\/\/agora.xtec.cat\/escolapauvila\/wp-json\/wp\/v2\/users\/1"}],"replies":[{"embeddable":true,"href":"https:\/\/agora.xtec.cat\/escolapauvila\/wp-json\/wp\/v2\/comments?post=8422"}],"version-history":[{"count":3,"href":"https:\/\/agora.xtec.cat\/escolapauvila\/wp-json\/wp\/v2\/posts\/8422\/revisions"}],"predecessor-version":[{"id":8429,"href":"https:\/\/agora.xtec.cat\/escolapauvila\/wp-json\/wp\/v2\/posts\/8422\/revisions\/8429"}],"wp:featuredmedia":[{"embeddable":true,"href":"https:\/\/agora.xtec.cat\/escolapauvila\/wp-json\/wp\/v2\/media\/8423"}],"wp:attachment":[{"href":"https:\/\/agora.xtec.cat\/escolapauvila\/wp-json\/wp\/v2\/media?parent=8422"}],"wp:term":[{"taxonomy":"category","embeddable":true,"href":"https:\/\/agora.xtec.cat\/escolapauvila\/wp-json\/wp\/v2\/categories?post=8422"},{"taxonomy":"post_tag","embeddable":true,"href":"https:\/\/agora.xtec.cat\/escolapauvila\/wp-json\/wp\/v2\/tags?post=8422"}],"curies":[{"name":"wp","href":"https:\/\/api.w.org\/{rel}","templated":true}]}}