{"id":8410,"date":"2022-03-25T13:36:50","date_gmt":"2022-03-25T12:36:50","guid":{"rendered":"https:\/\/agora.xtec.cat\/escolapauvila\/?p=8410"},"modified":"2022-03-25T13:36:50","modified_gmt":"2022-03-25T12:36:50","slug":"pauvilart-experimentem-amb-lart","status":"publish","type":"post","link":"https:\/\/agora.xtec.cat\/escolapauvila\/general\/pauvilart-experimentem-amb-lart\/","title":{"rendered":"PAUVILART: EXPERIMENTEM AMB L&#8217;ART"},"content":{"rendered":"<p>AQUESTA SETMANA ELS <span style=\"font-size: 20px;\"><span style=\"color: #ff0000;\">C<\/span>OLORS<\/span> I LES <span style=\"font-size: 20px;\"><span style=\"color: #ff0000;\">LL<\/span>UMS<\/span> HEM ANAT AL PIS DELS NENS I NENES GRANS A VISITAR LA SEGONA <strong><span style=\"font-size: 20px;\"><span style=\"color: #ff0000;\">E<\/span>XPOSICI\u00d3<\/span><\/strong> DE L&#8217;ESCOLA, RELACIONADA AMB L&#8217;<strong><span style=\"font-size: 20px;\"><span style=\"color: #ff0000;\">A<\/span>RT.\u00a0<\/span><\/strong><\/p>\n<p>L&#8217;OBJECTIU DE VISITAR L&#8217;EXPOSICI\u00d3 HA ESTAT <span style=\"font-size: 20px;\"><span style=\"color: #ff0000;\">O<\/span>BSERVAR<\/span>, <span style=\"font-size: 20px;\"><span style=\"color: #ff0000;\">D<\/span>ESCOBRIR<\/span> I <span style=\"font-size: 20px;\"><span style=\"color: #ff0000;\">R<\/span>EFLEXIONAR<\/span> SOBRE EL QU\u00c8 HI HAVIA A LES DIFERENTS <span style=\"font-size: 20px;\"><span style=\"color: #ff0000;\">C<\/span>APSES<\/span> DE L&#8217;EXPOSICI\u00d3. CADASCUNA D&#8217;ELLES AMAGAVEN MOSTRES ART\u00cdSTIQUES DE DIVERSOS \u00c0MBITS (PINTURA, ESCULTURA, POESIA, TEATRE, DANSA, M\u00daSICA,&#8230;). \u00a0 LES HEM POGUT OBRIR TOTES I GENERAR UNA CONVERSA COL.LECTIVA:<\/p>\n<p><strong>CONVERSA DELS COLORS:<\/strong><\/p>\n<p>&#8220;\u00c9S UN TELESCOPI&#8221;,\u00a0&#8220;UNA TORRE&#8221; ,\u00a0&#8220;UNA COSA PER MIRAR&#8221;,\u00a0&#8220;UNA VERGE&#8221; (CAIXA AMB L&#8217;ESCULTURA L&#8217;OCELL DE MIR\u00d3).<\/p>\n<p>&#8220;\u00c9S UNA FOTO&#8221;, &#8220;UN CAVALL&#8221;, &#8220;UN MONSTRE&#8221; (CAIXA AMB EL QUADRE DE PICASSO).<\/p>\n<p>&#8220;HI HA UN PAPER AMB LLETRES&#8221; (CAIXA AMB EL POEMA DE LA JOANA RASPALL).<\/p>\n<p>&#8220;ESTAN BALLANT DOS NENES, UN NEN I UNA NENA&#8221; (CAIXA AMB UNA REPRODUCCI\u00d3 DE DANSA).<\/p>\n<p>&#8220;\u00c9S UN ESCENARI&#8221; (MAQUETA EL TEATRE DE LA PASSI\u00d3).<\/p>\n<p><strong>CONVERSA DE LES LLUMS:<\/strong><\/p>\n<p>&#8220;\u00c9S UNA MUNTANYA DE LLETRES&#8221; (CAIXA AMB LA FOTOGRAFIA D&#8217;UNA ESCULTURA AMB LLETRES)<\/p>\n<p>&#8220;\u00c9S UNA DONA FENT EXERCICI&#8221; (CAIXA AMB UNA REPRODUCCI\u00d3 DE DANSA)<\/p>\n<p>&#8220;\u00c9S M\u00daSICA&#8221; (CAIXA AMB CAIXETES DE M\u00daSICA)<\/p>\n<p>&#8220;ESPELMES DE LLUM&#8221; (CAIXA AMB DUES ESPELMES)<\/p>\n<p>&#8220;HI HA UN TEATRE DE LA PASSI\u00d3&#8221; (PETIT TEATRE)<\/p>\n<p>&#8220;S\u00d3N LLETRES&#8221; (CAIXA AMB LLETRES)<\/p>\n<p>&nbsp;<\/p>\n<p><a href=\"https:\/\/agora.xtec.cat\/escolapauvila\/wp-content\/uploads\/usu1565\/2022\/03\/IMG_2422-scaled.jpg\"><img loading=\"lazy\" decoding=\"async\" class=\"alignnone wp-image-8411\" src=\"https:\/\/agora.xtec.cat\/escolapauvila\/wp-content\/uploads\/usu1565\/2022\/03\/IMG_2422-1024x649.jpg\" alt=\"\" width=\"481\" height=\"305\" srcset=\"https:\/\/agora.xtec.cat\/escolapauvila\/wp-content\/uploads\/usu1565\/2022\/03\/IMG_2422-1024x649.jpg 1024w, https:\/\/agora.xtec.cat\/escolapauvila\/wp-content\/uploads\/usu1565\/2022\/03\/IMG_2422-300x190.jpg 300w, https:\/\/agora.xtec.cat\/escolapauvila\/wp-content\/uploads\/usu1565\/2022\/03\/IMG_2422-768x487.jpg 768w, https:\/\/agora.xtec.cat\/escolapauvila\/wp-content\/uploads\/usu1565\/2022\/03\/IMG_2422-1536x974.jpg 1536w, https:\/\/agora.xtec.cat\/escolapauvila\/wp-content\/uploads\/usu1565\/2022\/03\/IMG_2422-2048x1298.jpg 2048w\" sizes=\"auto, (max-width: 481px) 100vw, 481px\" \/>\u00a0 \u00a0 \u00a0<\/a><a href=\"https:\/\/agora.xtec.cat\/escolapauvila\/wp-content\/uploads\/usu1565\/2022\/03\/IMG_2436-scaled.jpg\"><img loading=\"lazy\" decoding=\"async\" class=\"alignnone wp-image-8412\" src=\"https:\/\/agora.xtec.cat\/escolapauvila\/wp-content\/uploads\/usu1565\/2022\/03\/IMG_2436-1024x768.jpg\" alt=\"\" width=\"411\" height=\"308\" srcset=\"https:\/\/agora.xtec.cat\/escolapauvila\/wp-content\/uploads\/usu1565\/2022\/03\/IMG_2436-1024x768.jpg 1024w, https:\/\/agora.xtec.cat\/escolapauvila\/wp-content\/uploads\/usu1565\/2022\/03\/IMG_2436-300x225.jpg 300w, https:\/\/agora.xtec.cat\/escolapauvila\/wp-content\/uploads\/usu1565\/2022\/03\/IMG_2436-768x576.jpg 768w, https:\/\/agora.xtec.cat\/escolapauvila\/wp-content\/uploads\/usu1565\/2022\/03\/IMG_2436-1536x1152.jpg 1536w, https:\/\/agora.xtec.cat\/escolapauvila\/wp-content\/uploads\/usu1565\/2022\/03\/IMG_2436-2048x1536.jpg 2048w, https:\/\/agora.xtec.cat\/escolapauvila\/wp-content\/uploads\/usu1565\/2022\/03\/IMG_2436-200x150.jpg 200w\" sizes=\"auto, (max-width: 411px) 100vw, 411px\" \/><\/a><\/p>\n<p><a href=\"https:\/\/agora.xtec.cat\/escolapauvila\/wp-content\/uploads\/usu1565\/2022\/03\/ART-1-scaled.jpg\"><img loading=\"lazy\" decoding=\"async\" class=\"wp-image-8419 aligncenter\" src=\"https:\/\/agora.xtec.cat\/escolapauvila\/wp-content\/uploads\/usu1565\/2022\/03\/ART-1-1024x454.jpg\" alt=\"\" width=\"492\" height=\"218\" srcset=\"https:\/\/agora.xtec.cat\/escolapauvila\/wp-content\/uploads\/usu1565\/2022\/03\/ART-1-1024x454.jpg 1024w, https:\/\/agora.xtec.cat\/escolapauvila\/wp-content\/uploads\/usu1565\/2022\/03\/ART-1-300x133.jpg 300w, https:\/\/agora.xtec.cat\/escolapauvila\/wp-content\/uploads\/usu1565\/2022\/03\/ART-1-768x341.jpg 768w, https:\/\/agora.xtec.cat\/escolapauvila\/wp-content\/uploads\/usu1565\/2022\/03\/ART-1-1536x682.jpg 1536w, https:\/\/agora.xtec.cat\/escolapauvila\/wp-content\/uploads\/usu1565\/2022\/03\/ART-1-2048x909.jpg 2048w\" sizes=\"auto, (max-width: 492px) 100vw, 492px\" \/><\/a><\/p>\n<p><span style=\"font-family: inherit; font-size: 1em;\">TAMB\u00c9 HEM POGUT EXPERIMENTAR AMB ELS SENTITS AMB LES DUES <\/span><span style=\"font-size: 20px;\"><span style=\"color: #ff0000;\">C<\/span>AIXES <span style=\"color: #ff0000;\">T<\/span>OCA-<span style=\"color: #ff0000;\">T<\/span>OCA<\/span><span style=\"font-family: inherit; font-size: 1em;\">! \u00a0HEM MIRAT FORMES I COLORS EN UN TELESCOPI, HEM TOCAT PILOTES AMB TEXTURES VARIADES, HEM ESCOLTAT COM SONEN LES CAPSETES DE M\u00daSICA, HEM FET SERVIR L&#8217;OLFACTE PER OLORAR FLORS, CANYELLA,&#8230; HEM POSAT EN MARXA TOTS ELS NOSTRES SENTITS!!!\u00a0<\/span><\/p>\n<p style=\"text-align: center;\"><span style=\"font-size: 16px;\"><strong>EL FOMENT DE LA CREATIVITAT, LA MOTIVACI\u00d3 I L&#8217;APRENENTATGE EN GENERAL <\/strong><\/span><span style=\"font-size: 16px;\"><strong>CAL FER-HO DES DEL PLAER\u00a0<\/strong><\/span><strong style=\"font-family: inherit; font-size: 1em; text-align: center;\">(DAVID BUENO)<\/strong><\/p>\n<p style=\"text-align: center;\"><a href=\"https:\/\/agora.xtec.cat\/escolapauvila\/wp-content\/uploads\/usu1565\/2022\/03\/IMG_2453-min-scaled.jpg\"><img loading=\"lazy\" decoding=\"async\" class=\"wp-image-8413 aligncenter\" src=\"https:\/\/agora.xtec.cat\/escolapauvila\/wp-content\/uploads\/usu1565\/2022\/03\/IMG_2453-min-1024x768.jpg\" alt=\"\" width=\"577\" height=\"433\" srcset=\"https:\/\/agora.xtec.cat\/escolapauvila\/wp-content\/uploads\/usu1565\/2022\/03\/IMG_2453-min-1024x768.jpg 1024w, https:\/\/agora.xtec.cat\/escolapauvila\/wp-content\/uploads\/usu1565\/2022\/03\/IMG_2453-min-300x225.jpg 300w, https:\/\/agora.xtec.cat\/escolapauvila\/wp-content\/uploads\/usu1565\/2022\/03\/IMG_2453-min-768x576.jpg 768w, https:\/\/agora.xtec.cat\/escolapauvila\/wp-content\/uploads\/usu1565\/2022\/03\/IMG_2453-min-1536x1152.jpg 1536w, https:\/\/agora.xtec.cat\/escolapauvila\/wp-content\/uploads\/usu1565\/2022\/03\/IMG_2453-min-2048x1536.jpg 2048w, https:\/\/agora.xtec.cat\/escolapauvila\/wp-content\/uploads\/usu1565\/2022\/03\/IMG_2453-min-200x150.jpg 200w\" sizes=\"auto, (max-width: 577px) 100vw, 577px\" \/><\/a><\/p>\n<p><a href=\"https:\/\/agora.xtec.cat\/escolapauvila\/wp-content\/uploads\/usu1565\/2022\/03\/art1-scaled.jpg\"><img loading=\"lazy\" decoding=\"async\" class=\"wp-image-8420 aligncenter\" src=\"https:\/\/agora.xtec.cat\/escolapauvila\/wp-content\/uploads\/usu1565\/2022\/03\/art1-1024x768.jpg\" alt=\"\" width=\"589\" height=\"441\" srcset=\"https:\/\/agora.xtec.cat\/escolapauvila\/wp-content\/uploads\/usu1565\/2022\/03\/art1-1024x768.jpg 1024w, https:\/\/agora.xtec.cat\/escolapauvila\/wp-content\/uploads\/usu1565\/2022\/03\/art1-300x225.jpg 300w, https:\/\/agora.xtec.cat\/escolapauvila\/wp-content\/uploads\/usu1565\/2022\/03\/art1-768x576.jpg 768w, https:\/\/agora.xtec.cat\/escolapauvila\/wp-content\/uploads\/usu1565\/2022\/03\/art1-1536x1152.jpg 1536w, https:\/\/agora.xtec.cat\/escolapauvila\/wp-content\/uploads\/usu1565\/2022\/03\/art1-2048x1536.jpg 2048w, https:\/\/agora.xtec.cat\/escolapauvila\/wp-content\/uploads\/usu1565\/2022\/03\/art1-200x150.jpg 200w\" sizes=\"auto, (max-width: 589px) 100vw, 589px\" \/><\/a><\/p>\n","protected":false},"excerpt":{"rendered":"<p>AQUESTA SETMANA ELS COLORS I LES LLUMS HEM ANAT AL PIS DELS NENS I NENES GRANS A VISITAR LA SEGONA EXPOSICI\u00d3 DE L&#8217;ESCOLA, RELACIONADA AMB L&#8217;ART.\u00a0<br \/>\nL&#8217;OBJECTIU DE VISITAR L&#8217;EXPOSICI\u00d3 HA ESTAT OBSERVAR, DESCOBRIR I REFLEXIONAR SOBRE EL QU\u00c8 HI HAVIA A LES DIFERENTS CAPSES DE&hellip;  <a href=\"https:\/\/agora.xtec.cat\/escolapauvila\/general\/pauvilart-experimentem-amb-lart\/\" title=\"Read PAUVILART: EXPERIMENTEM AMB L&#8217;ART\">Llegeix m\u00e9s\u00bb<\/a><\/p>\n","protected":false},"author":1,"featured_media":8411,"comment_status":"open","ping_status":"closed","sticky":false,"template":"","format":"standard","meta":{"_bbp_topic_count":0,"_bbp_reply_count":0,"_bbp_total_topic_count":0,"_bbp_total_reply_count":0,"_bbp_voice_count":0,"_bbp_anonymous_reply_count":0,"_bbp_topic_count_hidden":0,"_bbp_reply_count_hidden":0,"_bbp_forum_subforum_count":0,"footnotes":""},"categories":[2,3,1],"tags":[211,212,210,229],"class_list":["post-8410","post","type-post","status-publish","format-standard","has-post-thumbnail","hentry","category-petits","category-ei3","category-general","tag-ei3a21-22","tag-ei3b21-22","tag-nascuts2018","tag-pauvilart"],"post_mailing_queue_ids":[],"_links":{"self":[{"href":"https:\/\/agora.xtec.cat\/escolapauvila\/wp-json\/wp\/v2\/posts\/8410","targetHints":{"allow":["GET"]}}],"collection":[{"href":"https:\/\/agora.xtec.cat\/escolapauvila\/wp-json\/wp\/v2\/posts"}],"about":[{"href":"https:\/\/agora.xtec.cat\/escolapauvila\/wp-json\/wp\/v2\/types\/post"}],"author":[{"embeddable":true,"href":"https:\/\/agora.xtec.cat\/escolapauvila\/wp-json\/wp\/v2\/users\/1"}],"replies":[{"embeddable":true,"href":"https:\/\/agora.xtec.cat\/escolapauvila\/wp-json\/wp\/v2\/comments?post=8410"}],"version-history":[{"count":3,"href":"https:\/\/agora.xtec.cat\/escolapauvila\/wp-json\/wp\/v2\/posts\/8410\/revisions"}],"predecessor-version":[{"id":8421,"href":"https:\/\/agora.xtec.cat\/escolapauvila\/wp-json\/wp\/v2\/posts\/8410\/revisions\/8421"}],"wp:featuredmedia":[{"embeddable":true,"href":"https:\/\/agora.xtec.cat\/escolapauvila\/wp-json\/wp\/v2\/media\/8411"}],"wp:attachment":[{"href":"https:\/\/agora.xtec.cat\/escolapauvila\/wp-json\/wp\/v2\/media?parent=8410"}],"wp:term":[{"taxonomy":"category","embeddable":true,"href":"https:\/\/agora.xtec.cat\/escolapauvila\/wp-json\/wp\/v2\/categories?post=8410"},{"taxonomy":"post_tag","embeddable":true,"href":"https:\/\/agora.xtec.cat\/escolapauvila\/wp-json\/wp\/v2\/tags?post=8410"}],"curies":[{"name":"wp","href":"https:\/\/api.w.org\/{rel}","templated":true}]}}