{"id":8373,"date":"2022-03-18T10:27:38","date_gmt":"2022-03-18T09:27:38","guid":{"rendered":"https:\/\/agora.xtec.cat\/escolapauvila\/?p=8373"},"modified":"2022-03-18T10:27:38","modified_gmt":"2022-03-18T09:27:38","slug":"foment-lector","status":"publish","type":"post","link":"https:\/\/agora.xtec.cat\/escolapauvila\/petits\/foment-lector\/","title":{"rendered":"FOMENT LECTOR"},"content":{"rendered":"<p><span style=\"font-weight: 400;\">HI HA MOMENTS EN EL DIA A DIA DE L\u2019ESCOLA QUE PODEN ARRIBAR A PASSAR DE MANERA DESAPERCEBUDA. AQUESTA ENTRADA AL BLOG PRET\u00c9N\u00a0 REIVINDICAR EL VALOR EDUCATIU DE LES ESTONES DE <\/span><b>LECTURA COMPARTIDA.<\/b><span style=\"font-weight: 400;\"> CAL TRANSMETRE QUE DARRERE D\u2019ELLES HI HA UNA REFLEXI\u00d3 PEDAG\u00d2GICA QUE IMPLICA QUE AQUESTES ESTIGUIN PENSADES I ORGANITZADES, PER TAL D&#8217;ACONSEGUIR UN OBJECTIU EDUCATIU:\u00a0 EL <\/span><b>FOMENT LECTOR<\/b><span style=\"font-weight: 400;\"> DELS NOSTRES NENS I NENES.<\/span><\/p>\n<p><a href=\"https:\/\/agora.xtec.cat\/escolapauvila\/wp-content\/uploads\/usu1565\/2022\/03\/IMG_9557.jpg\"><img loading=\"lazy\" decoding=\"async\" class=\"alignnone size-large wp-image-8374\" src=\"https:\/\/agora.xtec.cat\/escolapauvila\/wp-content\/uploads\/usu1565\/2022\/03\/IMG_9557-1024x446.jpg\" alt=\"\" width=\"1024\" height=\"446\" srcset=\"https:\/\/agora.xtec.cat\/escolapauvila\/wp-content\/uploads\/usu1565\/2022\/03\/IMG_9557-1024x446.jpg 1024w, https:\/\/agora.xtec.cat\/escolapauvila\/wp-content\/uploads\/usu1565\/2022\/03\/IMG_9557-300x131.jpg 300w, https:\/\/agora.xtec.cat\/escolapauvila\/wp-content\/uploads\/usu1565\/2022\/03\/IMG_9557-768x335.jpg 768w, https:\/\/agora.xtec.cat\/escolapauvila\/wp-content\/uploads\/usu1565\/2022\/03\/IMG_9557-1536x669.jpg 1536w, https:\/\/agora.xtec.cat\/escolapauvila\/wp-content\/uploads\/usu1565\/2022\/03\/IMG_9557-2048x892.jpg 2048w\" sizes=\"auto, (max-width: 1024px) 100vw, 1024px\" \/><\/a><\/p>\n<p><span style=\"font-weight: 400;\">S\u00d3N MOLTS ELS MOMENTS EN ELS QUALS PODEM GAUDIR DE LA NOSTRA <\/span><b>BIBLIOTECA D\u2019AULA<\/b><span style=\"font-weight: 400;\">.<\/span><\/p>\n<p>&nbsp;<\/p>\n<p><span style=\"font-weight: 400;\">GR\u00c0CIES A LA BIBLIOTECA DE L\u2019ESCOLA, DISPOSEM D\u2019UNA GRAN DIVERSITAT DE TIPOLOGIES DE LLIBRES DELS QUALS ENS ANEM NODRINT.<\/span><\/p>\n<p>&nbsp;<\/p>\n<p><span style=\"font-weight: 400;\">AQUEST CALAIX DE LLIBRES I CONTES ENS ACOMPANYEN\u00a0 A DIARI, I S\u00d3N MOLTS ELS BENEFICIS QUE ENS APORTEN.\u00a0<\/span><\/p>\n<p>&nbsp;<\/p>\n<p><span style=\"font-weight: 400;\">EN LES ETAPES\u00a0 PRIMERENQUES EL\u00a0 NOSTRE PRINCIPAL OBJECTIU \u00c9S ACONSEGUIR QUE ELS INFANTS ES VINCULIN ALS LLIBRES I A LES ESTONES DE LECTURA COMPARTIDA AMB UN VINCLE BASAT EN EL <\/span><b>GAUDIR<\/b><span style=\"font-weight: 400;\">.\u00a0<\/span><\/p>\n<p>&nbsp;<\/p>\n<p><span style=\"font-weight: 400;\">VOLEM QUE ASSOCI\u00cfN\u00a0 LA LECTURA AMB UNA EXPERI\u00c8NCIA POSITIVA. PER AQUEST MOTIU, ELLS\/ELLES, DE MANERA LLIURE I AUT\u00d2NOMA, TRIEN LA SEVA LECTURA I LA COMPARTEIXEN AMB UN COMPANY\/A, O B\u00c9, LA GAUDEIXEN DE MANERA INDIVIDUAL.<\/span><\/p>\n<p>&nbsp;<\/p>\n<p><span style=\"font-weight: 400;\">RESULTEN MOLT GRATIFICANTS LES <\/span><b>COMPLICITATS<\/b><span style=\"font-weight: 400;\"> QUE ES GENEREN ENTRE EL GRUP I EL <\/span><b>VALOR EMOCIONAL<\/b><span style=\"font-weight: 400;\"> D\u2019AQUESTES ESTONES DE LECTURA AMB ELS\/LES COMPANYS\/ES.<\/span><\/p>\n<p>&nbsp;<\/p>\n<p><span style=\"font-weight: 400;\">US DEIXEM UN ENLLA\u00c7 QUE RECULL ELS BENEFICIS NEUROL\u00d2GICS DE LES LECTURES COMPARTIDES, I US ENGRESQUEM A FOMENTAR TAMB\u00c9 AQUESTS ESPAIS EN LA VOSTRA VIV\u00c8NCIA A CASA.<\/span><\/p>\n<p>&nbsp;<\/p>\n<p><a href=\"https:\/\/cuentosparacrecer.org\/blog\/beneficios-neurologicos-de-la-lectura-en-voz-alta\/\"><span style=\"font-weight: 400;\">https:\/\/cuentosparacrecer.org\/blog\/beneficios-neurologicos-de-la-lectura-en-voz-alta\/<\/span><\/a><\/p>\n<p>&nbsp;<\/p>\n","protected":false},"excerpt":{"rendered":"<p>HI HA MOMENTS EN EL DIA A DIA DE L\u2019ESCOLA QUE PODEN ARRIBAR A PASSAR DE MANERA DESAPERCEBUDA. AQUESTA ENTRADA AL BLOG PRET\u00c9N\u00a0 REIVINDICAR EL VALOR EDUCATIU DE LES ESTONES DE LECTURA COMPARTIDA. CAL TRANSMETRE QUE DARRERE D\u2019ELLES HI HA UNA REFLEXI\u00d3 PEDAG\u00d2GICA QUE IMPLICA&hellip;  <a href=\"https:\/\/agora.xtec.cat\/escolapauvila\/petits\/foment-lector\/\" title=\"Read FOMENT LECTOR\">Llegeix m\u00e9s\u00bb<\/a><\/p>\n","protected":false},"author":1,"featured_media":8374,"comment_status":"open","ping_status":"closed","sticky":false,"template":"","format":"standard","meta":{"_bbp_topic_count":0,"_bbp_reply_count":0,"_bbp_total_topic_count":0,"_bbp_total_reply_count":0,"_bbp_voice_count":0,"_bbp_anonymous_reply_count":0,"_bbp_topic_count_hidden":0,"_bbp_reply_count_hidden":0,"_bbp_forum_subforum_count":0,"footnotes":""},"categories":[2,9],"tags":[224,225],"class_list":["post-8373","post","type-post","status-publish","format-standard","has-post-thumbnail","hentry","category-petits","category-ei5","tag-ei5a21-22","tag-ei5b21-22"],"post_mailing_queue_ids":[],"_links":{"self":[{"href":"https:\/\/agora.xtec.cat\/escolapauvila\/wp-json\/wp\/v2\/posts\/8373","targetHints":{"allow":["GET"]}}],"collection":[{"href":"https:\/\/agora.xtec.cat\/escolapauvila\/wp-json\/wp\/v2\/posts"}],"about":[{"href":"https:\/\/agora.xtec.cat\/escolapauvila\/wp-json\/wp\/v2\/types\/post"}],"author":[{"embeddable":true,"href":"https:\/\/agora.xtec.cat\/escolapauvila\/wp-json\/wp\/v2\/users\/1"}],"replies":[{"embeddable":true,"href":"https:\/\/agora.xtec.cat\/escolapauvila\/wp-json\/wp\/v2\/comments?post=8373"}],"version-history":[{"count":1,"href":"https:\/\/agora.xtec.cat\/escolapauvila\/wp-json\/wp\/v2\/posts\/8373\/revisions"}],"predecessor-version":[{"id":8375,"href":"https:\/\/agora.xtec.cat\/escolapauvila\/wp-json\/wp\/v2\/posts\/8373\/revisions\/8375"}],"wp:featuredmedia":[{"embeddable":true,"href":"https:\/\/agora.xtec.cat\/escolapauvila\/wp-json\/wp\/v2\/media\/8374"}],"wp:attachment":[{"href":"https:\/\/agora.xtec.cat\/escolapauvila\/wp-json\/wp\/v2\/media?parent=8373"}],"wp:term":[{"taxonomy":"category","embeddable":true,"href":"https:\/\/agora.xtec.cat\/escolapauvila\/wp-json\/wp\/v2\/categories?post=8373"},{"taxonomy":"post_tag","embeddable":true,"href":"https:\/\/agora.xtec.cat\/escolapauvila\/wp-json\/wp\/v2\/tags?post=8373"}],"curies":[{"name":"wp","href":"https:\/\/api.w.org\/{rel}","templated":true}]}}