{"id":8353,"date":"2022-03-21T16:09:57","date_gmt":"2022-03-21T15:09:57","guid":{"rendered":"https:\/\/agora.xtec.cat\/escolapauvila\/?p=8353"},"modified":"2022-03-23T13:18:07","modified_gmt":"2022-03-23T12:18:07","slug":"2a-guerra-ruso-ucrainesa","status":"publish","type":"post","link":"https:\/\/agora.xtec.cat\/escolapauvila\/general\/2a-guerra-ruso-ucrainesa\/","title":{"rendered":"2a guerra ruso-ucrainesa"},"content":{"rendered":"<p>Parlem de segona guerra entre R\u00fassia i Ucra\u00efna perqu\u00e8 considerem la primera guerra &#8220;la crisi de Crimea&#8221;, l&#8217;any 2014.<\/p>\n<p>Per saber com va comen\u00e7ar la guerra, ens hem d&#8217;anar al 25 de desembre del 1991 quan va caure la Uni\u00f3 Sovi\u00e8tica. Llavors es van independitzar molts pa\u00efsos, entre ells R\u00fassia i Ucra\u00efna.<\/p>\n<p>R\u00fassia va instaurar un president pro-r\u00fas a Ucra\u00efna.<\/p>\n<p>El 23 de febrer del 2014 va comen\u00e7ar la crisi de Crimea. Aquesta crisi tractava de qu\u00e8 la pen\u00ednsula de Crimea (Ucra\u00efna) volia formar part de R\u00fassia.<\/p>\n<p>Llavors R\u00fassia va envair la pen\u00ednsula de Crimea.<\/p>\n<p>Llavors van comen\u00e7ar una s\u00e8rie de protestes per tota Ucra\u00efna i va comen\u00e7ar una mini guerra civil on els Ucra\u00efnesos van treure aquest president pro-r\u00fas i van posar de president a Volod\u00edmir Zelenski.<\/p>\n<p><span style=\"color: #0000ff;\"><em>Per\u00f2 qu\u00e8 vol aconseguir R\u00fassia amb la guerra?<\/em><\/span><\/p>\n<p>Vol aconseguir que Ucra\u00efna no s&#8217;uneixi a l&#8217;OTAN ni a la Uni\u00f3 Europea, instaurar un president pro-r\u00fas, tenir m\u00e9s control amb el gas que exporta a Ucra\u00efna i la independ\u00e8ncia de les Rep\u00fabliques de Donetsk i Lugansk.<\/p>\n<p><span style=\"color: #0000ff;\"><em>Com va la guerra?<\/em><\/span><\/p>\n<p>R\u00fassia ja tenia tropes a Crimea, Donetsk, Lugansk i a Bielor\u00fassia. Per Crimea estan avan\u00e7ant cap a Mariupol i Odesa (capitals de regi\u00f3 d&#8217;Ucra\u00efna). Pel Donb\u00e0s estan avan\u00e7ant cap a Mariupol, Dnipro i J\u00e0rkov. Per la frontera\u00a0 de R\u00fassia i Ucra\u00efna cap a Sumy, Xernigov, Konotop, Poltava i Kiev. Pel frent Bielorr\u00fas el mateix.<\/p>\n<p>Els altres pa\u00efsos han imposat sancions a R\u00fassia, com per exemple: treure empresses Russes del seu pa\u00eds.<\/p>\n<p>SI VOLEU INFORMAR-VOS MILLOR, MIREU AQUEST V\u00cdDEO<iframe loading=\"lazy\" src=\"https:\/\/www.ccma.cat\/video\/embed\/super3\/6147083\/\" width=\"500px\" height=\"281px\" frameborder=\"0\" scrolling=\"no\" allowfullscreen=\"allowfullscreen\"><\/iframe><\/p>\n<p>&nbsp;<\/p>\n<p><img loading=\"lazy\" decoding=\"async\" class=\"\" src=\"https:\/\/images.scribblelive.com\/2022\/3\/14\/6ab4db39-d3b5-4245-9980-9f797c5064bc.jpg\" alt=\"En directo: \u00daltima hora de la invasi\u00f3n de Rusia a Ucrania | El Correo\" width=\"520\" height=\"292\" \/><\/p>\n","protected":false},"excerpt":{"rendered":"<p>Parlem de segona guerra entre R\u00fassia i Ucra\u00efna perqu\u00e8 considerem la primera guerra &#8220;la crisi de Crimea&#8221;, l&#8217;any 2014.<br \/>\nPer saber com va comen\u00e7ar la guerra, ens hem d&#8217;anar al 25 de desembre del 1991 quan va caure la Uni\u00f3 Sovi\u00e8tica. Llavors es van independitzar molts&hellip;  <a href=\"https:\/\/agora.xtec.cat\/escolapauvila\/general\/2a-guerra-ruso-ucrainesa\/\" title=\"Read 2a guerra ruso-ucrainesa\">Llegeix m\u00e9s\u00bb<\/a><\/p>\n","protected":false},"author":32,"featured_media":0,"comment_status":"open","ping_status":"closed","sticky":false,"template":"","format":"standard","meta":{"_bbp_topic_count":0,"_bbp_reply_count":0,"_bbp_total_topic_count":0,"_bbp_total_reply_count":0,"_bbp_voice_count":0,"_bbp_anonymous_reply_count":0,"_bbp_topic_count_hidden":0,"_bbp_reply_count_hidden":0,"_bbp_forum_subforum_count":0,"footnotes":""},"categories":[14,61,1],"tags":[234,216,90],"class_list":["post-8353","post","type-post","status-publish","format-standard","hentry","category-5e","category-grans","category-general","tag-5eb21-22","tag-comunitat-grans","tag-nascuts2011"],"post_mailing_queue_ids":[],"_links":{"self":[{"href":"https:\/\/agora.xtec.cat\/escolapauvila\/wp-json\/wp\/v2\/posts\/8353","targetHints":{"allow":["GET"]}}],"collection":[{"href":"https:\/\/agora.xtec.cat\/escolapauvila\/wp-json\/wp\/v2\/posts"}],"about":[{"href":"https:\/\/agora.xtec.cat\/escolapauvila\/wp-json\/wp\/v2\/types\/post"}],"author":[{"embeddable":true,"href":"https:\/\/agora.xtec.cat\/escolapauvila\/wp-json\/wp\/v2\/users\/32"}],"replies":[{"embeddable":true,"href":"https:\/\/agora.xtec.cat\/escolapauvila\/wp-json\/wp\/v2\/comments?post=8353"}],"version-history":[{"count":3,"href":"https:\/\/agora.xtec.cat\/escolapauvila\/wp-json\/wp\/v2\/posts\/8353\/revisions"}],"predecessor-version":[{"id":8404,"href":"https:\/\/agora.xtec.cat\/escolapauvila\/wp-json\/wp\/v2\/posts\/8353\/revisions\/8404"}],"wp:attachment":[{"href":"https:\/\/agora.xtec.cat\/escolapauvila\/wp-json\/wp\/v2\/media?parent=8353"}],"wp:term":[{"taxonomy":"category","embeddable":true,"href":"https:\/\/agora.xtec.cat\/escolapauvila\/wp-json\/wp\/v2\/categories?post=8353"},{"taxonomy":"post_tag","embeddable":true,"href":"https:\/\/agora.xtec.cat\/escolapauvila\/wp-json\/wp\/v2\/tags?post=8353"}],"curies":[{"name":"wp","href":"https:\/\/api.w.org\/{rel}","templated":true}]}}