{"id":8342,"date":"2022-03-21T13:50:59","date_gmt":"2022-03-21T12:50:59","guid":{"rendered":"https:\/\/agora.xtec.cat\/escolapauvila\/?p=8342"},"modified":"2022-03-31T13:55:55","modified_gmt":"2022-03-31T11:55:55","slug":"4t-sortida-al-parc-astronomic-del-garraf","status":"publish","type":"post","link":"https:\/\/agora.xtec.cat\/escolapauvila\/general\/4t-sortida-al-parc-astronomic-del-garraf\/","title":{"rendered":"4t. Sortida al parc astron\u00f2mic del Garraf"},"content":{"rendered":"<p>El dijous 10 de mar\u00e7 els nens i nenes de 4t vam fer una sortida molt interessant al parc astron\u00f2mic del Garraf.<a href=\"https:\/\/agora.xtec.cat\/escolapauvila\/wp-content\/uploads\/usu1565\/2022\/03\/IMG_0037-scaled.jpg\"><img loading=\"lazy\" decoding=\"async\" class=\"wp-image-8376 aligncenter\" src=\"https:\/\/agora.xtec.cat\/escolapauvila\/wp-content\/uploads\/usu1565\/2022\/03\/IMG_0037-768x1024.jpg\" alt=\"\" width=\"371\" height=\"495\" srcset=\"https:\/\/agora.xtec.cat\/escolapauvila\/wp-content\/uploads\/usu1565\/2022\/03\/IMG_0037-768x1024.jpg 768w, https:\/\/agora.xtec.cat\/escolapauvila\/wp-content\/uploads\/usu1565\/2022\/03\/IMG_0037-225x300.jpg 225w, https:\/\/agora.xtec.cat\/escolapauvila\/wp-content\/uploads\/usu1565\/2022\/03\/IMG_0037-1152x1536.jpg 1152w, https:\/\/agora.xtec.cat\/escolapauvila\/wp-content\/uploads\/usu1565\/2022\/03\/IMG_0037-1536x2048.jpg 1536w, https:\/\/agora.xtec.cat\/escolapauvila\/wp-content\/uploads\/usu1565\/2022\/03\/IMG_0037-scaled.jpg 1920w\" sizes=\"auto, (max-width: 371px) 100vw, 371px\" \/><\/a><\/p>\n<p>All\u00e0 vam con\u00e8ixer la Rat i en Carles i vam poder aprendre conceptes molt rics sobre el nostre sistema solar i els planetes que el conformen.<\/p>\n<p>Vam fer diferents activitats. Aprendre com es mesura en escala, la dist\u00e0ncia que es troben, els diferents planetes respecte al sol, observar al planetari els estels, les constel\u00b7lacions i la lluna, aprendre els moviments de la Terra, la Lluna, com es fan els eclipsi, i observar com \u00e9s un telescopi.<\/p>\n<p>El temps no ens va acompanyar gaire, per\u00f2 vam gaudir dels nous aprenentatges.<\/p>\n<p>A continuaci\u00f3 teniu un recull d&#8217;imatges de la nostra sortida. Cliqueu\u00a0<a href=\"https:\/\/photos.app.goo.gl\/YzigSydPkNeoqskG9\" target=\"_blank\" rel=\"noopener\">https:\/\/photos.app.goo.gl\/YzigSydPkNeoqskG9<\/a><\/p>\n<p><a href=\"https:\/\/photos.app.goo.gl\/va5JZpSZJGQEz2gG7\">https:\/\/photos.app.goo.gl\/va5JZpSZJGQEz2gG7<\/a><\/p>\n<p>&nbsp;<\/p>\n<p>&nbsp;<\/p>\n","protected":false},"excerpt":{"rendered":"<p>El dijous 10 de mar\u00e7 els nens i nenes de 4t vam fer una sortida molt interessant al parc astron\u00f2mic del Garraf.<a href=\"https:\/\/agora.xtec.cat\/escolapauvila\/wp-content\/uploads\/usu1565\/2022\/03\/IMG_0037-scaled.jpg\"><\/a><br \/>\nAll\u00e0 vam con\u00e8ixer la Rat i en Carles i vam poder aprendre conceptes molt rics sobre el nostre sistema solar i els planetes&hellip;  <a href=\"https:\/\/agora.xtec.cat\/escolapauvila\/general\/4t-sortida-al-parc-astronomic-del-garraf\/\" title=\"Read 4t. Sortida al parc astron\u00f2mic del Garraf\">Llegeix m\u00e9s\u00bb<\/a><\/p>\n","protected":false},"author":69,"featured_media":8376,"comment_status":"open","ping_status":"closed","sticky":false,"template":"","format":"standard","meta":{"_bbp_topic_count":0,"_bbp_reply_count":0,"_bbp_total_topic_count":0,"_bbp_total_reply_count":0,"_bbp_voice_count":0,"_bbp_anonymous_reply_count":0,"_bbp_topic_count_hidden":0,"_bbp_reply_count_hidden":0,"_bbp_forum_subforum_count":0,"footnotes":""},"categories":[13,61,1,4],"tags":[16],"class_list":["post-8342","post","type-post","status-publish","format-standard","has-post-thumbnail","hentry","category-4t","category-grans","category-general","category-portada","tag-sortides"],"post_mailing_queue_ids":[],"_links":{"self":[{"href":"https:\/\/agora.xtec.cat\/escolapauvila\/wp-json\/wp\/v2\/posts\/8342","targetHints":{"allow":["GET"]}}],"collection":[{"href":"https:\/\/agora.xtec.cat\/escolapauvila\/wp-json\/wp\/v2\/posts"}],"about":[{"href":"https:\/\/agora.xtec.cat\/escolapauvila\/wp-json\/wp\/v2\/types\/post"}],"author":[{"embeddable":true,"href":"https:\/\/agora.xtec.cat\/escolapauvila\/wp-json\/wp\/v2\/users\/69"}],"replies":[{"embeddable":true,"href":"https:\/\/agora.xtec.cat\/escolapauvila\/wp-json\/wp\/v2\/comments?post=8342"}],"version-history":[{"count":3,"href":"https:\/\/agora.xtec.cat\/escolapauvila\/wp-json\/wp\/v2\/posts\/8342\/revisions"}],"predecessor-version":[{"id":8435,"href":"https:\/\/agora.xtec.cat\/escolapauvila\/wp-json\/wp\/v2\/posts\/8342\/revisions\/8435"}],"wp:featuredmedia":[{"embeddable":true,"href":"https:\/\/agora.xtec.cat\/escolapauvila\/wp-json\/wp\/v2\/media\/8376"}],"wp:attachment":[{"href":"https:\/\/agora.xtec.cat\/escolapauvila\/wp-json\/wp\/v2\/media?parent=8342"}],"wp:term":[{"taxonomy":"category","embeddable":true,"href":"https:\/\/agora.xtec.cat\/escolapauvila\/wp-json\/wp\/v2\/categories?post=8342"},{"taxonomy":"post_tag","embeddable":true,"href":"https:\/\/agora.xtec.cat\/escolapauvila\/wp-json\/wp\/v2\/tags?post=8342"}],"curies":[{"name":"wp","href":"https:\/\/api.w.org\/{rel}","templated":true}]}}