{"id":8321,"date":"2022-03-14T11:58:54","date_gmt":"2022-03-14T10:58:54","guid":{"rendered":"https:\/\/agora.xtec.cat\/escolapauvila\/?p=8321"},"modified":"2022-03-14T15:30:41","modified_gmt":"2022-03-14T14:30:41","slug":"carnestoltes-3","status":"publish","type":"post","link":"https:\/\/agora.xtec.cat\/escolapauvila\/general\/carnestoltes-3\/","title":{"rendered":"Carnestoltes"},"content":{"rendered":"<p><span style=\"font-family: 'comic sans ms', sans-serif; color: #3366ff;\"><strong>El divendres 18 va arribar el nostre Carnastoltes tan estimat. <span style=\"color: #ff0000;\">Ens va dir quatre consignes: <\/span><\/strong><\/span><\/p>\n<ul>\n<li><span style=\"font-family: 'comic sans ms', sans-serif; color: #3366ff;\"><strong><span style=\"color: #ff6600;\">Si un dilluns el carnaval a la escola vols comen\u00e7ar vine com si t&#8217;acabessis de llevar <span style=\"font-size: 1em;\">i recorda: <\/span><\/span><\/strong><\/span><strong style=\"color: #ff6600; font-family: 'comic sans ms', sans-serif; font-size: 1em;\"><span style=\"font-size: 1em;\">Un pijama ben buf\u00f3 sempre \u00e9s una bona opci\u00f3.\ud83d\ude3a\ud83d\ude3a<\/span><\/strong><\/li>\n<li><span style=\"font-family: 'comic sans ms', sans-serif; color: #cc99ff;\"><strong>El dimarts d&#8217;un ofici haur\u00e0s de venir.\ud83d\udc3e\ud83d\udc3e<\/strong><\/span><\/li>\n<li><span style=\"font-family: 'comic sans ms', sans-serif; color: #339966;\"><strong>Si el dimecres a l&#8217;escola vols venir tot el teu cap haur\u00e0s de guarnir.\u2702\u2702<\/strong><\/span><\/li>\n<li><span style=\"font-family: 'comic sans ms', sans-serif; color: #ffcc00;\"><strong>El dijous els armaris de casa\u00a0 hauras de remenar per saber que et posar\u00e0s.\ud83c\udf83\ud83c\udf83<\/strong><\/span><\/li>\n<\/ul>\n<p><span style=\"font-family: 'comic sans ms', sans-serif; color: #00ccff;\">Nosaltres vam fer mascares de personatges de c\u00f3mic i l&#8217;altre classe va fer mascares de cinema.<\/span><\/p>\n<p><span style=\"color: #00ccff; font-family: 'comic sans ms', sans-serif;\">Les vam fer amb guix, a l\u00b4hora de decorar vam utilitzar goma eva i cartr\u00f3. Ens vam passar molts dies.<\/span><\/p>\n<p><span style=\"font-family: 'comic sans ms', sans-serif; color: #00ccff;\">Al final vam donar un comiat fort als delegats i vam ballar i jugar.\u2728\u2728<\/span><\/p>\n<p><iframe loading=\"lazy\" src=\"\/\/giphy.com\/embed\/AcfTF7tyikWyroP0x7\" width=\"480\" height=\"270\" frameborder=\"0\" allowfullscreen=\"allowfullscreen\"><\/iframe><iframe loading=\"lazy\" src=\"\/\/giphy.com\/embed\/sIIhZliB2McAo\" width=\"480\" height=\"304\" frameborder=\"0\" allowfullscreen=\"allowfullscreen\"><\/iframe>\u00a0 <span style=\"color: #ff99cc; font-family: 'comic sans ms', sans-serif;\">De 5\u00e8 A<\/span><\/p>\n","protected":false},"excerpt":{"rendered":"<p>El divendres 18 va arribar el nostre Carnastoltes tan estimat. Ens va dir quatre consignes: <\/p>\n<ul>\n<li>Si un dilluns el carnaval a la escola vols comen\u00e7ar vine com si t&#8217;acabessis de llevar i recorda: Un pijama ben buf\u00f3 sempre \u00e9s una bona opci\u00f3.\ud83d\ude3a\ud83d\ude3a<\/li>\n<li>El dimarts d&#8217;un ofici&hellip;  <a href=\"https:\/\/agora.xtec.cat\/escolapauvila\/general\/carnestoltes-3\/\" title=\"Read Carnestoltes\">Llegeix m\u00e9s\u00bb<\/a><br \/>\n","protected":false},"author":32,"featured_media":0,"comment_status":"open","ping_status":"closed","sticky":false,"template":"","format":"standard","meta":{"_bbp_topic_count":0,"_bbp_reply_count":0,"_bbp_total_topic_count":0,"_bbp_total_reply_count":0,"_bbp_voice_count":0,"_bbp_anonymous_reply_count":0,"_bbp_topic_count_hidden":0,"_bbp_reply_count_hidden":0,"_bbp_forum_subforum_count":0,"footnotes":""},"categories":[14,61,1],"tags":[235],"class_list":["post-8321","post","type-post","status-publish","format-standard","hentry","category-5e","category-grans","category-general","tag-5ea21-22"],"post_mailing_queue_ids":[],"_links":{"self":[{"href":"https:\/\/agora.xtec.cat\/escolapauvila\/wp-json\/wp\/v2\/posts\/8321","targetHints":{"allow":["GET"]}}],"collection":[{"href":"https:\/\/agora.xtec.cat\/escolapauvila\/wp-json\/wp\/v2\/posts"}],"about":[{"href":"https:\/\/agora.xtec.cat\/escolapauvila\/wp-json\/wp\/v2\/types\/post"}],"author":[{"embeddable":true,"href":"https:\/\/agora.xtec.cat\/escolapauvila\/wp-json\/wp\/v2\/users\/32"}],"replies":[{"embeddable":true,"href":"https:\/\/agora.xtec.cat\/escolapauvila\/wp-json\/wp\/v2\/comments?post=8321"}],"version-history":[{"count":3,"href":"https:\/\/agora.xtec.cat\/escolapauvila\/wp-json\/wp\/v2\/posts\/8321\/revisions"}],"predecessor-version":[{"id":8348,"href":"https:\/\/agora.xtec.cat\/escolapauvila\/wp-json\/wp\/v2\/posts\/8321\/revisions\/8348"}],"wp:attachment":[{"href":"https:\/\/agora.xtec.cat\/escolapauvila\/wp-json\/wp\/v2\/media?parent=8321"}],"wp:term":[{"taxonomy":"category","embeddable":true,"href":"https:\/\/agora.xtec.cat\/escolapauvila\/wp-json\/wp\/v2\/categories?post=8321"},{"taxonomy":"post_tag","embeddable":true,"href":"https:\/\/agora.xtec.cat\/escolapauvila\/wp-json\/wp\/v2\/tags?post=8321"}],"curies":[{"name":"wp","href":"https:\/\/api.w.org\/{rel}","templated":true}]}}